{"id":539,"date":"2012-06-11T15:26:55","date_gmt":"2012-06-11T15:26:55","guid":{"rendered":"https:\/\/agria.hu\/bdioda\/?p=539"},"modified":"2013-05-05T16:12:45","modified_gmt":"2013-05-05T16:12:45","slug":"a-viz-volt-az-ur","status":"publish","type":"post","link":"https:\/\/agria.hu\/bdioda\/2012\/06\/11\/a-viz-volt-az-ur\/","title":{"rendered":"A v\u00edz volt az \u00far"},"content":{"rendered":"<div class=\"fblikebutton_button\" style=\"float: right; margin-left: 10px;\"><iframe src=\"http:\/\/www.facebook.com\/plugins\/like.php?href=https%3A%2F%2Fagria.hu%2Fbdioda%2F2012%2F06%2F11%2Fa-viz-volt-az-ur%2F&amp;layout=standard&amp;show-faces=false&amp;width=450&amp;action=recommend&amp;colorscheme=dark\" scrolling=\"no\" frameborder=\"0\" allowTransparency=\"true\" style=\"border:none; overflow:hidden; width:450px; height:26px\"><\/iframe><\/div>\n<p style=\"text-align: justify\">\n<p style=\"text-align: justify\">\nT\u00f6bbsz\u00f6r is eszembe jutott Pet\u0151fi F\u00f6lt\u00e1madott a tenger c\u00edm\u0171 verse a Borsodn\u00e1dasdi XCO Kupa kapcs\u00e1n (elvont egy asszoci\u00e1ci\u00f3, de az agyam ezt &#8222;dobta ki&#8221;). A rendezv\u00e9ny el\u0151tti napokban az\u00e9rt, mert mindenki az\u00e9rt im\u00e1dkozott, hogy az id\u0151j\u00e1r\u00e1s kegyes legyen a versenyz\u0151kh\u00f6z, szervez\u0151kh\u00f6z. A szombati p\u00e1lyabej\u00e1r\u00e1skor m\u00e9g szinte k\u00e1nikul\u00e1ban tesztelhettek a hegyiker\u00e9kp\u00e1rosok, azt\u00e1n est\u00e9re csak megj\u00f6tt a v\u00edz, azaz az es\u0151. Nem is kev\u00e9s. <a href=\"https:\/\/agria.hu\/bdioda\/files\/2012\/06\/sajto_02_02.jpg\"><img loading=\"lazy\" decoding=\"async\" class=\"alignright size-medium wp-image-541\" src=\"https:\/\/agria.hu\/bdioda\/files\/2012\/06\/sajto_02_02-300x200.jpg\" alt=\"\" width=\"300\" height=\"200\" srcset=\"https:\/\/agria.hu\/bdioda\/files\/2012\/06\/sajto_02_02-300x200.jpg 300w, https:\/\/agria.hu\/bdioda\/files\/2012\/06\/sajto_02_02-1024x682.jpg 1024w, https:\/\/agria.hu\/bdioda\/files\/2012\/06\/sajto_02_02.jpg 1500w\" sizes=\"auto, (max-width: 300px) 100vw, 300px\" \/><\/a><br \/>\nA dagony\u00e1val h\u0151siesen k\u00fczd\u00f6ttek a versenyz\u0151k \u00e9s a programon dolgoz\u00f3 \u00f6nk\u00e9ntesek egyar\u00e1nt. B\u00e1rmennyire is megnehez\u00edtette a dolgukat az id\u0151j\u00e1r\u00e1s, \u00f6sszess\u00e9g\u00e9ben <a href=\"http:\/\/os.mti.hu\/hirek\/75834\/sportolok_es_onkentesek_diadala_borsodnadasdon\" target=\"_blank\">sikeresnek lehet tekinteni a M\u00e1t\u00e9hegyi \u00d6kopark \u00e9s Sportcentrum K\u00f6zhaszn\u00fa Egyes\u00fclet els\u0151 rendezv\u00e9ny\u00e9t<\/a>.<br \/>\nTapasztalat van b\u0151ven, lesz mib\u0151l tanulni, de ez \u00edgy van rendj\u00e9n. A sz\u00e1z f\u00f6l\u00f6tti indul\u00f3i l\u00e9tsz\u00e1m nem jelent kimagasl\u00f3 \u00e9rdekl\u0151d\u00e9st, de ha a t\u00e9m\u00e1t arr\u00f3l az oldalr\u00f3l vizsg\u00e1ljuk, hogy \u00faj p\u00e1ly\u00e1r\u00f3l van sz\u00f3, r\u00e1ad\u00e1sul \u00c9szakkelet-magyarorsz\u00e1g r\u00e9gi\u00f3ban, akkor el\u00e9gedettek lehetnek a rendez\u0151k. Lelkes szurkol\u00f3kb\u00f3l viszont p\u00e9ld\u00e1s l\u00e9tsz\u00e1mot mutathatnak fel \u00e9s az sem utols\u00f3 szempont!<br \/>\n<a href=\"https:\/\/agria.hu\/bdioda\/files\/2012\/06\/sajto_02_08.jpg\"><img loading=\"lazy\" decoding=\"async\" class=\"alignright size-medium wp-image-547\" src=\"https:\/\/agria.hu\/bdioda\/files\/2012\/06\/sajto_02_08-225x300.jpg\" alt=\"\" width=\"225\" height=\"300\" srcset=\"https:\/\/agria.hu\/bdioda\/files\/2012\/06\/sajto_02_08-225x300.jpg 225w, https:\/\/agria.hu\/bdioda\/files\/2012\/06\/sajto_02_08-768x1024.jpg 768w, https:\/\/agria.hu\/bdioda\/files\/2012\/06\/sajto_02_08.jpg 1061w\" sizes=\"auto, (max-width: 225px) 100vw, 225px\" \/><\/a>Civil felaj\u00e1nl\u00e1ssal busz sz\u00e1ll\u00edtotta fel az \u00e9rdekl\u0151d\u0151ket a M\u00e1t\u00e9hegyre. Sokan nem akart\u00e1k elhinni, hogy sem a buszos c\u00e9g, sem a hostess l\u00e1ny, sem a forgalomir\u00e1ny\u00edt\u00f3k, de m\u00e9g a mosd\u00f3t rendbe rak\u00f3 h\u00f6lgy sem kap j\u00f3 p\u00e9nzt a munk\u00e1j\u00e1\u00e9rt. Igen, k\u00e9rem, \u00f6nk\u00e9ntesek dolgoztak a rendezv\u00e9ny siker\u00e9\u00e9rt, tess\u00e9k csak elhinni! M\u00e1r a p\u00e1lya kialak\u00edt\u00e1sa is civilek kitart\u00e1s\u00e1t dics\u00e9ri\u2026 \u00e9s ekkor jutott eszembe ism\u00e9t a Pet\u0151fi vers. \u00d6sszefog\u00e1ssal nem csak rabig\u00e1t lehet ler\u00e1zni, \u00e9p\u00edteni is lehet (ok\u00e9, elismerem, kicsit \u00fagy hangzik, mint\u00a0a kommunista ut\u00f3pia, de ha a k\u00f6lt\u0151i t\u00falz\u00e1sokat lefaragjuk, igaz &#8211; szerintem. Rem\u00e9lem.).<br \/>\nRengetegen megfordultak a h\u00e9tv\u00e9g\u00e9n a borsodn\u00e1dasdi M\u00e1t\u00e9hegyen. Mindenki dics\u00e9rte a kedves fogadtat\u00e1st, a helyiek sz\u00edv\u00e9lyess\u00e9g\u00e9t \u00e9s nem utols\u00f3 sorban a fest\u0151i k\u00f6rnyezetet \u2013 meggy\u0151z\u0151d\u00e9sem, hogy ennek k\u00f6sz\u00f6nhet\u0151en sokan vissza is l\u00e1togatnak a borsodi kisv\u00e1rosba. A buszosokt\u00f3l is k\u00e9rtek el el\u00e9rhet\u0151s\u00e9get, mert kedves, szimpatikus emberekkel j\u00f3 egy\u00fctt dolgozni \u2013 megt\u00e9r\u00fcl a befektetett \u00f6nk\u00e9ntes munka \u00e9s felaj\u00e1nl\u00e1s. <a href=\"https:\/\/agria.hu\/bdioda\/files\/2012\/06\/sajto_02_05.jpg\"><img loading=\"lazy\" decoding=\"async\" class=\"alignright size-medium wp-image-544\" src=\"https:\/\/agria.hu\/bdioda\/files\/2012\/06\/sajto_02_05-300x199.jpg\" alt=\"\" width=\"300\" height=\"199\" srcset=\"https:\/\/agria.hu\/bdioda\/files\/2012\/06\/sajto_02_05-300x199.jpg 300w, https:\/\/agria.hu\/bdioda\/files\/2012\/06\/sajto_02_05-1024x682.jpg 1024w, https:\/\/agria.hu\/bdioda\/files\/2012\/06\/sajto_02_05.jpg 1499w\" sizes=\"auto, (max-width: 300px) 100vw, 300px\" \/><\/a><br \/>\nA sz\u00e1ll\u00e1sad\u00f3k is kitettek maguk\u00e9rt: a rendezv\u00e9nyt t\u00e1mogatt\u00e1k, hogy legyenek koncertek \u00e9s a vend\u00e9geket sz\u00ednvonalas ell\u00e1t\u00e1ssal fogadt\u00e1k. Sz\u00edvmelenget\u0151 volt olvasni egy biciklis besz\u00e1mol\u00f3j\u00e1t, aki a rendezv\u00e9ny kapcs\u00e1n a vend\u00e9gl\u00e1t\u00e1s j\u00f3 min\u0151s\u00e9g\u00e9t is megeml\u00edtette.<br \/>\nA v\u00edz volt az \u00far ezen a h\u00e9tv\u00e9g\u00e9n, nemcsak az es\u0151 k\u00e9p\u00e9ben. B\u00e1r a versenyz\u0151k el\u00e9gedetten \u00e9s elismer\u0151en nyilatkoztak a rendezv\u00e9nyr\u0151l, hi\u00e1nyoss\u00e1got jelentett, hogy nem k\u00e9sz\u00fclt el id\u0151re a zuhanyz\u00f3, a helyi iskol\u00e1ban lehetett a tiszt\u00e1lkod\u00e1st megoldani. A legt\u00f6bben m\u00e9gsem nehezteltek \u00e9rte. Legk\u00f6zelebb m\u00e1r meglesz az is.<br \/>\nNeh\u00e9z szinte semmib\u0151l \u00e9p\u00edteni \u00e9s ir\u00e1ny\u00edtani, \u00f6sszefogni sok-sok ember munk\u00e1j\u00e1t, hogy abb\u00f3l ne csak \u201ekatyvasz\u201d, de \u00e9rt\u00e9k is sz\u00fclessen. \u00c9n \u00fagy l\u00e1tom, a M\u00e1t\u00e9hegyi csapatnak ez siker\u00fclt. <a href=\"https:\/\/agria.hu\/bdioda\/files\/2012\/06\/sajto_02_07.jpg\"><img loading=\"lazy\" decoding=\"async\" class=\"alignright size-medium wp-image-546\" src=\"https:\/\/agria.hu\/bdioda\/files\/2012\/06\/sajto_02_07-199x300.jpg\" alt=\"\" width=\"199\" height=\"300\" srcset=\"https:\/\/agria.hu\/bdioda\/files\/2012\/06\/sajto_02_07-199x300.jpg 199w, https:\/\/agria.hu\/bdioda\/files\/2012\/06\/sajto_02_07-682x1024.jpg 682w, https:\/\/agria.hu\/bdioda\/files\/2012\/06\/sajto_02_07.jpg 999w\" sizes=\"auto, (max-width: 199px) 100vw, 199px\" \/><\/a><br \/>\nVoltak l\u00e1tv\u00e1nyos pillanatai a h\u00e9tv\u00e9g\u00e9nek, <a href=\"http:\/\/www.facebook.com\/media\/set\/?set=a.237694779667490.34172.100002809101139&amp;type=1\" target=\"_blank\">sok-sok fot\u00f3 <\/a>tan\u00faskodik a s\u00e1ros k\u00fczdelmekr\u0151l, sz\u00e1momra m\u00e9gis egy m\u00e1s momentum marad a legeml\u00e9kezetesebb. Az egyik fiatal \u00f6nk\u00e9ntest kamera el\u0151tt faggatt\u00e1k \u00e9s amikor elhangzott a k\u00e9rd\u00e9s, hogy \u00e9rez-e b\u00fcszkes\u00e9get, el\u0151sz\u00f6r kicsit f\u00e9lszegen lehajtotta a fej\u00e9t, majd sz\u00e9les mosollyal, pironkodva mondta, hogy igen\u2026<\/p>\n<p>Hangulatkelt\u0151\u00a0amat\u0151r video: katt<a href=\"http:\/\/www.youtube.com\/watch?feature=player_embedded&amp;v=YYi3bYlZGHE#!\" target=\"_blank\"> ide!<br \/>\n<\/a><\/p>\n","protected":false},"excerpt":{"rendered":"<p>T\u00f6bbsz\u00f6r is eszembe jutott Pet\u0151fi F\u00f6lt\u00e1madott a tenger c\u00edm\u0171 verse a Borsodn\u00e1dasdi XCO Kupa kapcs\u00e1n (elvont egy asszoci\u00e1ci\u00f3, de az agyam ezt &#8222;dobta ki&#8221;). A rendezv\u00e9ny el\u0151tti napokban az\u00e9rt, mert mindenki az\u00e9rt im\u00e1dkozott, hogy az id\u0151j\u00e1r\u00e1s kegyes legyen a versenyz\u0151kh\u00f6z, &hellip; <a href=\"https:\/\/agria.hu\/bdioda\/2012\/06\/11\/a-viz-volt-az-ur\/\">Egy kattint\u00e1s ide a folytat\u00e1shoz&#8230;. <span class=\"meta-nav\">&rarr;<\/span><\/a><\/p>\n","protected":false},"author":59,"featured_media":0,"comment_status":"open","ping_status":"open","sticky":false,"template":"","format":"standard","meta":{"footnotes":""},"categories":[1,16],"tags":[7,9,8,10],"class_list":["post-539","post","type-post","status-publish","format-standard","hentry","category-nincs-kategorizalva","category-okoskodos-megmondos","tag-borsodnadasd","tag-matehegy","tag-okopark","tag-xco"],"_links":{"self":[{"href":"https:\/\/agria.hu\/bdioda\/wp-json\/wp\/v2\/posts\/539","targetHints":{"allow":["GET"]}}],"collection":[{"href":"https:\/\/agria.hu\/bdioda\/wp-json\/wp\/v2\/posts"}],"about":[{"href":"https:\/\/agria.hu\/bdioda\/wp-json\/wp\/v2\/types\/post"}],"author":[{"embeddable":true,"href":"https:\/\/agria.hu\/bdioda\/wp-json\/wp\/v2\/users\/59"}],"replies":[{"embeddable":true,"href":"https:\/\/agria.hu\/bdioda\/wp-json\/wp\/v2\/comments?post=539"}],"version-history":[{"count":7,"href":"https:\/\/agria.hu\/bdioda\/wp-json\/wp\/v2\/posts\/539\/revisions"}],"predecessor-version":[{"id":780,"href":"https:\/\/agria.hu\/bdioda\/wp-json\/wp\/v2\/posts\/539\/revisions\/780"}],"wp:attachment":[{"href":"https:\/\/agria.hu\/bdioda\/wp-json\/wp\/v2\/media?parent=539"}],"wp:term":[{"taxonomy":"category","embeddable":true,"href":"https:\/\/agria.hu\/bdioda\/wp-json\/wp\/v2\/categories?post=539"},{"taxonomy":"post_tag","embeddable":true,"href":"https:\/\/agria.hu\/bdioda\/wp-json\/wp\/v2\/tags?post=539"}],"curies":[{"name":"wp","href":"https:\/\/api.w.org\/{rel}","templated":true}]}}