{"id":531,"date":"2012-06-07T14:03:57","date_gmt":"2012-06-07T14:03:57","guid":{"rendered":"https:\/\/agria.hu\/bdioda\/?p=531"},"modified":"2013-05-05T16:12:52","modified_gmt":"2013-05-05T16:12:52","slug":"meg-kettot-kell-aludni","status":"publish","type":"post","link":"https:\/\/agria.hu\/bdioda\/2012\/06\/07\/meg-kettot-kell-aludni\/","title":{"rendered":"M\u00e9g kett\u0151t kell aludni\u2026"},"content":{"rendered":"<div class=\"fblikebutton_button\" style=\"float: right; margin-left: 10px;\"><iframe src=\"http:\/\/www.facebook.com\/plugins\/like.php?href=https%3A%2F%2Fagria.hu%2Fbdioda%2F2012%2F06%2F07%2Fmeg-kettot-kell-aludni%2F&amp;layout=standard&amp;show-faces=false&amp;width=450&amp;action=recommend&amp;colorscheme=dark\" scrolling=\"no\" frameborder=\"0\" allowTransparency=\"true\" style=\"border:none; overflow:hidden; width:450px; height:26px\"><\/iframe><\/div>\n<p>&nbsp;<\/p>\n<p style=\"text-align: justify\">Heteket k\u00e9sz\u00fcltem a <a href=\"http:\/\/www.matehegy.cshost.hu\/\" target=\"_blank\">M\u00e1t\u00e9hegyi \u00d6kopark \u00e9s Sportcentrum <\/a>most k\u00f6vetkez\u0151 h\u00e9tv\u00e9g\u00e9j\u00e9re. Azon dolgoztam teljes lend\u00fclettel, hogy min\u00e9l sz\u00e9lesebb k\u00f6rben megismertessem ezt a civil szervezetet \u00e9s \u00f6nk\u00e9nteseik munk\u00e1j\u00e1t az emberekkel. Az Egyes\u00fclet j\u00fanius 9-10-\u00e9n rendezi az I. Borsodn\u00e1dasdi Ker\u00e9kp\u00e1ros Napok programot, melynek r\u00e9sze az orsz\u00e1gos XCO verseny is, az <a href=\"http:\/\/os.mti.hu\/hirek\/75688\/civil_sportcentrum_debutal_borsodnadasdon\" target=\"_blank\">I. Decathlon Borsodn\u00e1dasd Kupa<\/a>.<br \/>\n<a href=\"http:\/\/www.turizmusonline.hu\/aktualis\/cikk\/profik_teszteltek_a_borsodnadasdi_hegyikerekpar_palyat\" target=\"_blank\">Sajt\u00f3anyagokat<\/a> \u00edrtam, telefon\u00e1ltam, e-maileztem. Nem mindig volt egyszer\u0171. A k\u00e9t\u00e9ves l\u00e1nyom sokszor r\u00e1ngatta ki a telefont a kezemb\u0151l azzal, hogy \u0151 is akar a b\u00e1csival besz\u00e9lni, \u00e9s t\u00f6bbsz\u00f6r k\u00e9rtem eln\u00e9z\u00e9st az\u00e9rt is, mert a fiam \u00e9pp szalt\u00f3ztatni, aut\u00f3ztatni, vagy f\u00fcrdetni k\u00e9sz\u00fclt valamelyik kismacsk\u00e1t. Rettegtem, hogy valami botors\u00e1got k\u00fcld\u00f6k ki a T. Sajt\u00f3s Koll\u00e9g\u00e1knak, mert a gyerekeim j\u00f3 po\u00e9nnak tartott\u00e1k, hogy beleg\u00e9peljenek az irom\u00e1nyomba, m\u00edg \u00e9n te\u00e1t\/kaj\u00e1t csin\u00e1ltam nekik. Szerencs\u00e9mre a Rosszas\u00e1gok senkit sem zavartak, ink\u00e1bb megmosolyogtatt\u00e1k a vonal t\u00fals\u00f3 v\u00e9g\u00e9n l\u00e9v\u0151ket. Biztos volt olyan, aki sz\u00edvb\u0151l megsz\u00e1nta a dolgozni pr\u00f3b\u00e1l\u00f3 gyeses anyuk\u00e1t\u2026<br \/>\nA legkedvesebb tapasztalatom a <a href=\"http:\/\/www.sisakhuzat.hu\/#axzz1x7BnTGIM\" target=\"_blank\">sisakhuzat.hu <\/a>tulajdonos\u00e1val volt. Keller Gy\u00f6ngyi nev\u00e9t egy sikeres anyuk\u00e1kat bemutat\u00f3 versenyen l\u00e1ttam el\u0151sz\u00f6r, megfogott, hogy milyen \u00fcgyesen v\u00e1lt sikeres v\u00e1llalkoz\u00f3v\u00e1 kisgyermekes anyukak\u00e9nt. P\u00e9ldak\u00e9nt tekintettem r\u00e1: \u00edgy kellene nekem is, csak j\u00f3 lenne egy \u00f6tlet\u2026 A l\u00e9nyeg, hogy szponzor\u00e1ci\u00f3 miatt kerestem fel Gy\u00f6ngyit, akivel p\u00e1r perc m\u00falv\u00e1n m\u00e1r tegez\u0151dt\u00fcnk \u00e9s remek\u00fcl megbesz\u00e9lt\u00fck, hogyan tudunk egym\u00e1s haszn\u00e1ra lenni, mik\u00f6zben neki \u00e9pp tejcsizett a bab\u00e1ja, az \u00e9n l\u00e1nyom meg macsk\u00e1t babakocsiztatott.<br \/>\nM\u00e1s partnerek is kedvesen fogadtak, szinte alig akadt negat\u00edv tapasztalatom, ami a mai<a href=\"https:\/\/agria.hu\/bdioda\/files\/2012\/06\/szallas1.jpg\"><img loading=\"lazy\" decoding=\"async\" class=\"alignright size-full wp-image-533\" src=\"https:\/\/agria.hu\/bdioda\/files\/2012\/06\/szallas1.jpg\" alt=\"\" width=\"245\" height=\"446\" srcset=\"https:\/\/agria.hu\/bdioda\/files\/2012\/06\/szallas1.jpg 245w, https:\/\/agria.hu\/bdioda\/files\/2012\/06\/szallas1-164x300.jpg 164w\" sizes=\"auto, (max-width: 245px) 100vw, 245px\" \/><\/a> vil\u00e1gban nagyon ritka. \u00d6r\u00f6mmel t\u00f6lt\u00f6tt el, hogy amikor v\u00e9gigh\u00edvtam a borsodn\u00e1dasdi sz\u00e1ll\u00e1sad\u00f3kat, hogy t\u00e1mogass\u00e1k az I. Ker\u00e9kp\u00e1ros Napok \u00e9s az XCO Kupa megrendez\u00e9s\u00e9t, mindenki az \u00fcgy mell\u00e9 \u00e1llt. Meg\u00e9rtett\u00e9k, hogy nekik csak hasznuk sz\u00e1rmazik abb\u00f3l, ha a borsodi kisv\u00e1rosba \u00e9rkez\u0151 versenyz\u0151ket \u00e9s \u00e9rdekl\u0151d\u0151ket sz\u00f3rakoztat\u00f3 programokkal pr\u00f3b\u00e1ljuk marasztalni. A sz\u00e1ll\u00e1sad\u00f3knak k\u00f6sz\u00f6nhet\u0151en h\u00e1rom zenekar is fell\u00e9p majd szombaton: a Di\u00f3da, az egri Life in Progress \u00e9s a M\u00edtosz.<\/p>\n<p style=\"text-align: justify\">\u00c9rdemes lesz egy\u00e9bk\u00e9nt kil\u00e1togatni a M\u00e1t\u00e9hegyre, mert \u00edj\u00e1szbemutat\u00f3k, l\u00e1tv\u00e1nyos ker\u00e9kp\u00e1ros \u00fcgyess\u00e9gi verseny (hillclimb), sportfelszerel\u00e9s bemutat\u00f3 \u00e9s v\u00e1s\u00e1r is v\u00e1rja a nagy\u00e9rdem\u0171t.<\/p>\n<p>Nemcsak a programok miatt aj\u00e1nlott Borsodn\u00e1dasdra kir\u00e1ndulni. L\u00e1tni kell, mire jut a civil er\u0151, ha \u00f6sszefog! A bringap\u00e1ly\u00e1kon t\u00fal, az elm\u00falt hetekben \u00e9p\u00fcltek parkol\u00f3k, vizes blokkok, vend\u00e9gfogad\u00f3 pavilon, de m\u00e9g sz\u00ednpad is.<br \/>\nA fejl\u0151d\u00e9s hamarosan tov\u00e1bb folytat\u00f3dik, ugyanis az Egyes\u00fclet sikeresen p\u00e1ly\u00e1zott az \u00daj Sz\u00e9chenyi Terv keret\u00e9ben. T\u00f6bb, mint 9 milli\u00f3t nyertek, amib\u0151l \u00fajabb programokat val\u00f3s\u00edtanak meg, biciklit\u00e1rol\u00f3t \u00e9s egy\u00e9b infrastruktur\u00e1lis elemeket \u00e9p\u00edtenek, ker\u00e9kp\u00e1rokat v\u00e1s\u00e1rolnak.<br \/>\nSz\u00f3val m\u00e1r csak kett\u0151t alszunk. Rem\u00e9lem, j\u00f3l siker\u00fcl ez a h\u00e9tv\u00e9ge. Az eredm\u00e9nyess\u00e9g sokakban er\u0151s\u00edten\u00e9 meg azt a hitet, hogy \u00e9rdemes tenni, munk\u00e1t beleadni a k\u00f6z\u00f6s j\u00f6v\u0151\u00e9rt\u2026<\/p>\n","protected":false},"excerpt":{"rendered":"<p>&nbsp; Heteket k\u00e9sz\u00fcltem a M\u00e1t\u00e9hegyi \u00d6kopark \u00e9s Sportcentrum most k\u00f6vetkez\u0151 h\u00e9tv\u00e9g\u00e9j\u00e9re. Azon dolgoztam teljes lend\u00fclettel, hogy min\u00e9l sz\u00e9lesebb k\u00f6rben megismertessem ezt a civil szervezetet \u00e9s \u00f6nk\u00e9nteseik munk\u00e1j\u00e1t az emberekkel. Az Egyes\u00fclet j\u00fanius 9-10-\u00e9n rendezi az I. Borsodn\u00e1dasdi Ker\u00e9kp\u00e1ros Napok programot, &hellip; <a href=\"https:\/\/agria.hu\/bdioda\/2012\/06\/07\/meg-kettot-kell-aludni\/\">Egy kattint\u00e1s ide a folytat\u00e1shoz&#8230;. <span class=\"meta-nav\">&rarr;<\/span><\/a><\/p>\n","protected":false},"author":59,"featured_media":0,"comment_status":"open","ping_status":"open","sticky":false,"template":"","format":"standard","meta":{"footnotes":""},"categories":[1,16],"tags":[7,9,8,10],"class_list":["post-531","post","type-post","status-publish","format-standard","hentry","category-nincs-kategorizalva","category-okoskodos-megmondos","tag-borsodnadasd","tag-matehegy","tag-okopark","tag-xco"],"_links":{"self":[{"href":"https:\/\/agria.hu\/bdioda\/wp-json\/wp\/v2\/posts\/531","targetHints":{"allow":["GET"]}}],"collection":[{"href":"https:\/\/agria.hu\/bdioda\/wp-json\/wp\/v2\/posts"}],"about":[{"href":"https:\/\/agria.hu\/bdioda\/wp-json\/wp\/v2\/types\/post"}],"author":[{"embeddable":true,"href":"https:\/\/agria.hu\/bdioda\/wp-json\/wp\/v2\/users\/59"}],"replies":[{"embeddable":true,"href":"https:\/\/agria.hu\/bdioda\/wp-json\/wp\/v2\/comments?post=531"}],"version-history":[{"count":4,"href":"https:\/\/agria.hu\/bdioda\/wp-json\/wp\/v2\/posts\/531\/revisions"}],"predecessor-version":[{"id":781,"href":"https:\/\/agria.hu\/bdioda\/wp-json\/wp\/v2\/posts\/531\/revisions\/781"}],"wp:attachment":[{"href":"https:\/\/agria.hu\/bdioda\/wp-json\/wp\/v2\/media?parent=531"}],"wp:term":[{"taxonomy":"category","embeddable":true,"href":"https:\/\/agria.hu\/bdioda\/wp-json\/wp\/v2\/categories?post=531"},{"taxonomy":"post_tag","embeddable":true,"href":"https:\/\/agria.hu\/bdioda\/wp-json\/wp\/v2\/tags?post=531"}],"curies":[{"name":"wp","href":"https:\/\/api.w.org\/{rel}","templated":true}]}}