{"id":528,"date":"2012-05-26T08:02:52","date_gmt":"2012-05-26T08:02:52","guid":{"rendered":"https:\/\/agria.hu\/bdioda\/?p=528"},"modified":"2013-05-05T16:08:50","modified_gmt":"2013-05-05T16:08:50","slug":"a-jel","status":"publish","type":"post","link":"https:\/\/agria.hu\/bdioda\/2012\/05\/26\/a-jel\/","title":{"rendered":"A jel"},"content":{"rendered":"<div class=\"fblikebutton_button\" style=\"float: right; margin-left: 10px;\"><iframe src=\"http:\/\/www.facebook.com\/plugins\/like.php?href=https%3A%2F%2Fagria.hu%2Fbdioda%2F2012%2F05%2F26%2Fa-jel%2F&amp;layout=standard&amp;show-faces=false&amp;width=450&amp;action=recommend&amp;colorscheme=dark\" scrolling=\"no\" frameborder=\"0\" allowTransparency=\"true\" style=\"border:none; overflow:hidden; width:450px; height:26px\"><\/iframe><\/div>\n<p style=\"text-align: justify\">\n<p style=\"text-align: justify\">\n<p style=\"text-align: justify\">Sz\u00fcl\u0151i \u00e9rtekezleten j\u00e1rtam a minap, ugyanis Liza janu\u00e1rban kezdi az ovit. A M\u00e9hecseke csoport legfiatalabb tagja lesz az \u00e9n l\u00e1nyk\u00e1m, ugyanabban az oviban persze, mint Oliv\u00e9r.<br \/>\nA tavalyi bizonytalans\u00e1g ut\u00e1n most m\u00e1r rutinosan k\u00e9sz\u00fcltem a sz\u00fcl\u0151ire. Tudtam, itt lehet majd a jelet v\u00e1lasztani, \u00e9s ugye nem mindegy, milyen \u00e1br\u00e1t rajzolok h\u00e1rom \u00e9vig m\u00e9g az apr\u00f3 bugyikba is.<br \/>\nIgyekeztem hamarabb \u00e9rkezni, hiszen tavaly elm\u00e1l\u00e9skodtam a dolgot \u00e9s csak p\u00e1r szabad jelb\u0151l v\u00e1laszthattunk. (Szerencs\u00e9re a tik-tak \u00f3ra, a fiam kedvence m\u00e9g megvolt.) A f\u00e9rjem nem \u00e9rti, mi\u00e9rt tulajdon\u00edtok olyan nagy jelent\u0151s\u00e9get a jel-t\u00e9m\u00e1nak, de h\u00e1t nem is \u00e9rtheti, \u0151 sosem volt cseresznye. \u00c9n h\u00e1rom \u00e9vig voltam az eml\u00edtett gy\u00fcm\u00f6lccsel t\u00e1rs\u00edtva \u00e9s ut\u00e1ltam, ink\u00e1bb valami igazi csajos jelre v\u00e1gytam, persze hi\u00e1ba. Megfogadtam, az \u00e9n l\u00e1nyom nem lesz holmi gy\u00fcm\u00f6lcs! \ud83d\ude42<br \/>\nA megadott id\u0151pont el\u0151tt majd&#8217; t\u00edz perccel \u00e9rkeztem az oviba. \u00dagy l\u00e1tszik, nem csak \u00e9n p\u00f6r\u00f6gtem r\u00e1 a jel-t\u00e9m\u00e1ra, mert m\u00e1r szinte minden anyuka ott volt. Szerencs\u00e9re a pillang\u00f3 \u00e1bra m\u00e9g az asztalon h\u00e1ny\u00f3dott, boldogan fel is nyal\u00e1boltam. Ezut\u00e1n k\u00f6vetkezett a szok\u00e1sos bemutatkoz\u00f3 az \u00f3vodavezet\u0151, tag\u00f3voda vezet\u0151 \u00e9s az \u00f3v\u00f3n\u0151k r\u00e9sz\u00e9r\u0151l. Az \u00f6sszevont ovik k\u00f6z\u00f6s vezet\u0151je \u00fagy kezdte a besz\u00e9d\u00e9t, hogy &#8222;Kedves Sz\u00fcl\u0151k \u00e9s leend\u0151 Sz\u00fcl\u0151k&#8230;&#8221;. Az ut\u00f3bbi szavakn\u00e1l r\u00e1m n\u00e9zett, \u00e9n meg arra gondoltam, bakker, rendben, hogy nem siker\u00fcl tov\u00e1bb fogynom, de az\u00e9rt terhesnek csak nem n\u00e9zek ki! \u00c9s tal\u00e1n m\u00e1r tizennyolcnak sem&#8230;<a href=\"https:\/\/agria.hu\/bdioda\/files\/2012\/05\/pillango.jpg\"><img loading=\"lazy\" decoding=\"async\" class=\"alignright size-full wp-image-529\" src=\"https:\/\/agria.hu\/bdioda\/files\/2012\/05\/pillango.jpg\" alt=\"\" width=\"174\" height=\"149\" \/><\/a><br \/>\nMeglepett, hogy m\u00edg Oli &#8222;idej\u00e9ben&#8221; hangs\u00falyozt\u00e1k, hogy a cumit felejtse el a gyerek, mire oviba megy, addig most enged\u00e9kenyen k\u00e9rt\u00e9k a sz\u00fcl\u0151ket, ne er\u0151ltess\u00e9k a dolgot, eln\u00e9z\u0151ek a cumi-\u00fcgyben. (Jelzem, Oli cumizott, Liza nem.)<br \/>\nA v\u00e9d\u0151n\u0151 el\u0151ad\u00e1sa (pap\u00edrr\u00f3l felolvas\u00e1sa) az \u00f3voda\u00e9retts\u00e9gr\u0151l ugyanolyan r\u00e9mesre siker\u00fclt, mint tavaly. Szimpatikus \u00e9s j\u00f3 szakember, de arra az\u00e9rt gondolhatna, hogy 2-3 \u00e9ves gyerekek anyuk\u00e1inak nem kell m\u00e1r a 8-12 h\u00f3napos korr\u00f3l mes\u00e9lnie. Elsorolta a nagy k\u00f6nyv szerinti szobatisztas\u00e1gi tan\u00e1csokat, amin \u00e9n csak mosolyogtam, felid\u00e9zve az el\u0151z\u0151 napi jelenet\u00fcnket, amikor Liza puc\u00e9ran j\u00f6tt ki a szob\u00e1b\u00f3l, nyakik bekenve&#8230; sz\u00f3val igen, azzal.<br \/>\n\u00d6sszess\u00e9g\u00e9ben v\u00e9ve sikeres k\u00fcldet\u00e9sen vagyok t\u00fal. Megvan a csajos jel, r\u00e1ad\u00e1sul m\u00e9g \u00e9n is k\u00e9pes vagyok felismerhet\u0151en felrajzolni.<br \/>\nJanu\u00e1r messze van. Minden reggel nyafog\u00e1s van abb\u00f3l, Oli mi\u00e9rt megy oviba, Liza meg mi\u00e9rt nem. Im\u00e1dkozom, hogy kitartson a lelkesed\u00e9s a j\u00f6v\u0151 \u00e9vig \u00e9s szidom azokat, akik kik\u00f6tik, hogy csak a 3. sz\u00fclinap ut\u00e1n lehet oviba menni.<\/p>\n","protected":false},"excerpt":{"rendered":"<p>Sz\u00fcl\u0151i \u00e9rtekezleten j\u00e1rtam a minap, ugyanis Liza janu\u00e1rban kezdi az ovit. A M\u00e9hecseke csoport legfiatalabb tagja lesz az \u00e9n l\u00e1nyk\u00e1m, ugyanabban az oviban persze, mint Oliv\u00e9r. A tavalyi bizonytalans\u00e1g ut\u00e1n most m\u00e1r rutinosan k\u00e9sz\u00fcltem a sz\u00fcl\u0151ire. Tudtam, itt lehet majd &hellip; <a href=\"https:\/\/agria.hu\/bdioda\/2012\/05\/26\/a-jel\/\">Egy kattint\u00e1s ide a folytat\u00e1shoz&#8230;. <span class=\"meta-nav\">&rarr;<\/span><\/a><\/p>\n","protected":false},"author":59,"featured_media":0,"comment_status":"open","ping_status":"open","sticky":false,"template":"","format":"standard","meta":{"footnotes":""},"categories":[4,3,1],"tags":[],"class_list":["post-528","post","type-post","status-publish","format-standard","hentry","category-csaladi-sztori","category-gyerekes-nezopontbol","category-nincs-kategorizalva"],"_links":{"self":[{"href":"https:\/\/agria.hu\/bdioda\/wp-json\/wp\/v2\/posts\/528","targetHints":{"allow":["GET"]}}],"collection":[{"href":"https:\/\/agria.hu\/bdioda\/wp-json\/wp\/v2\/posts"}],"about":[{"href":"https:\/\/agria.hu\/bdioda\/wp-json\/wp\/v2\/types\/post"}],"author":[{"embeddable":true,"href":"https:\/\/agria.hu\/bdioda\/wp-json\/wp\/v2\/users\/59"}],"replies":[{"embeddable":true,"href":"https:\/\/agria.hu\/bdioda\/wp-json\/wp\/v2\/comments?post=528"}],"version-history":[{"count":2,"href":"https:\/\/agria.hu\/bdioda\/wp-json\/wp\/v2\/posts\/528\/revisions"}],"predecessor-version":[{"id":773,"href":"https:\/\/agria.hu\/bdioda\/wp-json\/wp\/v2\/posts\/528\/revisions\/773"}],"wp:attachment":[{"href":"https:\/\/agria.hu\/bdioda\/wp-json\/wp\/v2\/media?parent=528"}],"wp:term":[{"taxonomy":"category","embeddable":true,"href":"https:\/\/agria.hu\/bdioda\/wp-json\/wp\/v2\/categories?post=528"},{"taxonomy":"post_tag","embeddable":true,"href":"https:\/\/agria.hu\/bdioda\/wp-json\/wp\/v2\/tags?post=528"}],"curies":[{"name":"wp","href":"https:\/\/api.w.org\/{rel}","templated":true}]}}