{"id":522,"date":"2012-05-22T05:55:09","date_gmt":"2012-05-22T05:55:09","guid":{"rendered":"https:\/\/agria.hu\/bdioda\/?p=522"},"modified":"2013-05-05T16:12:59","modified_gmt":"2013-05-05T16:12:59","slug":"ahol-a-sport-az-elet","status":"publish","type":"post","link":"https:\/\/agria.hu\/bdioda\/2012\/05\/22\/ahol-a-sport-az-elet\/","title":{"rendered":"Ahol a sport az \u00e9let"},"content":{"rendered":"<div class=\"fblikebutton_button\" style=\"float: right; margin-left: 10px;\"><iframe src=\"http:\/\/www.facebook.com\/plugins\/like.php?href=https%3A%2F%2Fagria.hu%2Fbdioda%2F2012%2F05%2F22%2Fahol-a-sport-az-elet%2F&amp;layout=standard&amp;show-faces=false&amp;width=450&amp;action=recommend&amp;colorscheme=dark\" scrolling=\"no\" frameborder=\"0\" allowTransparency=\"true\" style=\"border:none; overflow:hidden; width:450px; height:26px\"><\/iframe><\/div>\n<p style=\"text-align: justify\">\n<p style=\"text-align: justify\">\n<p style=\"text-align: justify\">\n<p style=\"text-align: justify\">\n<p style=\"text-align: justify\">&#8211; &#8230;itt vizes blokkokat alak\u00edtunk ki, ott lesz a down hill p\u00e1lya, emide meg egy l\u00e1togat\u00f3 fogad\u00f3 r\u00e9szt tervez\u00fcnk, de lesz \u00edj\u00e1szat is, meg nordic walking&#8230; p\u00e1ly\u00e1zunk is, most is be van adva n\u00e9h\u00e1ny.<br \/>\n&#8211; \u00c9s t\u00e9nyleg arra k\u00f6ltitek a megnyert p\u00e9nzt, vagy megy a zsebbe-mutyi?<br \/>\n&#8211; Nem, mi t\u00e9nyleg arra k\u00f6ltj\u00fck b.. meg! Itt r\u00e1ad\u00e1sul mindenki azt tesz bele a dologba, amit csak tud. Ki a munk\u00e1j\u00e1t, ki szponzort hoz, ki szersz\u00e1mot. Mindent apr\u00e1nk\u00e9nt rakunk \u00f6ssze, de megcsin\u00e1ljuk! Eg\u00e9sz Magyarorsz\u00e1gon nem lesz ilyen p\u00e1lya!&#8230;<br \/>\n&#8211; Ok\u00e9s, akkor j\u00f6v\u00f6k&#8230;<\/p>\n<p>Ez a p\u00e1rbesz\u00e9d egy \u00e9ve hangzott el <a href=\"http:\/\/www.borsodnadasd.hu\/\" target=\"_blank\">Borsodn\u00e1dasd<\/a>on, a M\u00e1t\u00e9hegy oldal\u00e1ban. Akkor d\u00f6nt\u00f6ttem el, nekem is r\u00e9szem lesz az oda tervezett \u00d6kopark \u00e9s Sportcentrum sikerre vitel\u00e9ben. Bar\u00e1tunk kalauzolt a t\u00f6bbhekt\u00e1ros ter\u00fcleten, ami sz\u00e1momra akkor m\u00e9g nem volt m\u00e1s, mint &#8222;dzsindzsa\u201d. Erd\u0151, bokor, na meg buck\u00e1k. Elhittem, hogy itt hamarosan lesz valami. De nemcsak \u00e9n. F\u00e9l Borsodn\u00e1dasd keze nyoma m\u00e1r ott van a hegyen, \u00f6nk\u00e9ntesek bevon\u00e1s\u00e1val alak\u00edtott\u00e1k ki a park nagy r\u00e9sz\u00e9t \u00e9s a biciklis p\u00e1ly\u00e1kat. Na igen, itt a l\u00e9nyeg! Eur\u00f3pai sz\u00ednvonal\u00fa ker\u00e9kp\u00e1r p\u00e1ly\u00e1k \u2013 ez lehet Borsodn\u00e1dasd j\u00f6v\u0151je!<a href=\"https:\/\/agria.hu\/bdioda\/files\/2012\/05\/tervrajz.jpg\"><img loading=\"lazy\" decoding=\"async\" class=\"alignright size-medium wp-image-523\" src=\"https:\/\/agria.hu\/bdioda\/files\/2012\/05\/tervrajz-300x211.jpg\" alt=\"\" width=\"300\" height=\"211\" srcset=\"https:\/\/agria.hu\/bdioda\/files\/2012\/05\/tervrajz-300x211.jpg 300w, https:\/\/agria.hu\/bdioda\/files\/2012\/05\/tervrajz.jpg 960w\" sizes=\"auto, (max-width: 300px) 100vw, 300px\" \/><\/a><\/p>\n<p style=\"text-align: justify\">A kisv\u00e1ros b\u00e1mulatosan fest\u0151i k\u00f6rnyezetben fekszik, turizmusa m\u00e9g gyenge, munkahely szinte alig. Azon helybelieknek, akik nem akarnak seg\u00e9lyb\u0151l \u00e9lni, kellett keresni olyan adotts\u00e1got, amivel csak \u0151k b\u00edrnak, amire fizet\u0151k\u00e9pes kereslet lehet, \u00e9s nem kell hozz\u00e1 milli\u00e1rdos \u00e1llami t\u00e1mogat\u00e1s. Kider\u00fclt, a ter\u00fclet alkalmas hegyiker\u00e9kp\u00e1r p\u00e1ly\u00e1k kialak\u00edt\u00e1s\u00e1ra, \u00edj\u00e1szkod\u00e1sra, s\u0151t nordic walkingra.<br \/>\nA sport \u00e9let. Ez a mondat Borsodn\u00e1dasd sz\u00e1m\u00e1ra maga a val\u00f3s\u00e1g. Ha a sport\u00e9let beindul az \u00d6koparkban, az munkahelyet teremt, fejl\u0151dik a turizmus \u00e9s tal\u00e1n a fiatalok sem k\u00e9nyszer\u00fclnek vil\u00e1gg\u00e1 menni. N\u00e1dasdon most mindenki azt tanulja, mi is az az XCO \u00e9s a DH, na meg a CC\u2026 (aj\u00e1nlom mindenkinek: <a href=\"http:\/\/http:\/\/mnytud.arts.klte.hu\/szleng\/hallgato\/mtb\/mtbszot.htm\" target=\"_blank\">MTB sz\u00f3t\u00e1r<\/a>) <a href=\"https:\/\/agria.hu\/bdioda\/files\/2012\/05\/logo.jpg\"><img loading=\"lazy\" decoding=\"async\" class=\"alignright size-medium wp-image-524\" src=\"https:\/\/agria.hu\/bdioda\/files\/2012\/05\/logo-300x164.jpg\" alt=\"\" width=\"300\" height=\"164\" srcset=\"https:\/\/agria.hu\/bdioda\/files\/2012\/05\/logo-300x164.jpg 300w, https:\/\/agria.hu\/bdioda\/files\/2012\/05\/logo.jpg 660w\" sizes=\"auto, (max-width: 300px) 100vw, 300px\" \/><\/a><br \/>\nA k\u00f6z\u00f6s munka \u00e9s \u00f6sszefog\u00e1s eredm\u00e9nyek\u00e9nt j\u00fanius 9-10-\u00e9n orsz\u00e1gos ker\u00e9kp\u00e1rverseny otthona lesz a kisv\u00e1ros. A M\u00e1t\u00e9hegyen rendezik az <a href=\"http:\/\/http:\/\/www.facebook.com\/events\/213936258724618\/\" target=\"_blank\">I. Decathlon Borsodn\u00e1dasd Kup\u00e1t <\/a>az XCO szak\u00e1gban. Szombaton amat\u0151r Hill Climb verseny lesz (magyarul: \u0151r\u00fcltek bring\u00e1s hegym\u00e1sz\u00e1sa n\u00e9z\u0151csalogat\u00f3 jelleggel), n\u00e9mi kult\u00farprogrammal, vas\u00e1rnap pedig komoly \u00e9s l\u00e1tv\u00e1nyos teker\u00e9s a Borsodn\u00e1dasd Kup\u00e1\u00e9rt.<br \/>\n\u00d6r\u00f6m, hogy az \u00f6sszes helyi sz\u00e1ll\u00e1sad\u00f3 felismerte a rendezv\u00e9nyben \u00e9s a parkban rejl\u0151 lehet\u0151s\u00e9get, \u00edgy mindannyian felaj\u00e1nl\u00e1sokkal seg\u00edtik a szervez\u00e9st. P\u00e9lda\u00e9rt\u00e9k\u0171, nemde?<\/p>\n<p>\u00c9n pedig addig is n\u00e9pszer\u0171s\u00edtek, hirdetek, r\u00e1besz\u00e9lek. Igyekszem min\u00e9l t\u00f6bb embert a M\u00e1t\u00e9hegy oldal\u00e1ra \u00e1ll\u00edtani \u2013 \u00e9s ez esetben ezt lehet sz\u00f3 szerint is venni!<a href=\"https:\/\/agria.hu\/bdioda\/files\/2012\/05\/201205214.jpg\"><img loading=\"lazy\" decoding=\"async\" class=\"size-medium wp-image-525 aligncenter\" src=\"https:\/\/agria.hu\/bdioda\/files\/2012\/05\/201205214-300x225.jpg\" alt=\"\" width=\"300\" height=\"225\" srcset=\"https:\/\/agria.hu\/bdioda\/files\/2012\/05\/201205214-300x225.jpg 300w, https:\/\/agria.hu\/bdioda\/files\/2012\/05\/201205214.jpg 960w\" sizes=\"auto, (max-width: 300px) 100vw, 300px\" \/><\/a><\/p>\n","protected":false},"excerpt":{"rendered":"<p>&#8211; &#8230;itt vizes blokkokat alak\u00edtunk ki, ott lesz a down hill p\u00e1lya, emide meg egy l\u00e1togat\u00f3 fogad\u00f3 r\u00e9szt tervez\u00fcnk, de lesz \u00edj\u00e1szat is, meg nordic walking&#8230; p\u00e1ly\u00e1zunk is, most is be van adva n\u00e9h\u00e1ny. &#8211; \u00c9s t\u00e9nyleg arra k\u00f6ltitek a &hellip; <a href=\"https:\/\/agria.hu\/bdioda\/2012\/05\/22\/ahol-a-sport-az-elet\/\">Egy kattint\u00e1s ide a folytat\u00e1shoz&#8230;. <span class=\"meta-nav\">&rarr;<\/span><\/a><\/p>\n","protected":false},"author":59,"featured_media":0,"comment_status":"open","ping_status":"open","sticky":false,"template":"","format":"standard","meta":{"footnotes":""},"categories":[1,16],"tags":[],"class_list":["post-522","post","type-post","status-publish","format-standard","hentry","category-nincs-kategorizalva","category-okoskodos-megmondos"],"_links":{"self":[{"href":"https:\/\/agria.hu\/bdioda\/wp-json\/wp\/v2\/posts\/522","targetHints":{"allow":["GET"]}}],"collection":[{"href":"https:\/\/agria.hu\/bdioda\/wp-json\/wp\/v2\/posts"}],"about":[{"href":"https:\/\/agria.hu\/bdioda\/wp-json\/wp\/v2\/types\/post"}],"author":[{"embeddable":true,"href":"https:\/\/agria.hu\/bdioda\/wp-json\/wp\/v2\/users\/59"}],"replies":[{"embeddable":true,"href":"https:\/\/agria.hu\/bdioda\/wp-json\/wp\/v2\/comments?post=522"}],"version-history":[{"count":3,"href":"https:\/\/agria.hu\/bdioda\/wp-json\/wp\/v2\/posts\/522\/revisions"}],"predecessor-version":[{"id":782,"href":"https:\/\/agria.hu\/bdioda\/wp-json\/wp\/v2\/posts\/522\/revisions\/782"}],"wp:attachment":[{"href":"https:\/\/agria.hu\/bdioda\/wp-json\/wp\/v2\/media?parent=522"}],"wp:term":[{"taxonomy":"category","embeddable":true,"href":"https:\/\/agria.hu\/bdioda\/wp-json\/wp\/v2\/categories?post=522"},{"taxonomy":"post_tag","embeddable":true,"href":"https:\/\/agria.hu\/bdioda\/wp-json\/wp\/v2\/tags?post=522"}],"curies":[{"name":"wp","href":"https:\/\/api.w.org\/{rel}","templated":true}]}}