{"id":517,"date":"2012-04-22T06:36:06","date_gmt":"2012-04-22T06:36:06","guid":{"rendered":"https:\/\/agria.hu\/bdioda\/?p=517"},"modified":"2013-05-05T16:16:22","modified_gmt":"2013-05-05T16:16:22","slug":"olyan-amilyen","status":"publish","type":"post","link":"https:\/\/agria.hu\/bdioda\/2012\/04\/22\/olyan-amilyen\/","title":{"rendered":"Olyan, amilyen"},"content":{"rendered":"<div class=\"fblikebutton_button\" style=\"float: right; margin-left: 10px;\"><iframe src=\"http:\/\/www.facebook.com\/plugins\/like.php?href=https%3A%2F%2Fagria.hu%2Fbdioda%2F2012%2F04%2F22%2Folyan-amilyen%2F&amp;layout=standard&amp;show-faces=false&amp;width=450&amp;action=recommend&amp;colorscheme=dark\" scrolling=\"no\" frameborder=\"0\" allowTransparency=\"true\" style=\"border:none; overflow:hidden; width:450px; height:26px\"><\/iframe><\/div>\n<p style=\"text-align: justify\">\n<p style=\"text-align: justify\">\n<p style=\"text-align: justify\">\n<p style=\"text-align: justify\">Esett egy csom\u00f3 es\u0151, a hisztis tombol\u00f3s nemalv\u00f3s p\u00e9ntek ut\u00e1n a gyerekeim is vissza\u00e1lltak norm\u00e1l \u00e1llapotukba. Tegnap v\u00e9gre a szokott mederben ment minden. \u00c9n is \u00fajra kiegyens\u00falyozott\u00e1 v\u00e1ltam.<\/p>\n<p style=\"text-align: justify\">Visszagondolva, biztosan \u00e9n is fesz\u00fcltebb voltam a szokottn\u00e1l. Ilyenkor mindig lelkiismeret furdal\u00e1som van egy picit, hogy lehettem volna tal\u00e1n t\u00fcrelmesebb&#8230;<\/p>\n<p style=\"text-align: justify\">Tegnap este elgondolkodtam, vajon az, hogy milyen any\u00e1k vagyunk, mennyire enged\u00e9kenyek, vagy t\u00fcrelmesek, minek a f\u00fcggv\u00e9nye. Saj\u00e1t habitusunk hat\u00e1roz meg, vagy a minta, amit sz\u00fcleinkt\u0151l kapunk?<\/p>\n<p style=\"text-align: justify\">Amikor veszekszem a gyerekeimmel, mintha anyuk\u00e1mat hallan\u00e1m vissza a gyerekkoromb\u00f3l. Pontosan azokat a szavakat szajk\u00f3zom, amiket anno \u0150, \u00e9s \u00e9n persze kisl\u00e1nyk\u00e9nt nagyon ut\u00e1ltam (kamaszk\u00e9nt meg m\u00e9g jobban).<\/p>\n<p style=\"text-align: justify\">Nemr\u00e9g tal\u00e1lkoztam egy volt iskolai oszt\u00e1lyt\u00e1rsn\u0151mmel, aki elpanaszolta, nagyon v\u00e1gyik m\u00e1r gyerekre, de sajnos t\u00f6bbsz\u00f6r elvet\u00e9lt. Az orvosok nem tudj\u00e1k az ok\u00e1t. Nem \u0150 az egyetlen bab\u00e1ra v\u00e1gy\u00f3 ismer\u0151s\u00f6m. Vannak, akik \u00e9vtizede szenvednek m\u00e1r a hi\u00e1nyt\u00f3l.<\/p>\n<p style=\"text-align: justify\">Oliv\u00e9r sz\u00fclet\u00e9se el\u0151tt hat \u00e9vig nem v\u00e9dekezt\u00fcnk a f\u00e9rjemmel. Nem tett\u00fcnk semmit a teherbe es\u00e9s\u00e9rt, de ellene sem. Szilveszterkor azt mondtam, &#8222;na, Szivi, most m\u00e1r id\u00e9n hozzunk \u00f6ssze egy gyereket!&#8221; T\u00f6bbet nem j\u00f6tt meg a menstru\u00e1ci\u00f3m. Biztos volt od\u00e1ig n\u00e9mi pszich\u00e9s g\u00e1t is bennem, nem voltam a bab\u00e1ra felk\u00e9sz\u00fclve, b\u00e1r a bar\u00e1tn\u0151im esk\u00fcsznek r\u00e1, hogy a sikert a kar\u00e1csonyra t\u0151l\u00fck kapott teakever\u00e9knek k\u00f6sz\u00f6nhettem (egyszer ittam bel\u0151le, tal\u00e1n valami var\u00e1zsl\u00f6tty volt).<\/p>\n<p style=\"text-align: justify\">Vajon, ha azt a hat \u00e9vet keserves pr\u00f3b\u00e1lkoz\u00e1ssal t\u00f6ltj\u00fck, ma m\u00e1s anya lenn\u00e9k? Jobban megbecs\u00fcln\u00e9m a gyerekeimet? T\u00fcrelmesebb, enged\u00e9kenyebb lenn\u00e9k? M\u00e1r ha lehet ezt ilyen h\u00fcly\u00e9n kifejezni&#8230;<\/p>\n<p style=\"text-align: justify\">Az biztos, amikor a napi zizi k\u00f6zepette \u00e9pp szakadni akar a h\u00far, rendre eml\u00e9keztetem magam, hogy a legjobb &#8222;dolog&#8221; ami eddig t\u00f6rt\u00e9nt az \u00e9letemben az, hogy ennek a k\u00e9t csod\u00e1nak az \u00e9desanyja lehetek. Nem egyszer\u0171, de bev\u00e1lik. Ezzel a gondolatmenettel olyan, mintha bevenn\u00e9k egy mar\u00e9k magne b6-ot. A k\u00e9rd\u00e9seimre pedig val\u00f3sz\u00edn\u0171 sosem tudom meg a v\u00e1lasz, de az\u00e9rt tov\u00e1bb foglalkoztat: mit\u0151l lesz\u00fcnk olyan any\u00e1k, amilyenek.<\/p>\n<div id=\"attachment_518\" style=\"width: 650px\" class=\"wp-caption aligncenter\"><a href=\"https:\/\/agria.hu\/bdioda\/files\/2012\/04\/imadnak-a-babaim.jpg\"><img loading=\"lazy\" decoding=\"async\" aria-describedby=\"caption-attachment-518\" class=\"size-large wp-image-518\" src=\"https:\/\/agria.hu\/bdioda\/files\/2012\/04\/imadnak-a-babaim-1024x768.jpg\" alt=\"\" width=\"640\" height=\"480\" srcset=\"https:\/\/agria.hu\/bdioda\/files\/2012\/04\/imadnak-a-babaim-1024x768.jpg 1024w, https:\/\/agria.hu\/bdioda\/files\/2012\/04\/imadnak-a-babaim-300x225.jpg 300w\" sizes=\"auto, (max-width: 640px) 100vw, 640px\" \/><\/a><p id=\"caption-attachment-518\" class=\"wp-caption-text\">Amikor \u00e9pp im\u00e1djuk egym\u00e1st...<\/p><\/div>\n","protected":false},"excerpt":{"rendered":"<p>Esett egy csom\u00f3 es\u0151, a hisztis tombol\u00f3s nemalv\u00f3s p\u00e9ntek ut\u00e1n a gyerekeim is vissza\u00e1lltak norm\u00e1l \u00e1llapotukba. Tegnap v\u00e9gre a szokott mederben ment minden. \u00c9n is \u00fajra kiegyens\u00falyozott\u00e1 v\u00e1ltam. Visszagondolva, biztosan \u00e9n is fesz\u00fcltebb voltam a szokottn\u00e1l. Ilyenkor mindig lelkiismeret furdal\u00e1som &hellip; <a href=\"https:\/\/agria.hu\/bdioda\/2012\/04\/22\/olyan-amilyen\/\">Egy kattint\u00e1s ide a folytat\u00e1shoz&#8230;. <span class=\"meta-nav\">&rarr;<\/span><\/a><\/p>\n","protected":false},"author":59,"featured_media":0,"comment_status":"open","ping_status":"open","sticky":false,"template":"","format":"standard","meta":{"footnotes":""},"categories":[4,1],"tags":[],"class_list":["post-517","post","type-post","status-publish","format-standard","hentry","category-csaladi-sztori","category-nincs-kategorizalva"],"_links":{"self":[{"href":"https:\/\/agria.hu\/bdioda\/wp-json\/wp\/v2\/posts\/517","targetHints":{"allow":["GET"]}}],"collection":[{"href":"https:\/\/agria.hu\/bdioda\/wp-json\/wp\/v2\/posts"}],"about":[{"href":"https:\/\/agria.hu\/bdioda\/wp-json\/wp\/v2\/types\/post"}],"author":[{"embeddable":true,"href":"https:\/\/agria.hu\/bdioda\/wp-json\/wp\/v2\/users\/59"}],"replies":[{"embeddable":true,"href":"https:\/\/agria.hu\/bdioda\/wp-json\/wp\/v2\/comments?post=517"}],"version-history":[{"count":2,"href":"https:\/\/agria.hu\/bdioda\/wp-json\/wp\/v2\/posts\/517\/revisions"}],"predecessor-version":[{"id":784,"href":"https:\/\/agria.hu\/bdioda\/wp-json\/wp\/v2\/posts\/517\/revisions\/784"}],"wp:attachment":[{"href":"https:\/\/agria.hu\/bdioda\/wp-json\/wp\/v2\/media?parent=517"}],"wp:term":[{"taxonomy":"category","embeddable":true,"href":"https:\/\/agria.hu\/bdioda\/wp-json\/wp\/v2\/categories?post=517"},{"taxonomy":"post_tag","embeddable":true,"href":"https:\/\/agria.hu\/bdioda\/wp-json\/wp\/v2\/tags?post=517"}],"curies":[{"name":"wp","href":"https:\/\/api.w.org\/{rel}","templated":true}]}}