{"id":509,"date":"2012-04-20T15:36:31","date_gmt":"2012-04-20T15:36:31","guid":{"rendered":"https:\/\/agria.hu\/bdioda\/?p=509"},"modified":"2013-05-05T16:16:30","modified_gmt":"2013-05-05T16:16:30","slug":"front","status":"publish","type":"post","link":"https:\/\/agria.hu\/bdioda\/2012\/04\/20\/front\/","title":{"rendered":"Front?!"},"content":{"rendered":"<div class=\"fblikebutton_button\" style=\"float: right; margin-left: 10px;\"><iframe src=\"http:\/\/www.facebook.com\/plugins\/like.php?href=https%3A%2F%2Fagria.hu%2Fbdioda%2F2012%2F04%2F20%2Ffront%2F&amp;layout=standard&amp;show-faces=false&amp;width=450&amp;action=recommend&amp;colorscheme=dark\" scrolling=\"no\" frameborder=\"0\" allowTransparency=\"true\" style=\"border:none; overflow:hidden; width:450px; height:26px\"><\/iframe><\/div>\n<p style=\"text-align: justify\">\n<p style=\"text-align: justify\">\n<p style=\"text-align: justify\">\n<p style=\"text-align: justify\">\n<p style=\"text-align: justify\">L\u00fcktet az \u00e9r a hal\u00e1nt\u00e9komon, a szemeim v\u00e9reresek, a fogaim lassan lekopnak, annyit szor\u00edtottam \u0151ket ma.<br \/>\nA gyerekeim \u00fagy d\u00f6nt\u00f6ttek, szabadnapot vesznek ki. Nem hajland\u00f3k aludni \u00e9s a szokott nyugalom helyett kibor\u00edt\u00f3 rosszas\u00e1ggal jutalmaznak.<br \/>\nM\u00edg elmosogattam, kipakolt\u00e1k az egyik ruh\u00e1sszekr\u00e9nyt, amit nemr\u00e9g raktam rendbe. M\u00edg a ruh\u00e1kat hajtogattam, sz\u00e9tsz\u00f3rt\u00e1k a kisaut\u00f3kat (vagy egy v\u00f6d\u00f6rnyi). Hi\u00e1ba k\u00e9rleltem \u0151ket, hogy seg\u00edtsenek pakolni, ugr\u00e1ltak az \u00e1gyukon sik\u00edtva! Persze v\u00e9gigvettem a kr\u00edzis-reperto\u00e1rt: zsarol\u00e1s a j\u00e1t\u00e9kok kidob\u00e1s\u00e1val, anya szomorkodik, \u00fcv\u00f6lt\u00e9s, fenekel\u00e9s fenyeget\u00e9s, tockos oszt\u00e1s, b\u00fcnti. Minden hat\u00e1stalannak bizonyult!<br \/>\nA v\u00e9g\u00e9n fogtam magam, kimentem a lak\u00e1sb\u00f3l a folyos\u00f3ra \u00e9s vettem n\u00e9h\u00e1ny nagy leveg\u0151t. Apa \u00e9pp akkor sassz\u00e9zott le a l\u00e9pcs\u0151n a rendel\u0151b\u0151l, l\u00e1tva az ajt\u00f3n val\u00f3 kirobban\u00e1somat, meglepetten \u00e9rdekl\u0151d\u00f6tt a t\u00f6rt\u00e9ntekr\u0151l. P\u00e1r szavas p\u00e1rbesz\u00e9d\u00fcnk v\u00e9ge az lett, hogy majdnem ut\u00e1na k\u00fcldtem a papucsomat. Azt merte ugyanis mondani (vigyorogva), hogy ne b\u00e1ntsam a k\u00f6lyk\u00f6ket &#8211; nagyon. Na igen, \u0151 ism\u00e9t \u00faton volt egy kuncsafthoz \u00e9n meg vissza az oroszl\u00e1nbarlangba&#8230;<br \/>\nMost Liza bolond m\u00f3dra ugr\u00e1l a h\u00e1tam m\u00f6g\u00f6tt, Oli meg t\u00farja a r\u00e9gi j\u00e1t\u00e9kait.<br \/>\nUpsz! Oliv\u00e9r r\u00e1l\u00e9pett egy j\u00e1t\u00e9kdarabk\u00e1ra. Feljajdult \u00e9s j\u00f6n panaszkodni, \u00e9n meg ok\u00edthatom a j\u00e1t\u00e9kok szanasz\u00e9t hagy\u00e1s\u00e1nak k\u00f6vetkezm\u00e9nyeir\u0151l.<\/p>\n<p>Istenem! Bocs\u00e1ss meg b\u0171n\u00f6s lelkemnek! K\u00e1r\u00f6rvend\u0151 kis\u00f6rd\u00f6g r\u00f6h\u00f6g bennem! Az angyal m\u00e1r kopaszra t\u00e9pte a fej\u00e9t p\u00e1r \u00f3r\u00e1val ezel\u0151tt \u00e9s a gl\u00f3ri\u00e1j\u00e1t elhaj\u00edtva felmondott&#8230;<\/p>\n<div id=\"attachment_510\" style=\"width: 650px\" class=\"wp-caption aligncenter\"><a href=\"https:\/\/agria.hu\/bdioda\/files\/2012\/04\/menekulnek-a-tettesek.jpg\"><img loading=\"lazy\" decoding=\"async\" aria-describedby=\"caption-attachment-510\" class=\"size-large wp-image-510\" src=\"https:\/\/agria.hu\/bdioda\/files\/2012\/04\/menekulnek-a-tettesek-1024x767.jpg\" alt=\"\" width=\"640\" height=\"479\" srcset=\"https:\/\/agria.hu\/bdioda\/files\/2012\/04\/menekulnek-a-tettesek-1024x767.jpg 1024w, https:\/\/agria.hu\/bdioda\/files\/2012\/04\/menekulnek-a-tettesek-300x224.jpg 300w\" sizes=\"auto, (max-width: 640px) 100vw, 640px\" \/><\/a><p id=\"caption-attachment-510\" class=\"wp-caption-text\">Menek\u00fclnek a tettesek!<\/p><\/div>\n","protected":false},"excerpt":{"rendered":"<p>L\u00fcktet az \u00e9r a hal\u00e1nt\u00e9komon, a szemeim v\u00e9reresek, a fogaim lassan lekopnak, annyit szor\u00edtottam \u0151ket ma. A gyerekeim \u00fagy d\u00f6nt\u00f6ttek, szabadnapot vesznek ki. Nem hajland\u00f3k aludni \u00e9s a szokott nyugalom helyett kibor\u00edt\u00f3 rosszas\u00e1ggal jutalmaznak. M\u00edg elmosogattam, kipakolt\u00e1k az egyik ruh\u00e1sszekr\u00e9nyt, &hellip; <a href=\"https:\/\/agria.hu\/bdioda\/2012\/04\/20\/front\/\">Egy kattint\u00e1s ide a folytat\u00e1shoz&#8230;. <span class=\"meta-nav\">&rarr;<\/span><\/a><\/p>\n","protected":false},"author":59,"featured_media":0,"comment_status":"open","ping_status":"open","sticky":false,"template":"","format":"standard","meta":{"footnotes":""},"categories":[4,1],"tags":[],"class_list":["post-509","post","type-post","status-publish","format-standard","hentry","category-csaladi-sztori","category-nincs-kategorizalva"],"_links":{"self":[{"href":"https:\/\/agria.hu\/bdioda\/wp-json\/wp\/v2\/posts\/509","targetHints":{"allow":["GET"]}}],"collection":[{"href":"https:\/\/agria.hu\/bdioda\/wp-json\/wp\/v2\/posts"}],"about":[{"href":"https:\/\/agria.hu\/bdioda\/wp-json\/wp\/v2\/types\/post"}],"author":[{"embeddable":true,"href":"https:\/\/agria.hu\/bdioda\/wp-json\/wp\/v2\/users\/59"}],"replies":[{"embeddable":true,"href":"https:\/\/agria.hu\/bdioda\/wp-json\/wp\/v2\/comments?post=509"}],"version-history":[{"count":5,"href":"https:\/\/agria.hu\/bdioda\/wp-json\/wp\/v2\/posts\/509\/revisions"}],"predecessor-version":[{"id":785,"href":"https:\/\/agria.hu\/bdioda\/wp-json\/wp\/v2\/posts\/509\/revisions\/785"}],"wp:attachment":[{"href":"https:\/\/agria.hu\/bdioda\/wp-json\/wp\/v2\/media?parent=509"}],"wp:term":[{"taxonomy":"category","embeddable":true,"href":"https:\/\/agria.hu\/bdioda\/wp-json\/wp\/v2\/categories?post=509"},{"taxonomy":"post_tag","embeddable":true,"href":"https:\/\/agria.hu\/bdioda\/wp-json\/wp\/v2\/tags?post=509"}],"curies":[{"name":"wp","href":"https:\/\/api.w.org\/{rel}","templated":true}]}}