{"id":506,"date":"2012-04-16T15:33:41","date_gmt":"2012-04-16T15:33:41","guid":{"rendered":"https:\/\/agria.hu\/bdioda\/?p=506"},"modified":"2013-05-05T16:17:31","modified_gmt":"2013-05-05T16:17:31","slug":"anya-bajban","status":"publish","type":"post","link":"https:\/\/agria.hu\/bdioda\/2012\/04\/16\/anya-bajban\/","title":{"rendered":"Anya bajban"},"content":{"rendered":"<div class=\"fblikebutton_button\" style=\"float: right; margin-left: 10px;\"><iframe src=\"http:\/\/www.facebook.com\/plugins\/like.php?href=https%3A%2F%2Fagria.hu%2Fbdioda%2F2012%2F04%2F16%2Fanya-bajban%2F&amp;layout=standard&amp;show-faces=false&amp;width=450&amp;action=recommend&amp;colorscheme=dark\" scrolling=\"no\" frameborder=\"0\" allowTransparency=\"true\" style=\"border:none; overflow:hidden; width:450px; height:26px\"><\/iframe><\/div>\n<p style=\"text-align: justify\">\n<p style=\"text-align: justify\">\n<p style=\"text-align: justify\">T\u00fal vagyok az els\u0151 anyai lelki kr\u00edzisen, m\u00e1r ami a csemete \u00e9s sz\u00fcl\u0151je k\u00f6zti ellent\u00e9tet illeti. Megkaptam az els\u0151 &#8222;mam\u00e1n\u00e1l jobban szeretek lenni&#8221; \u00e9s &#8222;mam\u00e1t jobban szeretem&#8221; mondatokat. Kiborultam, pedig tudom \u00e9n, minden gyerek mond ilyet az anyj\u00e1nak egyszer, egyszer, de akkor is&#8230; \u00e9s hol van m\u00e9g a kamaszkor? Biztos ez r\u00e1 az edz\u00e9s.<\/p>\n<p>T\u00f6rt\u00e9nt ugyanis nemr\u00e9g, hogy kettesben voltunk itthon Oliv\u00e9rrel \u00e9s a fiatal\u00far az Istennek sem akart aludni d\u00e9lut\u00e1n, pedig olyan karik\u00e1k voltak a szeme alatt, hogy azokkal m\u00e1r \u00e9n is hula-hoppozhattam volna. B\u00e1rmire k\u00e9rtem, mindennek az ellenkez\u0151j\u00e9t csin\u00e1lta, r\u00e1ad\u00e1sul nekem r\u00e9mes \u00e9jszak\u00e1m volt az ut\u00f3bbi, \u00edgy \u00e1llva is k\u00e9pes lettem volna audni. M\u00e1r d\u00e9lel\u0151tt k\u00e9sz\u00fcltem\u00a0 k\u00e9s\u0151bbi k\u00f6z\u00f6s idill\u00fcnkre (ami hetente egyszer addig j\u00e1rt nekem) \u00e9s amikor az egyre t\u00e1volodott, \u00e9n \u00fagy lettem egyre fesz\u00fcltebb.<br \/>\nV\u00e9g\u00fcl r\u00e1kiab\u00e1ltam a delikvensre. El is sz\u00e9gyeltem magam r\u00f6gt\u00f6n, pedig az agyammal tudtam, Oli most a &#8222;n\u00e9zz\u00fck anya mennyit b\u00edr&#8221; &#8211; j\u00e1t\u00e9kot j\u00e1tsza \u00e9s sz\u00e1nd\u00e9kosan provok\u00e1lta ki a kiborul\u00e1somat.<br \/>\n&#8211; Vigy\u00e9l ink\u00e1bb mam\u00e1\u00e9khoz! Mam\u00e1\u00e9khoz akarok menni, nem akarok veled lenni! &#8211; v\u00e1gott vissza kem\u00e9nyen \u00e9s amikor l\u00e1tta, hogy felh\u00fazom a szem\u00f6ld\u00f6k\u00f6m, j\u00f6tt a kontr\u00e1val is.<br \/>\n&#8211; Mam\u00e1t jobban szeretem, mert \u0151 sosem m\u00e9rgeskedik r\u00e1m! Vigy\u00e9l el hozz\u00e1!<br \/>\nNem tudtam mit mondani. Oliv\u00e9r nem engedett, l\u00e1tta a KO-hat\u00e1st, \u00edgy folytatta a k\u00ednz\u00e1st.<br \/>\nA dolog v\u00e9ge az lett, hogy a budin b\u0151gtem meggy\u00f6t\u00f6rten, mik\u00f6zben Oli azzal v\u00edgasztalt, hogy ne pityeregjek m\u00e1r, mert akkor szeret, ha vid\u00e1m vagyok, egy kicsit- tette hozz\u00e1. Ha hisztizek, nem szeret. K\u00f6szi. (Pedig \u00e9n soha nem mondtam ilyet neki, ut\u00e1lom, ha egy feln\u0151tt a szeretettel zsarol.)<br \/>\nHi\u00e1ba magyar\u00e1ztam, hogy \u00e9n az\u00e9rt m\u00e9rkeskedek, mert sokszor akkor sem fogad sz\u00f3t, ha huszon\u00f6tsz\u00f6r k\u00e9rlelem, nem hatotta meg. Pr\u00f3b\u00e1ltam meg\u00e9rtetni vele, hogy mam\u00e1\u00e9kn\u00e1l is kell aludni, meg hogy ott is be kell takar\u00f3zni, ha egysz\u00e1l cuccban van, mik\u00f6zben taknyos. Lepergett. \u0150 morgott, mert nem vittem mam\u00e1hoz, \u00e9n meg keseregtem a kem\u00e9ny mondatai miatt. V\u00e9g\u00fcl mindketten s\u00e9rt\u0151d\u00f6tten elaludtunk.<br \/>\nEste Oli \u00fajrakezdte a k\u00ednz\u00e1st. T\u00edz \u00f3rakor ugyanis m\u00e9g nem akart aludni \u00e9s amikor \u00e9n szigor\u00faan az \u00e1gy\u00e1ba parancsoltam, megint odav\u00e1gta, hogy mam\u00e1\u00e9khoz akar menni&#8230;<br \/>\nBegurultam. Azt mondtam, rendben, ha az apja hazaj\u00f6n, \u00f6sszecsomagolom a Nagys\u00e1gos Uras\u00e1g cucc\u00e1t \u00e9s mehet Isten h\u00edr\u00e9vel!<br \/>\nOliv\u00e9r elgondolkodott. Nem vit\u00e1zott, nem magyar\u00e1zott, nem kontr\u00e1zott &#8211; nem volt mi\u00e9rt, Anya megadta mag\u00e1t. N\u00e9h\u00e1ny perc m\u00falva sz\u00f3lalt meg, halkan: &#8211; Anyacika! De hogy j\u00f6v\u00f6k majd haza? Apa haza hoz majd?<br \/>\nMosolyogva \u00f6leltem meg. \u00c9jjel vagy \u00f6tsz\u00f6r kellet odamennem hozz\u00e1, mert elhal\u00f3 hangon belesuttogta a s\u00f6t\u00e9tbe, &#8222;hogy Anyacika, megszeretgetsz?&#8221;. \u00c9n boldogan puszilgattam odaad\u00f3an \u00e9s takargattam \u00f3r\u00e1nk\u00e9nt. A t\u00f6rt\u00e9ntekr\u0151l az\u00f3ta mindketten m\u00e9lyen hallgatunk, de \u00e9n tuti sosem felejtem el. Nem hagyhatom, hogy a szeretet sz\u00f3val zsaroljon a gyerekem. Okosabb sz\u00fcl\u0151nek kell lennem. DE OLYAN NEH\u00c9Z!<\/p>\n","protected":false},"excerpt":{"rendered":"<p>T\u00fal vagyok az els\u0151 anyai lelki kr\u00edzisen, m\u00e1r ami a csemete \u00e9s sz\u00fcl\u0151je k\u00f6zti ellent\u00e9tet illeti. Megkaptam az els\u0151 &#8222;mam\u00e1n\u00e1l jobban szeretek lenni&#8221; \u00e9s &#8222;mam\u00e1t jobban szeretem&#8221; mondatokat. Kiborultam, pedig tudom \u00e9n, minden gyerek mond ilyet az anyj\u00e1nak egyszer, egyszer, &hellip; <a href=\"https:\/\/agria.hu\/bdioda\/2012\/04\/16\/anya-bajban\/\">Egy kattint\u00e1s ide a folytat\u00e1shoz&#8230;. <span class=\"meta-nav\">&rarr;<\/span><\/a><\/p>\n","protected":false},"author":59,"featured_media":0,"comment_status":"open","ping_status":"open","sticky":false,"template":"","format":"standard","meta":{"footnotes":""},"categories":[4,1],"tags":[],"class_list":["post-506","post","type-post","status-publish","format-standard","hentry","category-csaladi-sztori","category-nincs-kategorizalva"],"_links":{"self":[{"href":"https:\/\/agria.hu\/bdioda\/wp-json\/wp\/v2\/posts\/506","targetHints":{"allow":["GET"]}}],"collection":[{"href":"https:\/\/agria.hu\/bdioda\/wp-json\/wp\/v2\/posts"}],"about":[{"href":"https:\/\/agria.hu\/bdioda\/wp-json\/wp\/v2\/types\/post"}],"author":[{"embeddable":true,"href":"https:\/\/agria.hu\/bdioda\/wp-json\/wp\/v2\/users\/59"}],"replies":[{"embeddable":true,"href":"https:\/\/agria.hu\/bdioda\/wp-json\/wp\/v2\/comments?post=506"}],"version-history":[{"count":3,"href":"https:\/\/agria.hu\/bdioda\/wp-json\/wp\/v2\/posts\/506\/revisions"}],"predecessor-version":[{"id":508,"href":"https:\/\/agria.hu\/bdioda\/wp-json\/wp\/v2\/posts\/506\/revisions\/508"}],"wp:attachment":[{"href":"https:\/\/agria.hu\/bdioda\/wp-json\/wp\/v2\/media?parent=506"}],"wp:term":[{"taxonomy":"category","embeddable":true,"href":"https:\/\/agria.hu\/bdioda\/wp-json\/wp\/v2\/categories?post=506"},{"taxonomy":"post_tag","embeddable":true,"href":"https:\/\/agria.hu\/bdioda\/wp-json\/wp\/v2\/tags?post=506"}],"curies":[{"name":"wp","href":"https:\/\/api.w.org\/{rel}","templated":true}]}}