{"id":494,"date":"2012-03-22T20:31:58","date_gmt":"2012-03-22T20:31:58","guid":{"rendered":"https:\/\/agria.hu\/bdioda\/?p=494"},"modified":"2013-05-05T16:20:41","modified_gmt":"2013-05-05T16:20:41","slug":"mintaapuka","status":"publish","type":"post","link":"https:\/\/agria.hu\/bdioda\/2012\/03\/22\/mintaapuka\/","title":{"rendered":"Mintaapuka"},"content":{"rendered":"<div class=\"fblikebutton_button\" style=\"float: right; margin-left: 10px;\"><iframe src=\"http:\/\/www.facebook.com\/plugins\/like.php?href=https%3A%2F%2Fagria.hu%2Fbdioda%2F2012%2F03%2F22%2Fmintaapuka%2F&amp;layout=standard&amp;show-faces=false&amp;width=450&amp;action=recommend&amp;colorscheme=dark\" scrolling=\"no\" frameborder=\"0\" allowTransparency=\"true\" style=\"border:none; overflow:hidden; width:450px; height:26px\"><\/iframe><\/div>\n<p style=\"text-align: justify\">\n<p style=\"text-align: justify\">\n<p style=\"text-align: justify\">\nBar\u00e1tom k\u00e9rdezi ma t\u0151lem, a f\u00e9rjemet kell-e m\u00e9g eml\u00e9keztetni, hogy a gyereket haza kell sz\u00e1ll\u00edtania az \u00f3vod\u00e1b\u00f3l. &#8211; \u00c1, m\u00e1r el\u00e9g g\u00f6rd\u00fcl\u00e9kenyen mennek a dolgok! &#8211; felelem, de hozz\u00e1teszem, az\u00e9rt rendre ott marad valami, keszty\u0171, mell\u00e9ny, cip\u0151&#8230;<br \/>\nViccel\u0151d\u00fcnk, hogy a l\u00e9nyeg, a gyereket ne hagyja ott.<\/p>\n<p>F\u00e9l \u00f3ra m\u00falva felg\u00f6rd\u00fcl a kocsink a felj\u00e1r\u00f3ra, Apa kisz\u00e1ll. Kez\u00e9ben kis szatyrot lengetve andalog f\u00f6l a l\u00e9pcs\u0151n, m\u00f6g\u00f6tte senki&#8230; hol a gyerek?!<br \/>\n&#8211; H\u00e1t Oli?! &#8211; \u00fcv\u00f6lt\u00f6k a l\u00e9pcs\u0151sor tetej\u00e9r\u0151l, megsejtve, ez nem anya el\u0151li b\u00faj\u00f3csk\u00e1z\u00e1s lesz.<br \/>\n&#8211; Oli? Hol van Oli? &#8211; k\u00e9rdezi a f\u00e9rjem \u00e1rtatlanul, mire elborul az agyam. Ez ottfelejtette a gyereket az oviban! Egy \u00f3r\u00e1ja kellett volna \u00e9rte mennie! Ha a kezemben a metsz\u0151oll\u00f3 \u00e9n tuti haszn\u00e1lom!<br \/>\n&#8211; Ok\u00e9, akkor megyek Oli\u00e9rt! &#8211; feleli a legnagyobb nyugalommal, \u00e9s indul.<\/p>\n<p>Szerencs\u00e9re a t\u00f6rt\u00e9netetet \u00e9n vettem legjobban a sz\u00edvemre. Oli nem f\u00e9lt att\u00f3l, hogy \u00f6r\u00f6kre ottfelejti az apja, az \u00f3v\u00f3n\u00e9nik is j\u00f3t der\u00fcltek P. Apuka leg\u00fajabb h\u00faz\u00e1s\u00e1n.<br \/>\nD\u00e9lut\u00e1n hallom, ahogy a f\u00e9rjem a b\u00fcfiztet\u00e9s rejtelmeit ecseteli frissen ap\u00e1v\u00e1 v\u00e1lt\u00a0bar\u00e1tj\u00e1nak &#8230;<\/p>\n","protected":false},"excerpt":{"rendered":"<p>Bar\u00e1tom k\u00e9rdezi ma t\u0151lem, a f\u00e9rjemet kell-e m\u00e9g eml\u00e9keztetni, hogy a gyereket haza kell sz\u00e1ll\u00edtania az \u00f3vod\u00e1b\u00f3l. &#8211; \u00c1, m\u00e1r el\u00e9g g\u00f6rd\u00fcl\u00e9kenyen mennek a dolgok! &#8211; felelem, de hozz\u00e1teszem, az\u00e9rt rendre ott marad valami, keszty\u0171, mell\u00e9ny, cip\u0151&#8230; Viccel\u0151d\u00fcnk, hogy a &hellip; <a href=\"https:\/\/agria.hu\/bdioda\/2012\/03\/22\/mintaapuka\/\">Egy kattint\u00e1s ide a folytat\u00e1shoz&#8230;. <span class=\"meta-nav\">&rarr;<\/span><\/a><\/p>\n","protected":false},"author":59,"featured_media":0,"comment_status":"open","ping_status":"open","sticky":false,"template":"","format":"standard","meta":{"footnotes":""},"categories":[4,1,17],"tags":[],"class_list":["post-494","post","type-post","status-publish","format-standard","hentry","category-csaladi-sztori","category-nincs-kategorizalva","category-roppencsek"],"_links":{"self":[{"href":"https:\/\/agria.hu\/bdioda\/wp-json\/wp\/v2\/posts\/494","targetHints":{"allow":["GET"]}}],"collection":[{"href":"https:\/\/agria.hu\/bdioda\/wp-json\/wp\/v2\/posts"}],"about":[{"href":"https:\/\/agria.hu\/bdioda\/wp-json\/wp\/v2\/types\/post"}],"author":[{"embeddable":true,"href":"https:\/\/agria.hu\/bdioda\/wp-json\/wp\/v2\/users\/59"}],"replies":[{"embeddable":true,"href":"https:\/\/agria.hu\/bdioda\/wp-json\/wp\/v2\/comments?post=494"}],"version-history":[{"count":3,"href":"https:\/\/agria.hu\/bdioda\/wp-json\/wp\/v2\/posts\/494\/revisions"}],"predecessor-version":[{"id":789,"href":"https:\/\/agria.hu\/bdioda\/wp-json\/wp\/v2\/posts\/494\/revisions\/789"}],"wp:attachment":[{"href":"https:\/\/agria.hu\/bdioda\/wp-json\/wp\/v2\/media?parent=494"}],"wp:term":[{"taxonomy":"category","embeddable":true,"href":"https:\/\/agria.hu\/bdioda\/wp-json\/wp\/v2\/categories?post=494"},{"taxonomy":"post_tag","embeddable":true,"href":"https:\/\/agria.hu\/bdioda\/wp-json\/wp\/v2\/tags?post=494"}],"curies":[{"name":"wp","href":"https:\/\/api.w.org\/{rel}","templated":true}]}}