{"id":490,"date":"2012-03-19T18:23:57","date_gmt":"2012-03-19T18:23:57","guid":{"rendered":"https:\/\/agria.hu\/bdioda\/?p=490"},"modified":"2013-05-05T16:20:49","modified_gmt":"2013-05-05T16:20:49","slug":"kuka-kutyas-vs-harapos-anya","status":"publish","type":"post","link":"https:\/\/agria.hu\/bdioda\/2012\/03\/19\/kuka-kutyas-vs-harapos-anya\/","title":{"rendered":"Kuka kuty\u00e1s vs. harap\u00f3s anya"},"content":{"rendered":"<div class=\"fblikebutton_button\" style=\"float: right; margin-left: 10px;\"><iframe src=\"http:\/\/www.facebook.com\/plugins\/like.php?href=https%3A%2F%2Fagria.hu%2Fbdioda%2F2012%2F03%2F19%2Fkuka-kutyas-vs-harapos-anya%2F&amp;layout=standard&amp;show-faces=false&amp;width=450&amp;action=recommend&amp;colorscheme=dark\" scrolling=\"no\" frameborder=\"0\" allowTransparency=\"true\" style=\"border:none; overflow:hidden; width:450px; height:26px\"><\/iframe><\/div>\n<p style=\"text-align: justify\">\n<p style=\"text-align: justify\">\n<p style=\"text-align: justify\">L\u0151d\u00f6rg\u00fcnk az \u00c9rsekkertben, simogat a tavaszi nap, a gyerekeink \u00f6nfeledten m\u00e1sz\u00f3k\u00e1znak Br\u00f3dy S\u00e1ndor szobr\u00e1n, b\u00fajk\u00e1lnak G\u00e1rdonyi G\u00e9za l\u00e1bai k\u00f6z\u00f6tt. A tavacska partj\u00e1n k\u00e9t sr\u00e1c t\u00e1mogat egy harmadikat, aki nagyon nem tal\u00e1lja a horizontot. A szeml\u00e9l\u0151d\u0151k k\u00f6z\u00f6tt indul a licit, h\u00e1ny, nem h\u00e1ny, hova h\u00e1ny. Tiszta idill, ami m\u00e1sodpercek alatt agyv\u00e9rz\u00e9sk\u00f6zeli \u00e1llapotba csap \u00e1t egy kuty\u00e1ja \u00e1ltal s\u00e9t\u00e1ltatott barom miatt. Az eset az \u00e9n hib\u00e1m, v\u00e1llalom. Otthonhagytam a t\u00fcrelmemet. (Vagy Ritus bulij\u00e1ban el\u0151z\u0151 este? A kialvatlans\u00e1gom azzal volt \u00f6sszef\u00fcgg\u00e9sben, az biztos&#8230;)<br \/>\nAz irodalm\u00e1rok, a gyerekeim \u00e9s a h\u00e1ny\u00f3-nemh\u00e1ny\u00f3 cs\u00e1v\u00f3 k\u00f6z\u00f6tt f\u00e9l\u00faton apr\u00f3 termet\u0171 kever\u00e9k kuty\u00e1k szaladg\u00e1lnak, csaholva k\u00f6vetelik a botot gazd\u00e1ikt\u00f3l. A kisebb, peckesebb vakar\u00e9k m\u00e9g szimpatikus is, kb. ilyen volt \u00e9letem els\u0151 saj\u00e1t kuty\u00e1ja, amikor porbanfutkos\u00f3 m\u00e9ret voltam. Hallom, amint a lilahaj\u00fa <span style=\"text-decoration: line-through\">nyanya<\/span> n\u00e9ni osztja az okoss\u00e1got\u00a0 egy h\u00f3rihorgas sr\u00e1cnak, aki jobb\u00e1ra csak b\u00f3logat. A cseveg\u00e9s tartalm\u00e1ra nem sok\u00e1ig figyelek, el\u00e9g volt ennyit hallanom: &#8211; &#8222;k\u00e9pzelje, a saj\u00e1t sz\u0151r\u00e9re volt allergi\u00e1s!&#8221; Az alkalmi p\u00e1ros hamarosan megbomlik, a hajlotth\u00e1t\u00fa b\u00f3logat\u00f3, nyom\u00e1ban k\u00e9t t\u00f6rpecirk\u00e1l\u00f3val, G\u00e1rdonyi\u00e9k fel\u00e9 veszi az ir\u00e1nyt, majd k\u00e9nyelmesen elhelyezkedik az egyik padon. A naps\u00fct\u00e9ses b\u00e9kess\u00e9g nosztalgi\u00e1t h\u00edv bennem, visszagondolok a m\u00faltb\u00e9li Csuli kuty\u00e1mra, \u00e9s \u00e1lmodozok a gyerekeim j\u00f6v\u0151beni zsebeb\u00e9r\u0151l (retik\u00fcl-kompakt lenne j\u00f3 &#8211; van mini bern\u00e1thegyi?). Ut\u00f3daimnak is tetszenek a k\u00f6r\u00fcl\u00f6tt\u00fck szimatol\u00f3 kuty\u00e1k, de rajong\u00e1suk kimer\u00fcl a &#8222;szia kutya&#8221; ki\u00e1lt\u00e1sn\u00e1l. Nem erednek simogat\u00e1si sz\u00e1nd\u00e9kkal a tacsk\u00f3f\u00e9l\u00e9k fel\u00e9 &#8211; ki\u00e9lik magukat a macsk\u00e1nkon, meg az apjukhoz \u00e9rkez\u0151 els\u0151olt\u00e1sos cukis\u00e1gokon. A kuty\u00e1k \u00e9rdekl\u0151d\u0151bbek, f\u0151leg a peckesebb vakar\u00e9k, mert term\u00e9szet\u00fckn\u00e9l fogva betojiak, agg\u00f3dva szimatolnak minden fel\u00e9, ami gyorsabban mozog, mint lomha, b\u00e1m\u00e9sz gazd\u00e1juk.<br \/>\nA zsebkuty\u00e1t el\u00f6nti a f\u00e9lsz, amikor a gyerekeim m\u0171anyag motorral kezdenek sz\u00e1guldani a szobrok dombj\u00e1n lefel\u00e9, \u00edgy amikor meg\u00e1llnak, vad ugat\u00e1ssal oda-odarohan\u00f3s m\u0171sorba kezd. Tudom, hogy f\u00e9lelm\u00e9ben teszi, de att\u00f3l m\u00e9g ez sz\u00e1momra elfogadhatatlan. Egyel\u0151re nem k\u00fcld\u00f6m laza mozdulattal a t\u00f3 ir\u00e1ny\u00e1ba, v\u00e1rom, hogy a gazdi k\u00f6zbel\u00e9p. Csak \u00fcl \u00e9s n\u00e9z.<br \/>\n&#8211; Nem h\u00edvn\u00e1d vissza? &#8211; k\u00e9rdezem \u00e9s a v\u00e1laszra k\u00e9t m\u00e9teres rajzfilm-kiugr\u00e1st produk\u00e1l a szemem: &#8211; Hova?<br \/>\nHogyhogy hova? Keresem a drogos k\u00e1bulat nyomait, de csak &#8222;leszarom a fejed&#8221; tekintetet l\u00e1tok. V\u00e9rbe fordul kialvatlan szemem \u00e9s fenyeget\u0151en k\u00f6p\u00f6m ki: &#8211; Esetleg&#8230; MAGADHOZ?!<br \/>\nA h\u00f6rg\u00e9ssel fel\u00e9r\u0151 k\u00e9rd\u00e9sem hat\u00e1s\u00e1ra a flegma fiatalember a padhoz h\u00edvja a m\u00e9regzs\u00e1kot, aki erre meg is nyugszik, mert ugye megsz\u0171nt sz\u00e1m\u00e1ra az idegen helyzet. Vissza\u00e1ll a nyugalom, az \u00e9n lelkem is csitul. Na j\u00f3, ne t\u0171njek hisztis anyatigrisnek, odal\u00e9pek az \u00fcvegesszem\u0171 el\u00e9 \u00e9s igyekszem kedves lenni a j\u00f6v\u0151beli konfliktusok elker\u00fcl\u00e9se \u00e9rdek\u00e9ben. Hallgatja a mondand\u00f3m, de csak n\u00e9z r\u00e1m. Nem tudom eld\u00f6nteni, nem is \u00e9rti, vagy csak nem \u00e9rdekli amit fel\u00e9 tolok. V\u00e1lasz n\u00e9lk\u00fcl, felh\u00fazott szem\u00f6ld\u00f6kkel \u00e1llok tov\u00e1bb.<\/p>\n<p>Na k\u00e9rem, h\u00e1tha csak lass\u00fa a felfog\u00e1sod <span style=\"text-decoration: underline\"><strong>T. Kuka Kuty\u00e1s!<\/strong><\/span> Le\u00edrom Neked, mint kuty\u00e1s a kuty\u00e1snak, <strong>\u00c9N mit tettem volna<\/strong> hasonl\u00f3 helyzetben.<\/p>\n<p><strong>Gyerek k\u00f6zel\u00e9be se megyek kuty\u00e1val<\/strong>, mert a k\u00f6lyk\u00f6k t\u00f6bbs\u00e9ge nem tudja meg\u00e1llni, hogy meg ne akarja simogatni, vagy r\u00fagni a kuty\u00e1t, f\u0151leg, ha az kistermet\u0171. R\u00e1ad\u00e1sul h\u00fclye gyerek mell\u00e9 j\u00e1r a h\u00fclye anya, \u00e9s nem csak a h\u00fclye mell\u00e9&#8230;<br \/>\nHa a kuty\u00e1m hepci\u00e1skodni kezd, t\u00f6kmindegy kivel szemben, azonnal <strong>L\u00c1BHOZ<\/strong> <strong>parancsolom<\/strong>, elej\u00e9t v\u00e9ve a konfliktusnak. \u00c9s ugye ha m\u00e1r p\u00f3r\u00e1z n\u00e9lk\u00fcl nyomj\u00e1tok, legal\u00e1bb vissza tudod h\u00edvni, ugye?!<br \/>\nHa \u00e9n nem engedem r\u00e1 a gyerekeimet a kuty\u00e1idra, te mi\u00e9rt engeded r\u00e1 azokat a gyerekeimre?!<\/p>\n<p>V\u00e9gezet\u00fcl, szedj koffein tablett\u00e1t, vazze!!! \u00dcdv, D.<\/p>\n","protected":false},"excerpt":{"rendered":"<p>L\u0151d\u00f6rg\u00fcnk az \u00c9rsekkertben, simogat a tavaszi nap, a gyerekeink \u00f6nfeledten m\u00e1sz\u00f3k\u00e1znak Br\u00f3dy S\u00e1ndor szobr\u00e1n, b\u00fajk\u00e1lnak G\u00e1rdonyi G\u00e9za l\u00e1bai k\u00f6z\u00f6tt. A tavacska partj\u00e1n k\u00e9t sr\u00e1c t\u00e1mogat egy harmadikat, aki nagyon nem tal\u00e1lja a horizontot. A szeml\u00e9l\u0151d\u0151k k\u00f6z\u00f6tt indul a licit, h\u00e1ny, &hellip; <a href=\"https:\/\/agria.hu\/bdioda\/2012\/03\/19\/kuka-kutyas-vs-harapos-anya\/\">Egy kattint\u00e1s ide a folytat\u00e1shoz&#8230;. <span class=\"meta-nav\">&rarr;<\/span><\/a><\/p>\n","protected":false},"author":59,"featured_media":0,"comment_status":"open","ping_status":"open","sticky":false,"template":"","format":"standard","meta":{"footnotes":""},"categories":[1,16],"tags":[],"class_list":["post-490","post","type-post","status-publish","format-standard","hentry","category-nincs-kategorizalva","category-okoskodos-megmondos"],"_links":{"self":[{"href":"https:\/\/agria.hu\/bdioda\/wp-json\/wp\/v2\/posts\/490","targetHints":{"allow":["GET"]}}],"collection":[{"href":"https:\/\/agria.hu\/bdioda\/wp-json\/wp\/v2\/posts"}],"about":[{"href":"https:\/\/agria.hu\/bdioda\/wp-json\/wp\/v2\/types\/post"}],"author":[{"embeddable":true,"href":"https:\/\/agria.hu\/bdioda\/wp-json\/wp\/v2\/users\/59"}],"replies":[{"embeddable":true,"href":"https:\/\/agria.hu\/bdioda\/wp-json\/wp\/v2\/comments?post=490"}],"version-history":[{"count":4,"href":"https:\/\/agria.hu\/bdioda\/wp-json\/wp\/v2\/posts\/490\/revisions"}],"predecessor-version":[{"id":790,"href":"https:\/\/agria.hu\/bdioda\/wp-json\/wp\/v2\/posts\/490\/revisions\/790"}],"wp:attachment":[{"href":"https:\/\/agria.hu\/bdioda\/wp-json\/wp\/v2\/media?parent=490"}],"wp:term":[{"taxonomy":"category","embeddable":true,"href":"https:\/\/agria.hu\/bdioda\/wp-json\/wp\/v2\/categories?post=490"},{"taxonomy":"post_tag","embeddable":true,"href":"https:\/\/agria.hu\/bdioda\/wp-json\/wp\/v2\/tags?post=490"}],"curies":[{"name":"wp","href":"https:\/\/api.w.org\/{rel}","templated":true}]}}