{"id":485,"date":"2012-03-13T17:39:44","date_gmt":"2012-03-13T17:39:44","guid":{"rendered":"https:\/\/agria.hu\/bdioda\/?p=485"},"modified":"2013-05-05T16:20:57","modified_gmt":"2013-05-05T16:20:57","slug":"ovodai-nyilt-napok-avagy-tankokat-nevelek","status":"publish","type":"post","link":"https:\/\/agria.hu\/bdioda\/2012\/03\/13\/ovodai-nyilt-napok-avagy-tankokat-nevelek\/","title":{"rendered":"\u00d3vodai ny\u00edlt napok, avagy tankokat nevelek"},"content":{"rendered":"<div class=\"fblikebutton_button\" style=\"float: right; margin-left: 10px;\"><iframe src=\"http:\/\/www.facebook.com\/plugins\/like.php?href=https%3A%2F%2Fagria.hu%2Fbdioda%2F2012%2F03%2F13%2Fovodai-nyilt-napok-avagy-tankokat-nevelek%2F&amp;layout=standard&amp;show-faces=false&amp;width=450&amp;action=recommend&amp;colorscheme=dark\" scrolling=\"no\" frameborder=\"0\" allowTransparency=\"true\" style=\"border:none; overflow:hidden; width:450px; height:26px\"><\/iframe><\/div>\n<p style=\"text-align: justify\">\n<p style=\"text-align: justify\">\n<p style=\"text-align: justify\">\n<p style=\"text-align: justify\">Rettegtem a mai \u00f3vodai ny\u00edlt napt\u00f3l. Megvolt az okom r\u00e1, az els\u0151 ilyen alkalomkor annyira elf\u00e1radtam, minta egy d\u00e9lel\u0151tti &#8222;j\u00e1tsz\u00f3h\u00e1zasdi&#8221; helyett hegyet m\u00e1sztam volna. Velem ellent\u00e9ben Liza l\u00e1nyom elaludni alig b\u00edrt a v\u00e1rakoz\u00e1s izgalm\u00e1ban. Neki is megvolt az oka r\u00e1&#8230;<\/p>\n<p>Az els\u0151 ny\u00edlt nap reggel\u00e9n az eg\u00e9sz csal\u00e1d izgatott boldogs\u00e1gban k\u00e9sz\u00fcl\u0151d\u00f6tt. Liza v\u00e9gre nem hi\u00e1ba szajk\u00f3zta, hogy \u0151 is akar \u00f3vod\u00e1ba menni \u00e9s Oli sem hi\u00e1ba k\u00f6ny\u00f6rg\u00f6tt, hogy Cucus is tartson vele. \u00d6r\u00f6m\u00fcket fokozta az \u00f3v\u00f3n\u00e9nik azon t\u00e1j\u00e9koztat\u00e1sa, miszerint Oliv\u00e9r -kistestv\u00e9re t\u00e1mogat\u00e1s\u00e1ra- \u00e1tj\u00f6het a j\u00e1tsz\u00f3h\u00e1zas csoportszob\u00e1ba \u00e9s csak eb\u00e9dre kell visszamennie.<br \/>\nEl\u0151sz\u00f6r Olit cuccoltam be a k\u00f6ly\u00f6kcs\u0151sz int\u00e9zm\u00e9nybe, majd egy \u00f3ra m\u00falva vihettem a T\u00f6rpill\u00e1t. A kiscsaj az els\u0151 percben els\u00e9t\u00e1lt egy dajkan\u00e9ni oldal\u00e1n, \u00e9n meg a t\u0171k\u00f6n \u00fcl\u0151 Oli\u00e9rt kopogtam be a katic\u00e1sokhoz (a mostani kiscsoport). Fiam ny\u00falcip\u0151t v\u00e9ve sz\u00e1guldott a h\u00faga ut\u00e1n, \u00e9n meg \u00f6r\u00fcltem, milyen j\u00f3, hogy a gyerekeimnek otthonos, kedves hely az \u00f3voda. Na igen&#8230;<br \/>\nF\u00e9l \u00f3ra m\u00falva beh\u00fazott nyakkal azon agyaltam, hogyan tagadhatn\u00e1m le a gyerekeimet. Az \u00f6sszes apr\u00f3s\u00e1g a sz\u0151nyegen, vagy az asztalokn\u00e1l j\u00e1tszott, m\u00edg az \u00e9n ut\u00f3daim birtokba vett\u00e9k az egy\u00e9bk\u00e9nt lez\u00e1rt gal\u00e9ri\u00e1t (az\u00e9rt megnyugtatott, hogy m\u00e1s gyerek\u00e9t se lehetett barrik\u00e1d-sz\u00e9kekkel t\u00e1vol tartani). Oliv\u00e9r a magasb\u00f3l kiab\u00e1lt l\u00e9pcs\u0151n f\u00f6lfel\u00e9 k\u00fasz\u00f3 testv\u00e9r\u00e9nek: &#8211; &#8222;Cucili! Partizzunk!&#8221;<br \/>\n\u00c9s partiztak. F\u00e9keveszetten j\u00e1tszottak, rohang\u00e1ltak, j\u00f3l \u00e9rezt\u00e9k magukat &#8211; ketten. Meg\u00e1llap\u00edtottam, hogy a vegyes korcsoportos \u00f3voda, ahol 15 h\u00f3nap kork\u00fcl\u00f6nbs\u00e9ggel b\u00edr\u00f3 gyerekeim egy\u00fctt lehetn\u00e9nek, nem lenne nek\u00fcnk val\u00f3. Vagyis az esetleges \u00f3v\u00f3n\u00e9niknek.<br \/>\nA program v\u00e9g\u00e9re b\u0151ven t\u00fal voltam m\u00e1r a szimpla \u00e9g\u00e9sen, de ekkor j\u00f6tt csak a java! Liza orden\u00e1r\u00e9 hisztit csapott, nem akart hazaj\u00f6nni. Leizzadtam, mire fel\u00f6lt\u00f6ztettem d\u00fcht\u0151l rugdos\u00f3, p\u00fcf\u00f6l\u0151 l\u00e1nyomat (az ovi zengett a s\u00edr\u00e1st\u00f3l).<br \/>\nDiadalmasan ir\u00e1ny\u00edtottam Liz\u00e1t a kij\u00e1rat, Olit a csoportszoba fel\u00e9, amikor a fiam kedves \u00f3v\u00f3n\u00e9nije j\u00f6tt arra: &#8211; Di\u00e1cska! Mi\u00e9rt mennek el arra a p\u00e1r percre? Biztosan akad Liz\u00e1csk\u00e1nak is egy t\u00e1ny\u00e9rnyi \u00e9tel!<br \/>\n\u0150szint\u00e9n sajn\u00e1lom a reakci\u00f3mat. Levert a v\u00edz \u00e9s olyan hevesen tiltakoztam, hogy Zsuzsika n\u00e9ni k\u00f6nnyen hihette, az ovis koszttal van element\u00e1ris bajom, pedig csak nem akartam \u00fajabb hisztis \u00f6lt\u00f6z\u00e9st.<br \/>\nNapokig mes\u00e9ltem bar\u00e1taimnak az els\u0151 ovis nap tapasztalatait \u00e9s f\u00e9lve gondoltam a m\u00e1sodikra. <a href=\"https:\/\/agria.hu\/bdioda\/files\/2012\/03\/ovoda.jpg\"><img loading=\"lazy\" decoding=\"async\" class=\"alignright size-medium wp-image-486\" src=\"https:\/\/agria.hu\/bdioda\/files\/2012\/03\/ovoda-300x213.jpg\" alt=\"\" width=\"300\" height=\"213\" srcset=\"https:\/\/agria.hu\/bdioda\/files\/2012\/03\/ovoda-300x213.jpg 300w, https:\/\/agria.hu\/bdioda\/files\/2012\/03\/ovoda.jpg 400w\" sizes=\"auto, (max-width: 300px) 100vw, 300px\" \/><\/a><\/p>\n<p>Ma, az \u00fajabb ovis l\u00e1togat\u00e1son a l\u00e1nyommal kettesben vett\u00fcnk r\u00e9szt. Oliv\u00e9r betegen nagyi-programon maradt.<br \/>\nLiza Vikt\u00f3ria \u00fagy viselkedett, mint egy angyal! Azt sem tudtam, hogy ilyenre is k\u00e9pes. Nem volt &#8222;anyaletoj\u00e1s&#8221;, sem hiszt\u00e9ria. \u00dagy l\u00e9pkedtem a nyom\u00e1ban, mint egy p\u00e1va&#8230;<\/p>\n<p>A cs\u00faszd\u00e1n\u00e1l az\u00e9rt siker\u00fclt megbotr\u00e1nkoztatnom n\u00e9h\u00e1ny feln\u0151ttet. Egy anyuka \u00e9pp sorban\u00e1ll\u00e1sra rendszab\u00e1lyozta leend\u0151 ovis kisfi\u00e1t, amikor Liza oda\u00e9rt \u00e9s f\u00f6lnyomult a j\u00e1t\u00e9kszerre. \u00c9n hagytam. A szemreh\u00e1ny\u00f3 pillant\u00e1s n\u00e9lk\u00fcl is \u00e9reztem, nemt\u00f6r\u0151d\u00f6ms\u00e9gem magyar\u00e1zatot (vagy magyar\u00e1zkod\u00e1st?) k\u00edv\u00e1n.<br \/>\nBocs\u00e1natot k\u00e9rtem az anyuk\u00e1t\u00f3l \u00e9s k\u00f6z\u00f6ltem, nem fogok r\u00e1sz\u00f3lni a nyomul\u00f3 kisl\u00e1nyomra. A b\u00e1tyj\u00e1val folyton ezt tettem, szajk\u00f3ztam az udvariass\u00e1got. Az els\u0151 \u00f3vodai hetet gyakorlatilag a cs\u00faszda tetej\u00e9n t\u00f6lt\u00f6tte, nem tudott lecs\u00faszni, minden k\u00f6ly\u00f6k el\u00e9furakodott, \u0151 meg csak h\u00e1nyk\u00f3dott k\u00e9ts\u00e9gbeesve jobbra, balra. Az\u00f3ta mindketten tojunk az udvariass\u00e1gra.<br \/>\nAz anyuk\u00e1nak megvolt r\u00f3lam a v\u00e9lem\u00e9nye. Azt\u00e1n kij\u00f6ttek a k\u00f6z\u00e9ps\u0151s\u00f6k \u00e9s nagycsoportosok, \u00e9s m\u00e1s f\u00e9nyben kezdte l\u00e1tni a dolgokat. &#8211; &#8222;Hogy itt mik vannak?!&#8221; &#8211; hebegte a tolong\u00f3 ovisokat n\u00e9zve, \u00e9n meg csak sunyin, befel\u00e9 vigyorogtam.<\/p>\n<p>Ink\u00e1bb legyen a fiam bunk\u00f3 \u00e9s sikeres, mint udvarias ny\u00falb\u00e9la.<\/p>\n","protected":false},"excerpt":{"rendered":"<p>Rettegtem a mai \u00f3vodai ny\u00edlt napt\u00f3l. Megvolt az okom r\u00e1, az els\u0151 ilyen alkalomkor annyira elf\u00e1radtam, minta egy d\u00e9lel\u0151tti &#8222;j\u00e1tsz\u00f3h\u00e1zasdi&#8221; helyett hegyet m\u00e1sztam volna. Velem ellent\u00e9ben Liza l\u00e1nyom elaludni alig b\u00edrt a v\u00e1rakoz\u00e1s izgalm\u00e1ban. Neki is megvolt az oka r\u00e1&#8230; &hellip; <a href=\"https:\/\/agria.hu\/bdioda\/2012\/03\/13\/ovodai-nyilt-napok-avagy-tankokat-nevelek\/\">Egy kattint\u00e1s ide a folytat\u00e1shoz&#8230;. <span class=\"meta-nav\">&rarr;<\/span><\/a><\/p>\n","protected":false},"author":59,"featured_media":0,"comment_status":"open","ping_status":"open","sticky":false,"template":"","format":"standard","meta":{"footnotes":""},"categories":[4,1,16],"tags":[],"class_list":["post-485","post","type-post","status-publish","format-standard","hentry","category-csaladi-sztori","category-nincs-kategorizalva","category-okoskodos-megmondos"],"_links":{"self":[{"href":"https:\/\/agria.hu\/bdioda\/wp-json\/wp\/v2\/posts\/485","targetHints":{"allow":["GET"]}}],"collection":[{"href":"https:\/\/agria.hu\/bdioda\/wp-json\/wp\/v2\/posts"}],"about":[{"href":"https:\/\/agria.hu\/bdioda\/wp-json\/wp\/v2\/types\/post"}],"author":[{"embeddable":true,"href":"https:\/\/agria.hu\/bdioda\/wp-json\/wp\/v2\/users\/59"}],"replies":[{"embeddable":true,"href":"https:\/\/agria.hu\/bdioda\/wp-json\/wp\/v2\/comments?post=485"}],"version-history":[{"count":3,"href":"https:\/\/agria.hu\/bdioda\/wp-json\/wp\/v2\/posts\/485\/revisions"}],"predecessor-version":[{"id":488,"href":"https:\/\/agria.hu\/bdioda\/wp-json\/wp\/v2\/posts\/485\/revisions\/488"}],"wp:attachment":[{"href":"https:\/\/agria.hu\/bdioda\/wp-json\/wp\/v2\/media?parent=485"}],"wp:term":[{"taxonomy":"category","embeddable":true,"href":"https:\/\/agria.hu\/bdioda\/wp-json\/wp\/v2\/categories?post=485"},{"taxonomy":"post_tag","embeddable":true,"href":"https:\/\/agria.hu\/bdioda\/wp-json\/wp\/v2\/tags?post=485"}],"curies":[{"name":"wp","href":"https:\/\/api.w.org\/{rel}","templated":true}]}}