{"id":469,"date":"2012-02-25T18:40:58","date_gmt":"2012-02-25T18:40:58","guid":{"rendered":"https:\/\/agria.hu\/bdioda\/?p=469"},"modified":"2013-05-05T16:21:13","modified_gmt":"2013-05-05T16:21:13","slug":"foldszintes-talalkozas","status":"publish","type":"post","link":"https:\/\/agria.hu\/bdioda\/2012\/02\/25\/foldszintes-talalkozas\/","title":{"rendered":"F\u00f6ldszintes tal\u00e1lkoz\u00e1s"},"content":{"rendered":"<div class=\"fblikebutton_button\" style=\"float: right; margin-left: 10px;\"><iframe src=\"http:\/\/www.facebook.com\/plugins\/like.php?href=https%3A%2F%2Fagria.hu%2Fbdioda%2F2012%2F02%2F25%2Ffoldszintes-talalkozas%2F&amp;layout=standard&amp;show-faces=false&amp;width=450&amp;action=recommend&amp;colorscheme=dark\" scrolling=\"no\" frameborder=\"0\" allowTransparency=\"true\" style=\"border:none; overflow:hidden; width:450px; height:26px\"><\/iframe><\/div>\n<p style=\"text-align: justify\">\n<p style=\"text-align: justify\">\n<p style=\"text-align: justify\">Tegnap sz\u00ednh\u00e1zaztunk Kata bar\u00e1tn\u0151mmel, hosszas szervez\u00e9s ut\u00e1n elment\u00fcnk a <a href=\"http:\/\/foldszint2.gportal.hu\/gindex.php?pg=34563853\" target=\"_blank\">F\u00f6ldszint 2<\/a>.-be. Kisgyermekes anyuk\u00e1knak neh\u00e9z el\u0151re helyet foglalni b\u00e1rmilyen fixid\u0151pontos esem\u00e9nyre (\u00e9rtelmis\u00e9gi l\u00e1tszatkelt\u00e9s tot\u00e1l kil\u0151ve), \u00edgy f\u00fclf\u00e1j\u00e1s miatt \u00e9n is csak a m\u00e1sodik alkalomra jutottam el. R\u00e9g\u00f3ta birizg\u00e1lta m\u00e1r az oldalam ez az \u00faj kultur\u00e1lis form\u00e1ci\u00f3, okt\u00f3beri indul\u00e1sa \u00f3ta legal\u00e1bbis. K\u00edv\u00e1ncsian v\u00e1rtam, mit ad nekem, a kritikus kult\u00farbunk\u00f3nak a Fsz.2.<br \/>\nSz\u00e9chenyi \u00fati kapualjon \u00e1t jutottunk a r\u00e9gi polg\u00e1ri lak\u00e1sba. Hangulatkelt\u0151, olcs\u00f3 f\u00e9nyforr\u00e1sok, m\u00e9csesek vezetik az utat a bej\u00e1ratig. Cuki, lelem\u00e9nyes. Kedves, tiszta \u00fcdv\u00f6z\u0151 hangok az ajt\u00f3ban, fura vir\u00e1gillat, amolyan nagyis atmoszf\u00e9ra. Susmorg\u00f3, cuccrendezget\u0151 k\u00f6z\u00f6ns\u00e9g, izgatott helykeres\u00e9s, furakod\u00e1s az el\u0151bb l\u00e9v\u0151 feh\u00e9r m\u0171anyag sz\u00e9kek\u00e9rt.<br \/>\nGyors plety\u00f3z\u00e1s a bar\u00e1tn\u0151mmel, halv\u00e1nyul\u00f3 f\u00e9nyek, fojt\u00f3 izgatotts\u00e1g &#8211; kezd\u0151dik. Nincs leg\u00f6rd\u00fcl\u0151 f\u00fcgg\u00f6ny, de nem is hi\u00e1nyzik. Az \u00f3don magas falak eleganci\u00e1t \u00e9s t\u00f6rt\u00e9nelmet sugallnak. Nem \u00f6lt\u00f6zik itt puccba az ember, nem n\u00e9zik ki a farmerost sem, de valahogy ez a r\u00e9gi lak\u00e1s elv\u00e1rja, hogy a laza flegmas\u00e1got otthon hagyd. Fura ez, nem az emberek, a sokat meg\u00e9lt falak parancsolnak tiszteletet.<br \/>\nN\u00e9gyszerepl\u0151s darab, vend\u00e9gel\u0151ad\u00e1s, tabukat boncolgat\u00f3, feszeget\u0151. A K\u00e9retik el\u00e9getni nem egy nagy sztori, de a fiatal sz\u00edn\u00e9szek profi el\u0151ad\u00e1s\u00e1val men\u0151bb st\u00fadi\u00f3sz\u00ednh\u00e1zban is meg\u00e1lln\u00e1 a hely\u00e9t. Az els\u0151 kar\u00f3tnyelt percek ut\u00e1n felszabadulnak a m\u0171v\u00e9szek, a k\u00f6z\u00f6ns\u00e9g pedig hozz\u00e1szokik a n\u00e1lunk m\u00e9g mindig illetlennek tartott sz\u00ednpadi szabadsz\u00e1j\u00fas\u00e1ghoz. Legal\u00e1bbis a t\u00f6bbs\u00e9g. \u00c9n is t\u00fallend\u00fcl\u00f6k a &#8222;dobjuk fel a sztorit egy vicces buzi szerepl\u0151vel&#8221; klis\u00e9 miatti bosszankod\u00e1somon \u00e9s figyelmem egy \u00e9des adal\u00e9k, az el\u0151ttem \u00fcl\u0151 n\u00e9ni fel\u00e9 fordul. Amolyan egri d\u00e1ma \u0151, feszes tart\u00e1ssal, s\u00f6t\u00e9t\u00edtett szem\u00fcvegben, festett hajjal, kora m\u00e1r meghat\u00e1rozhatatlan. Percenk\u00e9nt kapkodja k\u00f6ves aranygy\u0171r\u0171vel cicom\u00e1zott r\u00e1ncos kez\u00e9t a sz\u00e1j\u00e1hoz. Sz\u00f6rny\u00fclk\u00f6dik. Sz\u00e1m\u00e1ra m\u00e9g elv\u00e1r\u00e1s felh\u00e1borodni, ha az egyik f\u00e9rfi szerepl\u0151 \u00e9pp arr\u00f3l mes\u00e9l, hogyan \u00e9lvezett el a h\u00f3es\u00e9ses \u00e9jjeli kapualjban, egy m\u00e1sik f\u00e9rfi sz\u00e1ja \u00e1ltal. A D\u00e1ma h\u00e1tra-h\u00e1trapislog szint\u00e9n id\u0151s bar\u00e1tn\u0151je fel\u00e9, aki viszont l\u00e1that\u00f3an elfogad\u00f3 az eff\u00e9le m\u0171v\u00e9szi h\u00f3bortok, fiatalos realit\u00e1sok ir\u00e1nt, \u00edgy egy id\u0151 ut\u00e1n m\u00e1r \u0151 is mer nevetni a po\u00e9nokon, s\u0151t, a v\u00e9g\u00e9n lelkesen tapsol.<br \/>\nT\u00e9nyleg f\u00f6ldszintes ez a sz\u00ednh\u00e1z, a h\u00e1ts\u00f3 sorban sokszor ink\u00e1bb hangj\u00e1t\u00e9k &#8211; de nem b\u00e1nj\u00e1k az utols\u00f3k.<br \/>\nJ\u00f3l sz\u00f3rakoztam. Nem hi\u00e1nyzott a nagyf\u00fcgg\u00f6ny, a p\u00e1rn\u00e1zott sz\u00e9k (mondjuk \u00e9rdemes vinni valamit a pop\u00f3 al\u00e1, k\u00fcl\u00f6nben m\u00e1snap k\u00f6nnyen azon kapja mag\u00e1t az ember, hogy t\u0151zeg\u00e1fonya kapszul\u00e1\u00e9rt \u00e1ll sorban a gy\u00f3gyszert\u00e1rban), sem a dr\u00e1ga d\u00edszlet (amit sim\u00e1n p\u00f3tol a lak\u00e1s \u00f6sszenyitott tere n\u00e9h\u00e1ny kell\u00e9kkel). Igaz, a helysz\u00edn korl\u00e1tozza az itt bemutathat\u00f3 m\u0171fajok sz\u00e1m\u00e1t, de ez nem baj, elv\u00e9gre ez lak\u00e1ssz\u00ednh\u00e1z cilindernek \u00e1lc\u00e1zott becs\u00fcletkassz\u00e1val.<br \/>\nAz el\u0151ad\u00e1s v\u00e9g\u00e9n borozgat\u00e1s, pogiz\u00e1s a m\u0171v\u00e9szekkel, n\u00e9z\u0151kkel, igazi \u00e9rtelmis\u00e9gi p\u00e1rbesz\u00e9d lehet\u0151s\u00e9ge pucc-par\u00e1d\u00e9 n\u00e9lk\u00fcl. Ebben az eg\u00e9szben sz\u00e1momra ez a fin\u00e1l\u00e9 a legizgalmasabb. M\u0171v\u00e9szi eszmecsere, pletyka, politiz\u00e1l\u00e1s&#8230;<\/p>\n","protected":false},"excerpt":{"rendered":"<p>Tegnap sz\u00ednh\u00e1zaztunk Kata bar\u00e1tn\u0151mmel, hosszas szervez\u00e9s ut\u00e1n elment\u00fcnk a F\u00f6ldszint 2.-be. Kisgyermekes anyuk\u00e1knak neh\u00e9z el\u0151re helyet foglalni b\u00e1rmilyen fixid\u0151pontos esem\u00e9nyre (\u00e9rtelmis\u00e9gi l\u00e1tszatkelt\u00e9s tot\u00e1l kil\u0151ve), \u00edgy f\u00fclf\u00e1j\u00e1s miatt \u00e9n is csak a m\u00e1sodik alkalomra jutottam el. R\u00e9g\u00f3ta birizg\u00e1lta m\u00e1r az oldalam &hellip; <a href=\"https:\/\/agria.hu\/bdioda\/2012\/02\/25\/foldszintes-talalkozas\/\">Egy kattint\u00e1s ide a folytat\u00e1shoz&#8230;. <span class=\"meta-nav\">&rarr;<\/span><\/a><\/p>\n","protected":false},"author":59,"featured_media":0,"comment_status":"open","ping_status":"open","sticky":false,"template":"","format":"standard","meta":{"footnotes":""},"categories":[1,16],"tags":[],"class_list":["post-469","post","type-post","status-publish","format-standard","hentry","category-nincs-kategorizalva","category-okoskodos-megmondos"],"_links":{"self":[{"href":"https:\/\/agria.hu\/bdioda\/wp-json\/wp\/v2\/posts\/469","targetHints":{"allow":["GET"]}}],"collection":[{"href":"https:\/\/agria.hu\/bdioda\/wp-json\/wp\/v2\/posts"}],"about":[{"href":"https:\/\/agria.hu\/bdioda\/wp-json\/wp\/v2\/types\/post"}],"author":[{"embeddable":true,"href":"https:\/\/agria.hu\/bdioda\/wp-json\/wp\/v2\/users\/59"}],"replies":[{"embeddable":true,"href":"https:\/\/agria.hu\/bdioda\/wp-json\/wp\/v2\/comments?post=469"}],"version-history":[{"count":6,"href":"https:\/\/agria.hu\/bdioda\/wp-json\/wp\/v2\/posts\/469\/revisions"}],"predecessor-version":[{"id":793,"href":"https:\/\/agria.hu\/bdioda\/wp-json\/wp\/v2\/posts\/469\/revisions\/793"}],"wp:attachment":[{"href":"https:\/\/agria.hu\/bdioda\/wp-json\/wp\/v2\/media?parent=469"}],"wp:term":[{"taxonomy":"category","embeddable":true,"href":"https:\/\/agria.hu\/bdioda\/wp-json\/wp\/v2\/categories?post=469"},{"taxonomy":"post_tag","embeddable":true,"href":"https:\/\/agria.hu\/bdioda\/wp-json\/wp\/v2\/tags?post=469"}],"curies":[{"name":"wp","href":"https:\/\/api.w.org\/{rel}","templated":true}]}}