{"id":465,"date":"2012-02-21T09:15:49","date_gmt":"2012-02-21T09:15:49","guid":{"rendered":"https:\/\/agria.hu\/bdioda\/?p=465"},"modified":"2013-05-05T16:22:18","modified_gmt":"2013-05-05T16:22:18","slug":"a-jozsaru-probalkozasai","status":"publish","type":"post","link":"https:\/\/agria.hu\/bdioda\/2012\/02\/21\/a-jozsaru-probalkozasai\/","title":{"rendered":"A J\u00f3zsaru pr\u00f3b\u00e1lkoz\u00e1sai"},"content":{"rendered":"<div class=\"fblikebutton_button\" style=\"float: right; margin-left: 10px;\"><iframe src=\"http:\/\/www.facebook.com\/plugins\/like.php?href=https%3A%2F%2Fagria.hu%2Fbdioda%2F2012%2F02%2F21%2Fa-jozsaru-probalkozasai%2F&amp;layout=standard&amp;show-faces=false&amp;width=450&amp;action=recommend&amp;colorscheme=dark\" scrolling=\"no\" frameborder=\"0\" allowTransparency=\"true\" style=\"border:none; overflow:hidden; width:450px; height:26px\"><\/iframe><\/div>\n<p style=\"text-align: justify\">\n<p style=\"text-align: justify\">Oliv\u00e9r fiam okt\u00f3ber \u00f3ta \u00f3vod\u00e1s. Minden h\u00e9tk\u00f6znap reggel (m\u00e1r ha nem beteg) \u00e9n viszem oviba, haza viszont t\u00f6bbnyire az apja hozza. Nem volt m\u00e9g olyan indok, amivel r\u00e1 tudtam volna venni Ap\u00e1t a reggeli fuvaros szerep\u00e9re. Egyszer\u0171en irt\u00f3zik a lehet\u0151s\u00e9gt\u0151l, hogy Oli s\u00edrni, net\u00e1n hisztizni kezd, amit ugye neki nincs sz\u00edve megfelel\u0151en kezelni. \u0150 mindig a j\u00f3 sz\u00fcl\u0151 (\u00f3, igen, j\u00f3 zsaru, rossz zsaru &#8211; az ut\u00f3bbi rendre \u00e9n vagyok), c\u00e9lj\u00e1t ink\u00e1bb veszteget\u00e9ssel, mint \u00e9rvekkel, szigorral \u00e9ri el. De Apa nem csak &#8222;puha&#8221; sz\u00fcl\u0151, hanem sz\u00f3rakozott is&#8230;<\/p>\n<p style=\"text-align: justify\">A m\u00falt h\u00e9ten v\u00e9gre meg\u00e1lltam \u00e9s nem telefon\u00e1ltam r\u00e1 Ap\u00e1ra, nehogy elfelejtse hazahozni a gyereket az ovib\u00f3l. (Az elm\u00falt h\u00e1rom h\u00f3napban minden d\u00e9lben k\u00e9nyszeresen felh\u00edvtam a f\u00e9rjemet, agg\u00f3dtam.) Gondoltam, mostanra csak siker\u00fclt rutinn\u00e1 v\u00e1lnia a d\u00e9li sz\u00e1ll\u00edtm\u00e1nyoz\u00e1snak. Igazam volt, Apa ment Oli\u00e9rt, mint a parancsolat! Id\u0151ben ott volt, b\u00fcszk\u00e9n fesz\u00edtve v\u00e1rakozott is kicsit az el\u0151t\u00e9rben, m\u00edg a kiscsoportosok v\u00e9geztek az eb\u00e9ddel.<br \/>\nA felszabadults\u00e1gt\u00f3l \u00f6rd\u00f6gfi\u00f3k\u00e1v\u00e1 v\u00e1l\u00f3 gyereket sikeresen fel\u00f6lt\u00f6ztette (nem semmi teljes\u00edtm\u00e9ny am\u00fagy!), r\u00e1adta az over\u00e1llt, a sapk\u00e1t, s\u00e1lat, m\u00e9g a keszty\u0171t is rendesen, minden ujjal a hely\u00e9n. Illedelmesen elk\u00f6sz\u00f6ntek a t\u00f6bbiekt\u0151l \u00e9s k\u00e9zenfogva ballagtak kifel\u00e9, Apa m\u00e9g kev\u00e9lyen oda is sand\u00edtot a kap\u00e1l\u00f3z\u00f3 gyerek\u00fckkel k\u00fczd\u0151 anyuk\u00e1k fel\u00e9.<br \/>\nKil\u00e9pve a null\u00e1t alulr\u00f3l sem ver\u0151 h\u0151m\u00e9rs\u00e9kletre Oliv\u00e9r megr\u00e1ngatta apja kez\u00e9t:<br \/>\n&#8211; De h\u00e1t Apa! Nem adtad r\u00e1m a csizm\u00e1t, benti szandiban j\u00f6tt\u00fcnk ki!<br \/>\n&#8230;<\/p>\n<p style=\"text-align: justify\">M\u00e1snap Apa felk\u00e9sz\u00fclten \u00e9rkezett a gyermek\u00e9rt az oviba. Felfegyverkezett 3 (!) darab kinder toj\u00e1ssal! (R\u00e1m bezzeg cs\u00fany\u00e1n n\u00e9z, ha meg merem lepni a k\u00f6lyk\u00f6ket egy-egy t\u00far\u00f3 rudival \u00e9s p\u00f6khendien \u00e9rdekl\u0151dik a fogmos\u00e1s rendszeress\u00e9g\u00e9r\u0151l&#8230;khm&#8230;)<\/p>\n<p style=\"text-align: justify\">Oliv\u00e9r szok\u00e1s szerint el\u0151adta a megvadult kukacot, m\u00e1szott a radi\u00e1torra, esze \u00e1g\u00e1ba sem volt az \u00f6lt\u00f6zk\u00f6d\u00e9sben k\u00f6zrem\u0171k\u00f6dni. Apa k\u00ednj\u00e1ban az \u00f6sszes kinder toj\u00e1st\u00a0 oda\u00edg\u00e9rte neki, csak el tudjanak m\u00e1r v\u00e9gre j\u00f6nni az \u00f3vod\u00e1b\u00f3l, ahol persze a t\u00f6bbi sz\u00fcl\u0151 leplezett mosollyal figyelte Apa sz\u00e1nalmas pr\u00f3b\u00e1lkoz\u00e1sait csemet\u00e9je megzabol\u00e1z\u00e1s\u00e1ra. A helyzet m\u00e1r kell\u0151k\u00e9ppen \u00e9g\u0151 volt ahhoz, hogy dr\u00e1ga uram az over\u00e1ll-als\u00f3t is elfelejtse, de legal\u00e1bb a kab\u00e1t f\u00f6lker\u00fclt a gyerekre \u00e9s hazaj\u00f6hettek.<br \/>\nAz ajt\u00f3n bel\u00e9pve Oliv\u00e9r els\u0151 mondata az volt, hogy h\u00e1rom kindert is kapott \u00e9s mind az \u00f6v\u00e9. A b\u00e1tyja el\u00e9 siet\u0151 Cucili ezt meghallva azonnal b\u0151gve vetette mag\u00e1t hasra. Apa ebben a kritikus pillanatban k\u00f6z\u00f6lte, hogy neki dolgozni kell menni \u00e9s m\u00e1r ki is pender\u00fclt az ajt\u00f3n.<br \/>\nEgy \u00f3r\u00e1s k\u00fczdelem k\u00f6vetkezett. Oli az\u00e9rt \u00fcv\u00f6lt\u00f6tt, mert nem akarta odaadni a j\u00e1t\u00e9kokat a testv\u00e9r\u00e9nek, ugyeb\u00e1r mind \u0151 kapta. Liza az\u00e9rt s\u00edrt, mert semmit sem kapott, \u00e9n meg felv\u00e1ltva magyar\u00e1ztam, k\u00f6ny\u00f6r\u00f6gtem, kiab\u00e1ltam nekik, ecsetelve a testv\u00e9riess\u00e9g, a j\u00f3sz\u00edv\u0171s\u00e9g \u00e9s az irigys\u00e9g fogalmait, mik\u00f6zben gondolatban v\u00e1logatott szidalmakat v\u00e1gtam f\u00e9rjecsk\u00e9m fej\u00e9hez.<br \/>\nNagy sok\u00e1ra siker\u00fclt megb\u00e9k\u00edteni a csemet\u00e9ket, Oli megosztotta a j\u00e1t\u00e9kokat Liz\u00e1val, a csokit pedig \u00e9n ettem meg az utols\u00f3 morzs\u00e1ig, megel\u0151z\u0151 sz\u00e1nd\u00e9kkal, legal\u00e1bb ebb\u0151l ne legyen vita&#8230;na \u00e9s kellettek a boldogs\u00e1ghormonok megviselt lelkemnek.<br \/>\nAp\u00e1t persze m\u00e9g aznap este el\u0151vettem a t\u00f6rt\u00e9ntek miatt. Felvil\u00e1gos\u00edtottam, ha nem finom\u00edt a m\u00f3dszerein, ezent\u00fal neki kell reggel is fuvarozni. K\u00f6lcs\u00f6n keny\u00e9r&#8230;<\/p>\n","protected":false},"excerpt":{"rendered":"<p>Oliv\u00e9r fiam okt\u00f3ber \u00f3ta \u00f3vod\u00e1s. Minden h\u00e9tk\u00f6znap reggel (m\u00e1r ha nem beteg) \u00e9n viszem oviba, haza viszont t\u00f6bbnyire az apja hozza. Nem volt m\u00e9g olyan indok, amivel r\u00e1 tudtam volna venni Ap\u00e1t a reggeli fuvaros szerep\u00e9re. Egyszer\u0171en irt\u00f3zik a lehet\u0151s\u00e9gt\u0151l, &hellip; <a href=\"https:\/\/agria.hu\/bdioda\/2012\/02\/21\/a-jozsaru-probalkozasai\/\">Egy kattint\u00e1s ide a folytat\u00e1shoz&#8230;. <span class=\"meta-nav\">&rarr;<\/span><\/a><\/p>\n","protected":false},"author":59,"featured_media":0,"comment_status":"open","ping_status":"open","sticky":false,"template":"","format":"standard","meta":{"footnotes":""},"categories":[4,1],"tags":[],"class_list":["post-465","post","type-post","status-publish","format-standard","hentry","category-csaladi-sztori","category-nincs-kategorizalva"],"_links":{"self":[{"href":"https:\/\/agria.hu\/bdioda\/wp-json\/wp\/v2\/posts\/465","targetHints":{"allow":["GET"]}}],"collection":[{"href":"https:\/\/agria.hu\/bdioda\/wp-json\/wp\/v2\/posts"}],"about":[{"href":"https:\/\/agria.hu\/bdioda\/wp-json\/wp\/v2\/types\/post"}],"author":[{"embeddable":true,"href":"https:\/\/agria.hu\/bdioda\/wp-json\/wp\/v2\/users\/59"}],"replies":[{"embeddable":true,"href":"https:\/\/agria.hu\/bdioda\/wp-json\/wp\/v2\/comments?post=465"}],"version-history":[{"count":4,"href":"https:\/\/agria.hu\/bdioda\/wp-json\/wp\/v2\/posts\/465\/revisions"}],"predecessor-version":[{"id":468,"href":"https:\/\/agria.hu\/bdioda\/wp-json\/wp\/v2\/posts\/465\/revisions\/468"}],"wp:attachment":[{"href":"https:\/\/agria.hu\/bdioda\/wp-json\/wp\/v2\/media?parent=465"}],"wp:term":[{"taxonomy":"category","embeddable":true,"href":"https:\/\/agria.hu\/bdioda\/wp-json\/wp\/v2\/categories?post=465"},{"taxonomy":"post_tag","embeddable":true,"href":"https:\/\/agria.hu\/bdioda\/wp-json\/wp\/v2\/tags?post=465"}],"curies":[{"name":"wp","href":"https:\/\/api.w.org\/{rel}","templated":true}]}}