{"id":456,"date":"2012-02-17T10:19:11","date_gmt":"2012-02-17T10:19:11","guid":{"rendered":"https:\/\/agria.hu\/bdioda\/?p=456"},"modified":"2013-05-05T16:22:38","modified_gmt":"2013-05-05T16:22:38","slug":"gaz-kaloz-pernahajder","status":"publish","type":"post","link":"https:\/\/agria.hu\/bdioda\/2012\/02\/17\/gaz-kaloz-pernahajder\/","title":{"rendered":"Gaz kal\u00f3z, pernahajder"},"content":{"rendered":"<div class=\"fblikebutton_button\" style=\"float: right; margin-left: 10px;\"><iframe src=\"http:\/\/www.facebook.com\/plugins\/like.php?href=https%3A%2F%2Fagria.hu%2Fbdioda%2F2012%2F02%2F17%2Fgaz-kaloz-pernahajder%2F&amp;layout=standard&amp;show-faces=false&amp;width=450&amp;action=recommend&amp;colorscheme=dark\" scrolling=\"no\" frameborder=\"0\" allowTransparency=\"true\" style=\"border:none; overflow:hidden; width:450px; height:26px\"><\/iframe><\/div>\n<p style=\"text-align: justify\">\n<p style=\"text-align: justify\">\n<p style=\"text-align: justify\">\n<p style=\"text-align: justify\">\n<p style=\"text-align: justify\">\n<p style=\"text-align: justify\">Kisfiam ma kal\u00f3zk\u00e9nt ment oviba. Napokig gy\u00e1rtottuk a jelmezt a farsangra, igyekezt\u00fcnk min\u00e9l t\u00f6k\u00e9letesebb tengeri harami\u00e1t alkotni. Oliv\u00e9rnek persze mindegy volt, mi lesz bel\u0151le, csak lehet\u0151leg hozz\u00e1tartozzon az imidzshez a csihi-puhi, kardoz\u00e1s, l\u00f6v\u00f6ld\u00f6z\u00e9s, egysz\u00f3val a fi\u00fas virtuskod\u00e1s. V\u00e9g\u00fcl megegyezt\u00fcnk, hogy az \u0151 kedvenc rajzfilmsorozata, a <a href=\"http:\/\/www.youtube.com\/watch?v=Raxn6lAdAdI\" target=\"_blank\">Jake \u00e9s a Sohaorsz\u00e1g kal\u00f3zai<\/a>, valamint az \u00e9n sz\u00e1zszor megn\u00e9zett filmem, <a href=\"http:\/\/www.youtube.com\/watch?v=WqZaPzIHZhM\" target=\"_blank\">a Karib-tenger kal\u00f3zai <\/a>alapj\u00e1n gaz kal\u00f3z k\u00f6lyk\u00f6t faragunk bel\u0151le. (Meg\u00edg\u00e9rtem, olyan Jack Sparrow-t\u00a0kre\u00e1lok bel\u0151le, hogy az \u00f3v\u00f3n\u00e9nik r\u00f6gt\u00f6n javasolj\u00e1k Johnny Depp mell\u00e9 statiszt\u00e1nak.) <a href=\"https:\/\/agria.hu\/bdioda\/files\/2012\/02\/2653_JackSparrow300.jpg\"><img loading=\"lazy\" decoding=\"async\" class=\"wp-image-457 alignleft\" src=\"https:\/\/agria.hu\/bdioda\/files\/2012\/02\/2653_JackSparrow300.jpg\" alt=\"\" width=\"240\" height=\"240\" srcset=\"https:\/\/agria.hu\/bdioda\/files\/2012\/02\/2653_JackSparrow300.jpg 300w, https:\/\/agria.hu\/bdioda\/files\/2012\/02\/2653_JackSparrow300-150x150.jpg 150w\" sizes=\"auto, (max-width: 240px) 100vw, 240px\" \/><\/a><br \/>\nR\u00e9gi szat\u00e9n k\u00f6nt\u00f6st daraboltam fel, f\u00e9rceltem \u00f6ssze mell\u00e9nynek, ami al\u00e1 cs\u00edkos hossz\u00fa ujj\u00fa p\u00f3l\u00f3 ker\u00fclt. Alulra cs\u00edkos pizsials\u00f3t vett a fiatal\u00far, f\u00f6lcakkoztuk a sz\u00e1r\u00e1t, hogy vag\u00e1nyabb legyen. M\u00e9g a zokni is cs\u00edkos volt! Apa egy r\u00e9gi \u00f6v\u00e9t &#8222;megm\u0171t\u00f6tt\u00fck&#8221;, \u00edgy lett csatos gatyafog\u00f3. K\u00e9sz\u00edtett\u00fcnk kend\u0151t \u00e9s kal\u00f3z sityk\u00e1t is, a felf\u00fajhat\u00f3 kard \u00e9s a gumik\u00edgy\u00f3 pedig hal\u00e1lfejes cip\u0151f\u0171z\u0151re lett akasztva (A cip\u0151f\u0171z\u0151t m\u00e9g akkor vett\u00fck, amikor Oli csak p\u00e1r h\u00f3napos volt \u00e9s musz\u00e1j volt adni neki valami apr\u00f3s\u00e1got, amit b\u00fcgy\u00fcrg\u00e9szhet, m\u00edg cip\u0151t pr\u00f3b\u00e1ltunk az apj\u00e1val. A kard a b\u00e9bimedence tartoz\u00e9ka ny\u00e1rr\u00f3l&#8230;) <a href=\"https:\/\/agria.hu\/bdioda\/files\/2012\/02\/kaloz3.jpg\"><img loading=\"lazy\" decoding=\"async\" class=\"alignright size-medium wp-image-458\" src=\"https:\/\/agria.hu\/bdioda\/files\/2012\/02\/kaloz3-199x300.jpg\" alt=\"\" width=\"199\" height=\"300\" srcset=\"https:\/\/agria.hu\/bdioda\/files\/2012\/02\/kaloz3-199x300.jpg 199w, https:\/\/agria.hu\/bdioda\/files\/2012\/02\/kaloz3-681x1024.jpg 681w\" sizes=\"auto, (max-width: 199px) 100vw, 199px\" \/><\/a><br \/>\nNagyon b\u00fcszk\u00e9k voltunk a v\u00e9geredm\u00e9nyre, amire a szemceruz\u00e1val rajzolt kacki\u00e1s bajusz \u00e9s kisszak\u00e1ll tette fel a pontot. Izgalommal telve ment\u00fcnk az oviba, k\u00edv\u00e1ncsian v\u00e1rtuk, milyen jelmezbe b\u00fajik a t\u00f6bbi gyerek.<br \/>\nAz eg\u00e9sz kiscsoport be volt zsongva, hercegn\u0151k, kir\u00e1lyl\u00e1nyok, sheriffek, m\u00e9hecs\u00e9k \u00e9s persze kal\u00f3zok ugrabugr\u00e1ltak szerte a teremben. Oliv\u00e9r jelmeze azonban egy jellemz\u0151j\u00e9ben mindenki\u00e9t\u0151l k\u00fcl\u00f6nb\u00f6z\u00f6tt: nem boltban v\u00e1s\u00e1rolt, hanem k\u00e9zi gy\u00e1rtm\u00e1ny&#8230;<\/p>\n<p style=\"text-align: justify\"><a href=\"https:\/\/agria.hu\/bdioda\/files\/2012\/02\/kaloz.jpg\"><img loading=\"lazy\" decoding=\"async\" class=\"aligncenter size-medium wp-image-459\" src=\"https:\/\/agria.hu\/bdioda\/files\/2012\/02\/kaloz-164x300.jpg\" alt=\"\" width=\"164\" height=\"300\" srcset=\"https:\/\/agria.hu\/bdioda\/files\/2012\/02\/kaloz-164x300.jpg 164w, https:\/\/agria.hu\/bdioda\/files\/2012\/02\/kaloz-561x1024.jpg 561w, https:\/\/agria.hu\/bdioda\/files\/2012\/02\/kaloz.jpg 1804w\" sizes=\"auto, (max-width: 164px) 100vw, 164px\" \/><\/a><\/p>\n","protected":false},"excerpt":{"rendered":"<p>Kisfiam ma kal\u00f3zk\u00e9nt ment oviba. Napokig gy\u00e1rtottuk a jelmezt a farsangra, igyekezt\u00fcnk min\u00e9l t\u00f6k\u00e9letesebb tengeri harami\u00e1t alkotni. Oliv\u00e9rnek persze mindegy volt, mi lesz bel\u0151le, csak lehet\u0151leg hozz\u00e1tartozzon az imidzshez a csihi-puhi, kardoz\u00e1s, l\u00f6v\u00f6ld\u00f6z\u00e9s, egysz\u00f3val a fi\u00fas virtuskod\u00e1s. V\u00e9g\u00fcl megegyezt\u00fcnk, hogy &hellip; <a href=\"https:\/\/agria.hu\/bdioda\/2012\/02\/17\/gaz-kaloz-pernahajder\/\">Egy kattint\u00e1s ide a folytat\u00e1shoz&#8230;. <span class=\"meta-nav\">&rarr;<\/span><\/a><\/p>\n","protected":false},"author":59,"featured_media":0,"comment_status":"open","ping_status":"open","sticky":false,"template":"","format":"standard","meta":{"footnotes":""},"categories":[4,1],"tags":[],"class_list":["post-456","post","type-post","status-publish","format-standard","hentry","category-csaladi-sztori","category-nincs-kategorizalva"],"_links":{"self":[{"href":"https:\/\/agria.hu\/bdioda\/wp-json\/wp\/v2\/posts\/456","targetHints":{"allow":["GET"]}}],"collection":[{"href":"https:\/\/agria.hu\/bdioda\/wp-json\/wp\/v2\/posts"}],"about":[{"href":"https:\/\/agria.hu\/bdioda\/wp-json\/wp\/v2\/types\/post"}],"author":[{"embeddable":true,"href":"https:\/\/agria.hu\/bdioda\/wp-json\/wp\/v2\/users\/59"}],"replies":[{"embeddable":true,"href":"https:\/\/agria.hu\/bdioda\/wp-json\/wp\/v2\/comments?post=456"}],"version-history":[{"count":6,"href":"https:\/\/agria.hu\/bdioda\/wp-json\/wp\/v2\/posts\/456\/revisions"}],"predecessor-version":[{"id":795,"href":"https:\/\/agria.hu\/bdioda\/wp-json\/wp\/v2\/posts\/456\/revisions\/795"}],"wp:attachment":[{"href":"https:\/\/agria.hu\/bdioda\/wp-json\/wp\/v2\/media?parent=456"}],"wp:term":[{"taxonomy":"category","embeddable":true,"href":"https:\/\/agria.hu\/bdioda\/wp-json\/wp\/v2\/categories?post=456"},{"taxonomy":"post_tag","embeddable":true,"href":"https:\/\/agria.hu\/bdioda\/wp-json\/wp\/v2\/tags?post=456"}],"curies":[{"name":"wp","href":"https:\/\/api.w.org\/{rel}","templated":true}]}}