{"id":453,"date":"2012-02-16T09:36:39","date_gmt":"2012-02-16T09:36:39","guid":{"rendered":"https:\/\/agria.hu\/bdioda\/?p=453"},"modified":"2013-05-05T16:23:48","modified_gmt":"2013-05-05T16:23:48","slug":"a-kesztyu","status":"publish","type":"post","link":"https:\/\/agria.hu\/bdioda\/2012\/02\/16\/a-kesztyu\/","title":{"rendered":"A keszty\u0171"},"content":{"rendered":"<div class=\"fblikebutton_button\" style=\"float: right; margin-left: 10px;\"><iframe src=\"http:\/\/www.facebook.com\/plugins\/like.php?href=https%3A%2F%2Fagria.hu%2Fbdioda%2F2012%2F02%2F16%2Fa-kesztyu%2F&amp;layout=standard&amp;show-faces=false&amp;width=450&amp;action=recommend&amp;colorscheme=dark\" scrolling=\"no\" frameborder=\"0\" allowTransparency=\"true\" style=\"border:none; overflow:hidden; width:450px; height:26px\"><\/iframe><\/div>\n<p style=\"text-align: justify\">\n<p style=\"text-align: justify\">\n<p style=\"text-align: justify\">\n<p style=\"text-align: justify\">\n<p style=\"text-align: justify\">Fiacsk\u00e1mat v\u00e1rom az ovi el\u0151ter\u00e9ben, b\u00e1mulok ki az ablakon, \u00e9lvezem a zuhog\u00f3 h\u00f3 l\u00e1tv\u00e1ny\u00e1t. Nyugodt vagyok, mert Apa v\u00e1r minket a kocsiban, \u00edgy most nem \u00e9n vezetek majd a korcsolyap\u00e1ly\u00e1v\u00e1 v\u00e1lt \u00faton. Mosolyogva tekintek v\u00e9gig a bej\u00e1rat el\u0151tt sorakoz\u00f3 sz\u00e1nk\u00f3garmad\u00e1n, ami eg\u00e9szen kar\u00e1csonyi hangulatot sug\u00e1roz (bezzeg az \u00fcnnep el\u0151tt n\u00e9h\u00e1ny nappal m\u00e9g m\u0171anyag motorok v\u00e1rakoztak; bolond ez az id\u0151j\u00e1r\u00e1s).<br \/>\nV\u00e9gtelen lelki b\u00e9k\u00e9vel szedegetem a radi\u00e1torr\u00f3l csemet\u00e9m vizes cuccait. A b\u00e9lelt sapka bel\u00fcl is nedves, a dzseki alatti pulcsi sz\u00e1r\u00edt\u00e1s alatt, az over\u00e1l als\u00f3 mintha mos\u00f3g\u00e9pb\u0151l lenne el\u0151h\u00fazva. Keszty\u0171b\u0151l csak egy darab \u00e1rv\u00e1lkodik a f\u0171t\u0151testen. Mindegy, majd megker\u00fcl a p\u00e1rja.<br \/>\nOdabenn v\u00e9geznek az eb\u00e9ddel, cs\u00f6r\u00f6mp\u00f6l\u00e9s \u00e9s z\u00fagol\u00f3d\u00e1s ut\u00e1n felcsap\u00f3dik az ajt\u00f3, kit\u00f3dul az eg\u00e9sz kiscsoport. Oliv\u00e9r rep\u00fcl a nyakamba, l\u00f3g r\u00f3lam, mint egy kismajom. Verg\u0151d\u00f6k a s\u00faly alatt, k\u00f6zben majdnem elsodrok egy kisfi\u00fat, aki a l\u00e1bam el\u0151tt toporog. Megjelenik Zsuzsika n\u00e9ni \u00f6sszeh\u00fazott szem\u00f6ld\u00f6kkel \u00e9s szigor\u00faan utas\u00edtja a kisfi\u00fat.<br \/>\n&#8211; Na, Marcik\u00e1m! Mit mondasz az Oliv\u00e9r anyuk\u00e1j\u00e1nak? Gyer\u00fcnk, tess\u00e9k csak belekezdeni!<br \/>\nKellemetlen\u00fcl \u00e9rzem magam, ugyan mi\u00e9rt kell ennek a szeg\u00e9ny gyereknek itt al\u00e1zkodnia el\u0151ttem?! Kider\u00fcl, Marci &#8222;\u00e1tseg\u00edtette&#8221; Oliv\u00e9r keszty\u0171j\u00e9t a ker\u00edt\u00e9sen, m\u00edg az udvaron j\u00e1tszottak. Fiam egyetlen ork\u00e1n k\u00e9zv\u00e9d\u0151je ott figyel a szomsz\u00e9dban, azaz a templom kertj\u00e9ben, a bokor alatt&#8230;<br \/>\nNem csin\u00e1lok \u00fcgyet a dologb\u00f3l, majd meglesz, megkeress\u00fck, semmi baj. Marci h\u00e1l\u00e1s tekintettel eliszkol, \u00e9n meg b\u00fcszke vagyok nagyvonal\u00fas\u00e1gomra. Lelki b\u00e9k\u00e9m kezd kiteljesedni.<br \/>\nKil\u00e9pve az ovib\u00f3l, Ap\u00e1nak \u00e1tadom a gyereket, \u00e9n meg indulok a templomkertbe keszty\u0171vad\u00e1szatra. J\u00f3 nagyot ker\u00fcl\u00f6k a bej\u00e1ratig, majd koppanok. A kapu z\u00e1rva! Nem v\u00e1rhatok az esti mis\u00e9ig (ami mellesleg fogalmam sincs mikor van), a keszty\u0171t betemeti a h\u00f3, tavaszig akkor el\u0151 nem ker\u00fcl, az tuti biztos!<br \/>\nZuhog\u00f3 h\u00f3es\u00e9sben vizslatom v\u00e9gig a ker\u00edt\u00e9st, r\u00e9st keresve az akci\u00f3hoz. Nagy nehezen \u00e1tverekszem magam egy bokros r\u00e9szen, majd\u00a0 a t\u00faloldalon der\u00e9kig mer\u00fcl\u00f6k a sz\u0171zh\u00f3ban. Fejemben megsz\u00f3lal a <a href=\"http:\/\/www.youtube.com\/watch?v=0BWJhso3XWY\" target=\"_blank\">Delta<\/a> zen\u00e9je (tudod, a tudom\u00e1nyos ismeretterjeszt\u0151 m\u0171sor, Kudlik Julival a 70&#8242;-es, 80&#8242;-as \u00e9vekb\u0151l), cammogok a h\u00f3ban, c\u00e9l a keszty\u0171t rejt\u0151 bokor.<br \/>\nNegyed \u00f3r\u00e1t hajlongok a kib.ott n\u00f6v\u00e9ny alatt, lelki b\u00e9k\u00e9mnek integethetek, mik\u00f6zben szidom a h\u00e1rom\u00e9ves Marcit \u00e9s a remek \u00f6tleteit. Nagy nehezen el\u0151bukkan vagy t\u00edz centi h\u00f3 al\u00f3l az ork\u00e1n ruhadarab, amit \u00e9n z\u00e1szl\u00f3k\u00e9nt lebegtetve mutatok az aut\u00f3ban izgul\u00f3 csal\u00e1dom fel\u00e9.<br \/>\nKab\u00e1tszaggat\u00f3 t\u00e1voz\u00e1s a templomkertb\u0151l, j\u00e9gkockak\u00e9nt olvad\u00e1s a f\u0171t\u00f6tt kocsiban.<br \/>\n&#8211; Kisfiam, mondd meg Marcinak, hogy ha m\u00e9g egyszer \u00e1tdob valamidet a ker\u00edt\u00e9sen, \u00e9n isten bizony elfenekelem! &#8211; dohogok \u00e1t\u00e1zottan, -f\u00e1zottan. Marci ugyanis nem el\u0151sz\u00f6r jutatta ker\u00edt\u00e9sen k\u00edv\u00fclre Oli tulajdon\u00e1t&#8230;<br \/>\n&#8211; Anya, ne b\u00e1ntsd Marcit! Majd az \u00f3v\u00f3n\u00e9ni megb\u00fcnteti &#8211; veszi v\u00e9delm\u00e9be pajt\u00e1s\u00e1t a kisfiam, \u00e9n meg arra gondolok, ugyan milyen k\u00f6r\u00fclm\u00e9nyek k\u00f6z\u00f6tt ker\u00fclt le egy\u00e1tal\u00e1n a t\u00e9p\u0151z\u00e1ras keszty\u0171 a kez\u00e9r\u0151l. Val\u00f3sz\u00edn\u0171leg Marci vitte el ez\u00fattal is a balh\u00e9t&#8230; Oli m\u00e9lyen hallgat a t\u00f6rt\u00e9ntekr\u0151l, az \u00e9n lelki b\u00e9k\u00e9m meg visszat\u00e9r, mert a fiam \u00fagy t\u0171nik, nem \u00e1ldozat, ink\u00e1bb b\u0171nt\u00e1rs. Az\u00e9rt rem\u00e9lem, ma nem kell \u00fajra ker\u00edt\u00e9st m\u00e1sznom&#8230;<\/p>\n","protected":false},"excerpt":{"rendered":"<p>Fiacsk\u00e1mat v\u00e1rom az ovi el\u0151ter\u00e9ben, b\u00e1mulok ki az ablakon, \u00e9lvezem a zuhog\u00f3 h\u00f3 l\u00e1tv\u00e1ny\u00e1t. Nyugodt vagyok, mert Apa v\u00e1r minket a kocsiban, \u00edgy most nem \u00e9n vezetek majd a korcsolyap\u00e1ly\u00e1v\u00e1 v\u00e1lt \u00faton. Mosolyogva tekintek v\u00e9gig a bej\u00e1rat el\u0151tt sorakoz\u00f3 sz\u00e1nk\u00f3garmad\u00e1n, &hellip; <a href=\"https:\/\/agria.hu\/bdioda\/2012\/02\/16\/a-kesztyu\/\">Egy kattint\u00e1s ide a folytat\u00e1shoz&#8230;. <span class=\"meta-nav\">&rarr;<\/span><\/a><\/p>\n","protected":false},"author":59,"featured_media":0,"comment_status":"open","ping_status":"open","sticky":false,"template":"","format":"standard","meta":{"footnotes":""},"categories":[4,1],"tags":[],"class_list":["post-453","post","type-post","status-publish","format-standard","hentry","category-csaladi-sztori","category-nincs-kategorizalva"],"_links":{"self":[{"href":"https:\/\/agria.hu\/bdioda\/wp-json\/wp\/v2\/posts\/453","targetHints":{"allow":["GET"]}}],"collection":[{"href":"https:\/\/agria.hu\/bdioda\/wp-json\/wp\/v2\/posts"}],"about":[{"href":"https:\/\/agria.hu\/bdioda\/wp-json\/wp\/v2\/types\/post"}],"author":[{"embeddable":true,"href":"https:\/\/agria.hu\/bdioda\/wp-json\/wp\/v2\/users\/59"}],"replies":[{"embeddable":true,"href":"https:\/\/agria.hu\/bdioda\/wp-json\/wp\/v2\/comments?post=453"}],"version-history":[{"count":3,"href":"https:\/\/agria.hu\/bdioda\/wp-json\/wp\/v2\/posts\/453\/revisions"}],"predecessor-version":[{"id":455,"href":"https:\/\/agria.hu\/bdioda\/wp-json\/wp\/v2\/posts\/453\/revisions\/455"}],"wp:attachment":[{"href":"https:\/\/agria.hu\/bdioda\/wp-json\/wp\/v2\/media?parent=453"}],"wp:term":[{"taxonomy":"category","embeddable":true,"href":"https:\/\/agria.hu\/bdioda\/wp-json\/wp\/v2\/categories?post=453"},{"taxonomy":"post_tag","embeddable":true,"href":"https:\/\/agria.hu\/bdioda\/wp-json\/wp\/v2\/tags?post=453"}],"curies":[{"name":"wp","href":"https:\/\/api.w.org\/{rel}","templated":true}]}}