{"id":447,"date":"2012-02-15T13:34:42","date_gmt":"2012-02-15T13:34:42","guid":{"rendered":"https:\/\/agria.hu\/bdioda\/?p=447"},"modified":"2012-02-15T13:37:28","modified_gmt":"2012-02-15T13:37:28","slug":"anya-kameralazban","status":"publish","type":"post","link":"https:\/\/agria.hu\/bdioda\/2012\/02\/15\/anya-kameralazban\/","title":{"rendered":"Anya kameral\u00e1zban"},"content":{"rendered":"<div class=\"fblikebutton_button\" style=\"float: right; margin-left: 10px;\"><iframe src=\"http:\/\/www.facebook.com\/plugins\/like.php?href=https%3A%2F%2Fagria.hu%2Fbdioda%2F2012%2F02%2F15%2Fanya-kameralazban%2F&amp;layout=standard&amp;show-faces=false&amp;width=450&amp;action=recommend&amp;colorscheme=dark\" scrolling=\"no\" frameborder=\"0\" allowTransparency=\"true\" style=\"border:none; overflow:hidden; width:450px; height:26px\"><\/iframe><\/div>\n<p style=\"text-align: justify\">\n<p style=\"text-align: justify\">\n<p style=\"text-align: justify\">\n<p style=\"text-align: justify\">Szokatlan zizeg\u00e9s fogadott ma reggel az \u00f3v\u00f3d\u00e1ban. A nevel\u0151k futkostak jobbra-balra \u00e9s csilli-villi farsangi dekor\u00e1ci\u00f3 l\u00f3gott minden\u00fctt. Biztos a p\u00e9nteki bulira k\u00e9sz\u00fclnek ennyire, gondoltam, de t\u00e9vedtem. Miut\u00e1n tornaruh\u00e1ba \u00f6lt\u00f6ztetett gyerekemet bugyol\u00e1lhattam \u00e1t m\u00e1s csomagol\u00e1sba, megtudtam, a torna\u00f3ra is az\u00e9rt marad most el, mert j\u00f6n a v\u00e1rosi tv. Ja, h\u00e1t ez a ny\u00fczsi oka!<br \/>\nEb\u00e9d ut\u00e1n hazafel\u00e9 sz\u00e1nk\u00f3zunk a kocsival, k\u00f6zben faggatom a fiatalurat, mi volt ma az \u00f3v\u00f3d\u00e1ban.<br \/>\n&#8211;\u00a0 Voltak kamer\u00e1s b\u00e1csik, n\u00e9nik az oviban?<br \/>\n&#8211;\u00a0\u00a0 Igen, voltak &#8211; j\u00f6n a v\u00e1lasz a legnagyobb k\u00f6z\u00f6nnyel.<br \/>\n&#8211; T\u00e9ged is felvettek a kamer\u00e1val, vagy k\u00e9rdeztek valamit? &#8211; tudakol\u00f3zok abban rem\u00e9nykedve, sz\u00e9p \u00e9s okos fiam szerepel majd a helyi t\u00e9v\u00e9ben csal\u00e1dja b\u00fcszkes\u00e9g\u00e9re. (\u00c9rdekes, \u00e9n magam nem v\u00e1gytam sosem kamera el\u00e9 &#8211; f\u0151leg, hogy olyan l\u00e1mpal\u00e1zam van t\u0151le, ami m\u00e1r eg\u00e9szs\u00e9gre k\u00e1ros-, a gyereket az\u00e9rt szivesen mutogatn\u00e1m az eg\u00e9sz v\u00e1rosnak. Na, h\u00e1t ilyen a sz\u00fcl\u0151i b\u00fcszkes\u00e9g.)<br \/>\n&#8211; Nem \u00e9rdekelt Anya! \u00c9n leg\u00f3ztam \u00e9s k\u00e9sz! &#8211; v\u00e1laszol Oliv\u00e9r villog\u00f3 szemmel. A kamera nem izgatja m\u00e1r fel, elv\u00e9gre Daninak is van olyan (\u00f6cs\u00e9m komoly szettel rendelkezik \u00e9s a filmes p\u00e1lya fel\u00e9 kacsintgat, \u00fagy t\u0171nik, sikerrel), viszont leg\u00f3zni an\u00e9lk\u00fcl, hogy a kistes\u00f3 beletenyerelne az alkot\u00e1sba, csak az oviban lehet.<br \/>\nAz\u00e9rt majd figyelmesen megn\u00e9zem az <a href=\"http:\/\/http:\/\/www.tveger.hu\/index.php\" target=\"_blank\">Eger Tv <\/a>oviban forgatott m\u0171sor\u00e1t, h\u00e1tha megpillantom rajta leg\u00f3z\u00f3 b\u00fcszkes\u00e9gemet&#8230;<br \/>\n<a href=\"https:\/\/agria.hu\/bdioda\/files\/2012\/02\/egertv.jpg\"><img loading=\"lazy\" decoding=\"async\" class=\"aligncenter size-full wp-image-448\" src=\"https:\/\/agria.hu\/bdioda\/files\/2012\/02\/egertv.jpg\" alt=\"\" width=\"271\" height=\"186\" \/><\/a><\/p>\n","protected":false},"excerpt":{"rendered":"<p>Szokatlan zizeg\u00e9s fogadott ma reggel az \u00f3v\u00f3d\u00e1ban. A nevel\u0151k futkostak jobbra-balra \u00e9s csilli-villi farsangi dekor\u00e1ci\u00f3 l\u00f3gott minden\u00fctt. Biztos a p\u00e9nteki bulira k\u00e9sz\u00fclnek ennyire, gondoltam, de t\u00e9vedtem. Miut\u00e1n tornaruh\u00e1ba \u00f6lt\u00f6ztetett gyerekemet bugyol\u00e1lhattam \u00e1t m\u00e1s csomagol\u00e1sba, megtudtam, a torna\u00f3ra is az\u00e9rt marad &hellip; <a href=\"https:\/\/agria.hu\/bdioda\/2012\/02\/15\/anya-kameralazban\/\">Egy kattint\u00e1s ide a folytat\u00e1shoz&#8230;. <span class=\"meta-nav\">&rarr;<\/span><\/a><\/p>\n","protected":false},"author":59,"featured_media":0,"comment_status":"open","ping_status":"open","sticky":false,"template":"","format":"standard","meta":{"footnotes":""},"categories":[1],"tags":[],"class_list":["post-447","post","type-post","status-publish","format-standard","hentry","category-nincs-kategorizalva"],"_links":{"self":[{"href":"https:\/\/agria.hu\/bdioda\/wp-json\/wp\/v2\/posts\/447","targetHints":{"allow":["GET"]}}],"collection":[{"href":"https:\/\/agria.hu\/bdioda\/wp-json\/wp\/v2\/posts"}],"about":[{"href":"https:\/\/agria.hu\/bdioda\/wp-json\/wp\/v2\/types\/post"}],"author":[{"embeddable":true,"href":"https:\/\/agria.hu\/bdioda\/wp-json\/wp\/v2\/users\/59"}],"replies":[{"embeddable":true,"href":"https:\/\/agria.hu\/bdioda\/wp-json\/wp\/v2\/comments?post=447"}],"version-history":[{"count":3,"href":"https:\/\/agria.hu\/bdioda\/wp-json\/wp\/v2\/posts\/447\/revisions"}],"predecessor-version":[{"id":452,"href":"https:\/\/agria.hu\/bdioda\/wp-json\/wp\/v2\/posts\/447\/revisions\/452"}],"wp:attachment":[{"href":"https:\/\/agria.hu\/bdioda\/wp-json\/wp\/v2\/media?parent=447"}],"wp:term":[{"taxonomy":"category","embeddable":true,"href":"https:\/\/agria.hu\/bdioda\/wp-json\/wp\/v2\/categories?post=447"},{"taxonomy":"post_tag","embeddable":true,"href":"https:\/\/agria.hu\/bdioda\/wp-json\/wp\/v2\/tags?post=447"}],"curies":[{"name":"wp","href":"https:\/\/api.w.org\/{rel}","templated":true}]}}