{"id":443,"date":"2012-02-15T10:19:06","date_gmt":"2012-02-15T10:19:06","guid":{"rendered":"https:\/\/agria.hu\/bdioda\/?p=443"},"modified":"2013-05-05T16:25:13","modified_gmt":"2013-05-05T16:25:13","slug":"mobil-a-mobil","status":"publish","type":"post","link":"https:\/\/agria.hu\/bdioda\/2012\/02\/15\/mobil-a-mobil\/","title":{"rendered":"Mobil a mobil"},"content":{"rendered":"<div class=\"fblikebutton_button\" style=\"float: right; margin-left: 10px;\"><iframe src=\"http:\/\/www.facebook.com\/plugins\/like.php?href=https%3A%2F%2Fagria.hu%2Fbdioda%2F2012%2F02%2F15%2Fmobil-a-mobil%2F&amp;layout=standard&amp;show-faces=false&amp;width=450&amp;action=recommend&amp;colorscheme=dark\" scrolling=\"no\" frameborder=\"0\" allowTransparency=\"true\" style=\"border:none; overflow:hidden; width:450px; height:26px\"><\/iframe><\/div>\n<p style=\"text-align: justify\">\u00d6cs\u00e9mmel karattyolok telefonon, osztjuk egym\u00e1st, mint mindig, de kiv\u00e9telesen csak viccesked\u00e9sb\u0151l. Liza m\u00e1szik r\u00e1m, t\u00e9pi a k\u00e9sz\u00fcl\u00e9ket a kezemb\u0151l \u00e9s torkaszakadt\u00e1b\u00f3l hisztizik, hogy \u0151 is akar &#8222;telepon\u00e1lni&#8221;. Tes\u00f3m r\u00e1\u00e9r, \u00edgy k\u00e9ri, adjam oda a kiscsajnak a mobilt.<br \/>\n&#8211; Hell\u00f3 Lizus! Mi \u00fajs\u00e1g?<br \/>\n&#8211; Hall\u00f3 Dani! Kedves t\u0151led, hogy felh\u00edvt\u00e1l! &#8211; Liza b\u0171b\u00e1jos udvariass\u00e1ggal adja el\u0151 mag\u00e1t, \u00e9n meg elk\u00e9pedten figyelem \u00e9s el sem tudom k\u00e9pzelni, honnan tanulta ezt a leny\u0171g\u00f6z\u0151 figur\u00e1t, ami egyszer\u0171en fura egy k\u00e9t\u00e9ves sz\u00e1j\u00e1b\u00f3l, ugyanakkor hal\u00e1losan cuki! Tes\u00f3m is dob egy h\u00e1tast a vonal v\u00e9g\u00e9n, majd folytat\u00f3dik a p\u00e1rbesz\u00e9d.<br \/>\n&#8211; Lizusk\u00e1m, na mi a p\u00e1lya?<br \/>\n&#8211; Nincsen csemmi. Csemmi k\u00fcl\u00f6n\u00f6s. Itt vagyok, Anya van m\u00e9g itt. Anya g\u00e9pezik. Nincsen csemmi. Viszontl\u00e1t\u00e1csra! &#8211; azzal visszanyomja a mobilt a kezembe \u00e9s elvonul. Tes\u00f3m \u00edg\u00e9ri, \u00e1tj\u00f6n valamelyik nap j\u00e1tszani. <a href=\"https:\/\/agria.hu\/bdioda\/files\/2012\/02\/telefon.jpg\"><img loading=\"lazy\" decoding=\"async\" class=\"alignright size-medium wp-image-444\" src=\"https:\/\/agria.hu\/bdioda\/files\/2012\/02\/telefon-259x300.jpg\" alt=\"\" width=\"259\" height=\"300\" srcset=\"https:\/\/agria.hu\/bdioda\/files\/2012\/02\/telefon-259x300.jpg 259w, https:\/\/agria.hu\/bdioda\/files\/2012\/02\/telefon.jpg 265w\" sizes=\"auto, (max-width: 259px) 100vw, 259px\" \/><\/a><\/p>\n<p>Nemr\u00e9g, egy este, \u00e9pp Liz\u00e1t pr\u00e9selem bele a pizsij\u00e9be, amikor hallom, hogy Apa r\u00e1rivall Olira, tegye le azonnal anya telefonj\u00e1t. Oliv\u00e9r b\u00fcszk\u00e9n mas\u00edrozik be hozz\u00e1m a f\u00fcrd\u0151szob\u00e1ba (mintegy menek\u00fclve is az apai szigor \u00e9s megnem\u00e9rt\u00e9s el\u0151l), kez\u00e9ben a mobilommal.<br \/>\n&#8211; De h\u00e1t mam\u00e1val besz\u00e9lek telefonon! Felh\u00edvtam egyed\u00fcl \u00c9va mam\u00e1t! &#8211; eszm\u00e9l\u00e9sre sem volt id\u0151m, mikor a k\u00e9sz\u00fcl\u00e9kb\u0151l megsz\u00f3lal anyuk\u00e1m v\u00e9kony, telefonos hangja.<br \/>\n&#8211; Hall\u00f3, t\u00e9nyleg itt vagyok! Oli felh\u00edvott!<br \/>\nOliv\u00e9r lesuttyant mell\u00e9nk a s\u00e1mlira \u00e9s belemer\u00fclt az any\u00e1mmal val\u00f3 besz\u00e9lget\u00e9sbe, amibe m\u00e1r nem avatkoztam bele, k\u00edv\u00e1ncsi voltam mi s\u00fcl ki bel\u0151le (ann\u00e1l is ink\u00e1bb, mivel Oli eddig ha hozz\u00e1jutott a telefonomhoz, csak \u00f6ssze-vissza nyomkodta, ha pedig valaki volt a vonalban, pl. D\u00e9di, nem sz\u00f3lt bele, nem t\u00e1rsalgott).<br \/>\n&#8211; Szia Mama! Mikor j\u00f6ssz hozz\u00e1nk? J\u00f6ssz alv\u00e1s el\u0151tt? J\u00e1tszunk \u00e9s ut\u00e1na hazam\u00e9sz aludni, j\u00f3? &#8211; csak \u00fagy d\u0151lt bel\u0151le a sz\u00f3!\u00a0 \u00c9des volt, hogy este kilenckor m\u00e9g any\u00e1mat f\u0171zi l\u00e1togat\u00e1sra.<br \/>\n&#8211; \u00c9s Te mikor j\u00f6ssz hozz\u00e1nk Olik\u00e1m? &#8211; hallom anyuk\u00e1m k\u00e9rd\u00e9s\u00e9t.<br \/>\n&#8211; H\u00e1t&#8230; majd ha lesz kedvem.<br \/>\n&#8211; \u00c9s az mikor lesz?<br \/>\n&#8211; Amikor Any\u00e1nak lesz kedve! &#8211; hangosan felnevettem a v\u00e1laszon, ami v\u00e9g\u00fclis jogos, mert Olinak hi\u00e1ba lenne kedve minden nap nagyihoz menni, ugye&#8230;<br \/>\nR\u00f6viddel ezut\u00e1n kedvesen lez\u00e1rult a t\u00e1rsalg\u00e1s (ami alighanem Oli els\u0151 igazi telefonbesz\u00e9lget\u00e9se volt), a mobilt biztons\u00e1gba helyeztem egy polcon, a band\u00e1t meg bepateroltam az \u00e1gyba.<br \/>\nApa kem\u00e9nyked\u0151s hangulat\u00e1ban m\u00e9g neki\u00e1llt kisel\u0151ad\u00e1st tartani &#8222;a telefon\u00e1l\u00e1s is p\u00e9nzbe ker\u00fcl&#8221; t\u00e9m\u00e1ban, amit olyan hozz\u00e1 nem ill\u0151 szigorral adott el\u0151, hogy nem b\u00edrtam meg\u00e1llni \u00e9s magamban mormogva megjegyeztem, ez a h\u00edv\u00e1s kiv\u00e9telesen ingyen volt (any\u00e1val ingyen besz\u00e9l\u00fcnk). Radarf\u00fcl\u0171 Oliv\u00e9r h\u00e1t hogyne hallotta volna meg! M\u00e1snap lelkesen azzal fogadta a l\u00e1togat\u00f3ba \u00e9rkezett s\u00f3gorn\u0151met, hogy k\u00e9pzelje, \u0151 egyed\u00fcl felh\u00edvta \u00c9va mam\u00e1t \u00e9s ingyen volt!<\/p>\n","protected":false},"excerpt":{"rendered":"<p>\u00d6cs\u00e9mmel karattyolok telefonon, osztjuk egym\u00e1st, mint mindig, de kiv\u00e9telesen csak viccesked\u00e9sb\u0151l. Liza m\u00e1szik r\u00e1m, t\u00e9pi a k\u00e9sz\u00fcl\u00e9ket a kezemb\u0151l \u00e9s torkaszakadt\u00e1b\u00f3l hisztizik, hogy \u0151 is akar &#8222;telepon\u00e1lni&#8221;. Tes\u00f3m r\u00e1\u00e9r, \u00edgy k\u00e9ri, adjam oda a kiscsajnak a mobilt. &#8211; Hell\u00f3 Lizus! &hellip; <a href=\"https:\/\/agria.hu\/bdioda\/2012\/02\/15\/mobil-a-mobil\/\">Egy kattint\u00e1s ide a folytat\u00e1shoz&#8230;. <span class=\"meta-nav\">&rarr;<\/span><\/a><\/p>\n","protected":false},"author":59,"featured_media":0,"comment_status":"open","ping_status":"open","sticky":false,"template":"","format":"standard","meta":{"footnotes":""},"categories":[4,1],"tags":[],"class_list":["post-443","post","type-post","status-publish","format-standard","hentry","category-csaladi-sztori","category-nincs-kategorizalva"],"_links":{"self":[{"href":"https:\/\/agria.hu\/bdioda\/wp-json\/wp\/v2\/posts\/443","targetHints":{"allow":["GET"]}}],"collection":[{"href":"https:\/\/agria.hu\/bdioda\/wp-json\/wp\/v2\/posts"}],"about":[{"href":"https:\/\/agria.hu\/bdioda\/wp-json\/wp\/v2\/types\/post"}],"author":[{"embeddable":true,"href":"https:\/\/agria.hu\/bdioda\/wp-json\/wp\/v2\/users\/59"}],"replies":[{"embeddable":true,"href":"https:\/\/agria.hu\/bdioda\/wp-json\/wp\/v2\/comments?post=443"}],"version-history":[{"count":3,"href":"https:\/\/agria.hu\/bdioda\/wp-json\/wp\/v2\/posts\/443\/revisions"}],"predecessor-version":[{"id":446,"href":"https:\/\/agria.hu\/bdioda\/wp-json\/wp\/v2\/posts\/443\/revisions\/446"}],"wp:attachment":[{"href":"https:\/\/agria.hu\/bdioda\/wp-json\/wp\/v2\/media?parent=443"}],"wp:term":[{"taxonomy":"category","embeddable":true,"href":"https:\/\/agria.hu\/bdioda\/wp-json\/wp\/v2\/categories?post=443"},{"taxonomy":"post_tag","embeddable":true,"href":"https:\/\/agria.hu\/bdioda\/wp-json\/wp\/v2\/tags?post=443"}],"curies":[{"name":"wp","href":"https:\/\/api.w.org\/{rel}","templated":true}]}}