{"id":439,"date":"2012-01-31T10:24:14","date_gmt":"2012-01-31T10:24:14","guid":{"rendered":"https:\/\/agria.hu\/bdioda\/?p=439"},"modified":"2013-05-05T16:25:37","modified_gmt":"2013-05-05T16:25:37","slug":"esti-mesek","status":"publish","type":"post","link":"https:\/\/agria.hu\/bdioda\/2012\/01\/31\/esti-mesek\/","title":{"rendered":"Esti mes\u00e9k"},"content":{"rendered":"<div class=\"fblikebutton_button\" style=\"float: right; margin-left: 10px;\"><iframe src=\"http:\/\/www.facebook.com\/plugins\/like.php?href=https%3A%2F%2Fagria.hu%2Fbdioda%2F2012%2F01%2F31%2Festi-mesek%2F&amp;layout=standard&amp;show-faces=false&amp;width=450&amp;action=recommend&amp;colorscheme=dark\" scrolling=\"no\" frameborder=\"0\" allowTransparency=\"true\" style=\"border:none; overflow:hidden; width:450px; height:26px\"><\/iframe><\/div>\n<p style=\"text-align: justify\"><strong>VV Verseny<\/strong><\/p>\n<p style=\"text-align: justify\">Tegnap este \u00e9pp mes\u00e9t olvasok a gyerekeimnek, terpeszked\u00fcnk az \u00e1gyban h\u00e1rmasban, a h\u00e1tt\u00e9rben n\u00e9m\u00e1n megy a t\u00e9v\u00e9. Apa miatt nem szoktam kikapcsolni a mese idej\u00e9re, csak len\u00e9m\u00edtom, \u00edgy ez\u00fattal a Val\u00f3 Vil\u00e1g f\u00e9nyei adjt\u00e1k a hangulatvil\u00e1g\u00edt\u00e1st.<br \/>\n\u00c9pp belemer\u00fcl\u00f6k Bogy\u00f3 \u00e9s Bab\u00f3ca egyik kalandj\u00e1ba, amikor a fiam felki\u00e1lt:<br \/>\n&#8211; Anya! Az a n\u00e9ni olyan, mint az \u00e9n any\u00e1m! &#8211; \u00e9s vadul mutogat a k\u00e9perny\u0151re. Kikukkantok a k\u00f6nyv m\u00f6g\u00fcl \u00e9s l\u00e1tom, a t\u00e9v\u00e9ben \u00e9pp az Eszter nev\u0171 villalak\u00f3 l\u00e1that\u00f3. Nem n\u00e9ztem olyan sokszor ezt a m\u0171sort (mihez, vagy kihez k\u00e9pest, ugye &#8211; mert \u00e1ltal\u00e1nosan ciki bevallani, ha VV-n\u00e9z\u0151 vagy), hogy eld\u00f6nthessem szimpatikus-e, az viszont egy\u00e9rtelm\u0171, hogy fru-fruja van, mint nekem \u00e9s \u00f3ri\u00e1si kufferja&#8230;mint nekem?!<a href=\"https:\/\/agria.hu\/bdioda\/files\/2012\/01\/vvest.jpg\"><img loading=\"lazy\" decoding=\"async\" class=\"alignright size-thumbnail wp-image-440\" src=\"https:\/\/agria.hu\/bdioda\/files\/2012\/01\/vvest-150x150.jpg\" alt=\"\" width=\"150\" height=\"150\" \/><\/a><br \/>\nK\u00e9ts\u00e9gbeesve k\u00e9rdezem Oliv\u00e9rt, hogy ugye az\u00e9rt anya szebb. F\u00e9rfias sz\u00e1nalommal \u00e9desen megsimogat, migk\u00f6zben \u00edgy nyugtat:<br \/>\n&#8211; Igen, Anya, szebb vagy! &#8230;. De a n\u00e9ni is szebb!<br \/>\nMa \u00fajult er\u0151vel v\u00e1gtam neki a Cindy Crawford dvd-nek.<\/p>\n<p style=\"text-align: justify\"><strong>Mademoiselle Cucili \u00e9s az udvari etikett<\/strong><\/p>\n<p style=\"text-align: justify\">&#8211; Betojt\u00e1l? &#8211; k\u00e9rdezem l\u00e1nyk\u00e1mt\u00f3l az egy\u00e9bk\u00e9nt is nyilv\u00e1nval\u00f3t.<br \/>\n&#8211; Iggen. Kicser\u00e9lheted a pelucsomat- j\u00f6n a v\u00e1lasz, mik\u00f6zben f\u00e9ll\u00e1bon egyens\u00falyoz egy s\u00e1mlin.<br \/>\nKapok az alkalmon, v\u00e9gre ez\u00fattal nem kell f\u00e9l\u00f3r\u00e1t k\u00f6ny\u00f6r\u00f6gn\u00f6m, hogy tehessek egy szIvess\u00e9get, \u00edgy felkapom a hercegn\u0151t \u00e9s viszem a f\u00fcrd\u0151be.<br \/>\n&#8211; Cseg\u00edtccs\u00e9g! &#8211; sz\u00f3l az elhal\u00f3, v\u00e9konyka hang, az \u00e1ldozat hangj\u00e1n.<br \/>\n&#8211; Na, v\u00e1rj\u00e1l csak, azonnal seg\u00edtek, kipucolom a pop\u00f3dat! (B\u00e1r \u0151 most nem erre a seg\u00edts\u00e9gre gondol.)<br \/>\nKiter\u00edtem rugkap\u00e1l\u00f3 alanyomat a pelenk\u00e1z\u00f3n, h\u00fazom a gaty\u00e1j\u00e1t, mik\u00f6zben \u0150 a retik\u00fclj\u00e9ben kotor\u00e1szik elm\u00e9ly\u00fclten (a tacsk\u00f3 \u00e1ruh\u00e1zban kaphat\u00f3 m\u0171anyag gy\u0171r\u0171knek nagy siker\u00fck volt).<br \/>\n&#8211; F\u00fa, de b\u00fcdi, mindj\u00e1rt h\u00e1nyok, l\u00e1nyom!- szakad ki bel\u0151lem az undor, mert ez\u00fattal Kincsem olyat termelt, amit egy g\u00f6r\u00e9ny is megirigyelhetne.<br \/>\n&#8211; Na, Anya! Ne mondj m\u00e1r ilyet!- mondja a Minid\u00edva fennk\u00f6lten, \u00e9n meg sanda mosollyal elsz\u00e9gyelem magam, t\u00e9nyleg, hogy is mondhattam ilyet, majd al\u00e1zatosan eln\u00e9z\u00e9st k\u00e9rek az uralkod\u00f3t\u00f3l.<\/p>\n<p style=\"text-align: justify\"><strong>PATTAN\u00e1si ken\u0151cs<\/strong><\/p>\n<p style=\"text-align: justify\">Liz\u00e1t \u00f6lt\u00f6ztetem f\u00fcrd\u00e9s ut\u00e1n, Oli -mint az ilyenkor lenni szokott- k\u00f6zben kipakolja a pipere t\u00e1sk\u00e1mat. V\u00e1logatja a kr\u00e9meket, manik\u0171r szettet, csatokat. Legal\u00e1bb nyugton van, m\u00edg Cucusra pr\u00f3b\u00e1lom felim\u00e1dkozni a zoknit (nem egyszer\u0171, az alany tiszta er\u0151b\u0151l rugkap\u00e1l, k\u00f6zben vis\u00edtva nevet, nekem meg hi\u00e1ba fortyog az agyvizem, nem hatja meg). \u00c9pp elkaptam az egyik fic\u00e1nkol\u00f3 l\u00e1bik\u00f3t, amikor Olit\u00f3l j\u00f6n a k\u00e9rd\u00e9s:<br \/>\n&#8211; Anyacika, te sokszor elesel?<br \/>\n&#8211; Tess\u00e9k? Elesek?<br \/>\n&#8211; Igen, te gyakran el szokt\u00e1&#8217; esni? Elesel \u00e9s akko&#8217; felpattansz \u00e9s akko&#8217; bekened a bibidet pattan\u00e1si ken\u0151ccsel?<br \/>\nElengettem a r\u00e1ngat\u00f3z\u00f3 patyingot \u00e9s k\u00e9tr\u00e9t g\u00f6rnyedve nevettem. Oliv\u00e9r \u00e9rtetlen\u00fcl \u00e1llt a pattan\u00e1sra val\u00f3 kenc\u00e9vel a kez\u00e9ben, m\u00edg v\u00e9g\u00fcl kaptam leveg\u0151t \u00e9s megnyugtattam, nincs hasg\u00f6rcs\u00f6m, \u00e9s a kr\u00e9m val\u00f3ban bibire val\u00f3, feln\u0151ttek bibij\u00e9re. A pattan\u00e1s fogalm\u00e1t most nem volt kedvem ecsetelni&#8230;<\/p>\n","protected":false},"excerpt":{"rendered":"<p>VV Verseny Tegnap este \u00e9pp mes\u00e9t olvasok a gyerekeimnek, terpeszked\u00fcnk az \u00e1gyban h\u00e1rmasban, a h\u00e1tt\u00e9rben n\u00e9m\u00e1n megy a t\u00e9v\u00e9. Apa miatt nem szoktam kikapcsolni a mese idej\u00e9re, csak len\u00e9m\u00edtom, \u00edgy ez\u00fattal a Val\u00f3 Vil\u00e1g f\u00e9nyei adjt\u00e1k a hangulatvil\u00e1g\u00edt\u00e1st. \u00c9pp belemer\u00fcl\u00f6k &hellip; <a href=\"https:\/\/agria.hu\/bdioda\/2012\/01\/31\/esti-mesek\/\">Egy kattint\u00e1s ide a folytat\u00e1shoz&#8230;. <span class=\"meta-nav\">&rarr;<\/span><\/a><\/p>\n","protected":false},"author":59,"featured_media":0,"comment_status":"open","ping_status":"open","sticky":false,"template":"","format":"standard","meta":{"footnotes":""},"categories":[4,1,17],"tags":[],"class_list":["post-439","post","type-post","status-publish","format-standard","hentry","category-csaladi-sztori","category-nincs-kategorizalva","category-roppencsek"],"_links":{"self":[{"href":"https:\/\/agria.hu\/bdioda\/wp-json\/wp\/v2\/posts\/439","targetHints":{"allow":["GET"]}}],"collection":[{"href":"https:\/\/agria.hu\/bdioda\/wp-json\/wp\/v2\/posts"}],"about":[{"href":"https:\/\/agria.hu\/bdioda\/wp-json\/wp\/v2\/types\/post"}],"author":[{"embeddable":true,"href":"https:\/\/agria.hu\/bdioda\/wp-json\/wp\/v2\/users\/59"}],"replies":[{"embeddable":true,"href":"https:\/\/agria.hu\/bdioda\/wp-json\/wp\/v2\/comments?post=439"}],"version-history":[{"count":3,"href":"https:\/\/agria.hu\/bdioda\/wp-json\/wp\/v2\/posts\/439\/revisions"}],"predecessor-version":[{"id":798,"href":"https:\/\/agria.hu\/bdioda\/wp-json\/wp\/v2\/posts\/439\/revisions\/798"}],"wp:attachment":[{"href":"https:\/\/agria.hu\/bdioda\/wp-json\/wp\/v2\/media?parent=439"}],"wp:term":[{"taxonomy":"category","embeddable":true,"href":"https:\/\/agria.hu\/bdioda\/wp-json\/wp\/v2\/categories?post=439"},{"taxonomy":"post_tag","embeddable":true,"href":"https:\/\/agria.hu\/bdioda\/wp-json\/wp\/v2\/tags?post=439"}],"curies":[{"name":"wp","href":"https:\/\/api.w.org\/{rel}","templated":true}]}}