{"id":430,"date":"2012-01-23T11:08:23","date_gmt":"2012-01-23T11:08:23","guid":{"rendered":"https:\/\/agria.hu\/bdioda\/?p=430"},"modified":"2013-05-05T16:30:33","modified_gmt":"2013-05-05T16:30:33","slug":"utkozet","status":"publish","type":"post","link":"https:\/\/agria.hu\/bdioda\/2012\/01\/23\/utkozet\/","title":{"rendered":"\u00dctk\u00f6zet"},"content":{"rendered":"<div class=\"fblikebutton_button\" style=\"float: right; margin-left: 10px;\"><iframe src=\"http:\/\/www.facebook.com\/plugins\/like.php?href=https%3A%2F%2Fagria.hu%2Fbdioda%2F2012%2F01%2F23%2Futkozet%2F&amp;layout=standard&amp;show-faces=false&amp;width=450&amp;action=recommend&amp;colorscheme=dark\" scrolling=\"no\" frameborder=\"0\" allowTransparency=\"true\" style=\"border:none; overflow:hidden; width:450px; height:26px\"><\/iframe><\/div>\n<p style=\"text-align: justify\">\n<p style=\"text-align: justify\">\n<p style=\"text-align: justify\">\n<p style=\"text-align: justify\">Tengeri \u00fctk\u00f6zetet j\u00e1tszottunk a k\u00e1dban. Oliv\u00e9r volt a nagy csatahaj\u00f3val, \u00e9n egy tutajszer\u0171 alkalmatoss\u00e1ggal, Liza pedig egy apr\u00f3 motorcs\u00f3nakkal. Harmadj\u00e1ra p\u00f6rgett\u00fck v\u00e9gig a kedvenc Ben-Hur r\u00e9sz\u00fcnket, mintha g\u00e1ly\u00e1kkal csat\u00e1zn\u00e1nk (haj\u00f3 a l\u00e1that\u00e1ron, t\u00e1mad\u00e1sra felk\u00e9sz\u00fclni, t\u00e1mad\u00e1si sebess\u00e9g, \u00fctk\u00f6z\u00e9si sebess\u00e9g, megcs\u00e1kly\u00e1zni, elfoglalni, els\u00fcllyeszteni) \u00e9s persze mindig Oli gy\u0151z\u00f6tt. Oldal\u00e1ra fordult g\u00e1ly\u00e1inkat a Kapit\u00e1ny nagylelk\u0171en partra vontatta \u00e9s kezd\u0151d\u00f6tt az eg\u00e9sz el\u0151lr\u0151l &#8211; f\u00fcrd\u0151szoba el\u00e1ztat\u00e1s magasfokon. <a href=\"https:\/\/agria.hu\/bdioda\/files\/2012\/01\/romai-trieresz.jpg\"><img loading=\"lazy\" decoding=\"async\" class=\"alignright size-medium wp-image-431\" src=\"https:\/\/agria.hu\/bdioda\/files\/2012\/01\/romai-trieresz-300x175.jpg\" alt=\"\" width=\"300\" height=\"175\" srcset=\"https:\/\/agria.hu\/bdioda\/files\/2012\/01\/romai-trieresz-300x175.jpg 300w, https:\/\/agria.hu\/bdioda\/files\/2012\/01\/romai-trieresz.jpg 540w\" sizes=\"auto, (max-width: 300px) 100vw, 300px\" \/><\/a><\/p>\n<p style=\"text-align: justify\">Egy heves pillanatban Liza figyelm\u00e9t teljesen elvonta valami a tengeri \u00fctk\u00f6zetr\u0151l. Nagy szemekkel simogatta, tapogatta a v\u00e1llamon l\u00e9v\u0151 apr\u00f3 anyajegyet. Egy pici barna p\u00f6tty, de Liza szerint nem term\u00e9szetes, ha valakin foltok vannak, mert az csak bibi lehet. A csat\u00e1t ism\u00e9t elvesztettem, \u00edgy k\u00e9szs\u00e9gesen Cucili fel\u00e9 fordultam \u00e9s magyar\u00e1zni kezdtem, mi is az az anyajegy. Igazamat al\u00e1t\u00e1masztand\u00f3 r\u00e1b\u00f6ktem a v\u00e1ll\u00e1ra, felh\u00edvva a figyelmet az ott l\u00e1tsz\u00f3 apr\u00f3cska anyajegyre, pont ott, ahol nekem van.<br \/>\nLiza g\u00e9piesen ism\u00e9telte, anyajegy, anyajegy, k\u00f6zben pedig hol az \u00e9n v\u00e1llamat tapogatta, hol a saj\u00e1tj\u00e1t. Oliv\u00e9r k\u00f6zben b\u00e9k\u00e9sen partra vontatta az \u00fctk\u00f6zet veszteseit, majd \u0151 is megszeml\u00e9lte a p\u00f6ttyeinket. Nem \u00e9rtett egyett vel\u00fcnk.<br \/>\n&#8211; Anyacika! De h\u00e1t, ami a Cucuson van az nem anyajegy! Az cucijegy! Neked Anyacika anyajegyed van, Cucusnak meg cucijegye! \u00c9rted?!<\/p>\n<p style=\"text-align: justify\">\u00c9rtettem. Elkezdtem olijegy ut\u00e1n kutatni, de Oliv\u00e9ren nincs m\u00e9g p\u00f6tty&#8230; Meggy\u0151z\u0151d\u00e9s\u00e9ben am\u00fagy is el\u00e9g kitart\u00f3. Legut\u00f3bb arr\u00f3l vil\u00e1gos\u00edtott fel, hogy a f\u00f6ldimogyor\u00f3 tulajdonk\u00e9ppen finom bab. Tudja, amit tud. A t\u00f6bbiek meg but\u00e1k, az\u00e9rt \u00e9rtetlenkednek. Tetszik a hozz\u00e1\u00e1ll\u00e1sa, de csak az\u00e9rt, mert 3 \u00e9ves, \u00e9s rem\u00e9lem, kin\u00f6vi, nem \u00fagy, mint egyesek&#8230;<\/p>\n","protected":false},"excerpt":{"rendered":"<p>Tengeri \u00fctk\u00f6zetet j\u00e1tszottunk a k\u00e1dban. Oliv\u00e9r volt a nagy csatahaj\u00f3val, \u00e9n egy tutajszer\u0171 alkalmatoss\u00e1ggal, Liza pedig egy apr\u00f3 motorcs\u00f3nakkal. Harmadj\u00e1ra p\u00f6rgett\u00fck v\u00e9gig a kedvenc Ben-Hur r\u00e9sz\u00fcnket, mintha g\u00e1ly\u00e1kkal csat\u00e1zn\u00e1nk (haj\u00f3 a l\u00e1that\u00e1ron, t\u00e1mad\u00e1sra felk\u00e9sz\u00fclni, t\u00e1mad\u00e1si sebess\u00e9g, \u00fctk\u00f6z\u00e9si sebess\u00e9g, megcs\u00e1kly\u00e1zni, elfoglalni, &hellip; <a href=\"https:\/\/agria.hu\/bdioda\/2012\/01\/23\/utkozet\/\">Egy kattint\u00e1s ide a folytat\u00e1shoz&#8230;. <span class=\"meta-nav\">&rarr;<\/span><\/a><\/p>\n","protected":false},"author":59,"featured_media":0,"comment_status":"open","ping_status":"open","sticky":false,"template":"","format":"standard","meta":{"footnotes":""},"categories":[4,1],"tags":[],"class_list":["post-430","post","type-post","status-publish","format-standard","hentry","category-csaladi-sztori","category-nincs-kategorizalva"],"_links":{"self":[{"href":"https:\/\/agria.hu\/bdioda\/wp-json\/wp\/v2\/posts\/430","targetHints":{"allow":["GET"]}}],"collection":[{"href":"https:\/\/agria.hu\/bdioda\/wp-json\/wp\/v2\/posts"}],"about":[{"href":"https:\/\/agria.hu\/bdioda\/wp-json\/wp\/v2\/types\/post"}],"author":[{"embeddable":true,"href":"https:\/\/agria.hu\/bdioda\/wp-json\/wp\/v2\/users\/59"}],"replies":[{"embeddable":true,"href":"https:\/\/agria.hu\/bdioda\/wp-json\/wp\/v2\/comments?post=430"}],"version-history":[{"count":4,"href":"https:\/\/agria.hu\/bdioda\/wp-json\/wp\/v2\/posts\/430\/revisions"}],"predecessor-version":[{"id":802,"href":"https:\/\/agria.hu\/bdioda\/wp-json\/wp\/v2\/posts\/430\/revisions\/802"}],"wp:attachment":[{"href":"https:\/\/agria.hu\/bdioda\/wp-json\/wp\/v2\/media?parent=430"}],"wp:term":[{"taxonomy":"category","embeddable":true,"href":"https:\/\/agria.hu\/bdioda\/wp-json\/wp\/v2\/categories?post=430"},{"taxonomy":"post_tag","embeddable":true,"href":"https:\/\/agria.hu\/bdioda\/wp-json\/wp\/v2\/tags?post=430"}],"curies":[{"name":"wp","href":"https:\/\/api.w.org\/{rel}","templated":true}]}}