{"id":413,"date":"2012-01-12T17:09:51","date_gmt":"2012-01-12T17:09:51","guid":{"rendered":"https:\/\/agria.hu\/bdioda\/?p=413"},"modified":"2013-05-05T16:31:44","modified_gmt":"2013-05-05T16:31:44","slug":"vakoknd-ok-tato","status":"publish","type":"post","link":"https:\/\/agria.hu\/bdioda\/2012\/01\/12\/vakoknd-ok-tato\/","title":{"rendered":"Vakond-ok-tat\u00f3"},"content":{"rendered":"<div class=\"fblikebutton_button\" style=\"float: right; margin-left: 10px;\"><iframe src=\"http:\/\/www.facebook.com\/plugins\/like.php?href=https%3A%2F%2Fagria.hu%2Fbdioda%2F2012%2F01%2F12%2Fvakoknd-ok-tato%2F&amp;layout=standard&amp;show-faces=false&amp;width=450&amp;action=recommend&amp;colorscheme=dark\" scrolling=\"no\" frameborder=\"0\" allowTransparency=\"true\" style=\"border:none; overflow:hidden; width:450px; height:26px\"><\/iframe><\/div>\n<p style=\"text-align: justify\">\n<p style=\"text-align: justify\">\n<p style=\"text-align: justify\">Hugic\u00e1t elpost\u00e1ztam Ap\u00e1n kereszt\u00fcl a nagyinak, \u00edgy pr\u00fcszk\u00f6l\u0151, k\u00f6h\u00f6g\u0151 kisfiammal kettesben maradtunk itthon eb\u00e9d ut\u00e1n. A pihi, tea, m\u00e9g t\u00f6bb pihi elv szellem\u00e9ben betettem a Kisvakond \u00e9s a h\u00f3ember dvd-t \u00e9s nyakig betakar\u00f3ztunk az \u00e1gyban. Gondoltam, ez a m\u0171sor \u00e9pp megfelel h\u00e1rom\u00e9ves kisfiam ig\u00e9nyeinek, \u00e9n meg legal\u00e1bb nosztalgi\u00e1zok.<br \/>\n\u00dagy a harmadik r\u00e9szn\u00e9l tartottunk, nekem m\u00e1r le-lebillent a fejem az \u00e1lomk\u00f3rt\u00f3l, amikor Oliv\u00e9r \u00e9rdekl\u0151dve fordul fel\u00e9m:<br \/>\n&#8211; Anyacika, m\u00e9r&#8217; f\u00e1j a nyuszi hasa?<br \/>\nMivel nem voltam k\u00e9pben a t\u00f6rt\u00e9nettel, figyelmemet gyorsan a k\u00e9perny\u0151 fel\u00e9 ford\u00edtottam,\u00a0 a v\u00e1laszt keresve. Erre mit l\u00e1tok?! A kisvakond \u00e9pp a nyuszi has\u00e1t er\u0151teljesen massz\u00edrozva seg\u00edti a kisnyuszikat a vil\u00e1graj\u00f6vetelben! Nyuszimama ny\u00f6sz\u00f6r\u00f6gve, s\u00f3hajtozva fekszik sz\u00e9ttett l\u00e1bakkal, a kisnyuszik pedig sz\u00e9pen sorban el\u0151buggyannak bel\u0151le! Azt hittem, valami po\u00e9n-vari\u00e1ci\u00f3j\u00e1t l\u00e1tjuk a kisvakondnak, de a dvd-tokot \u00e1tb\u00fajva r\u00e1 kellett j\u00f6nn\u00f6m, nem, ez a vakond-reality.<br \/>\nMondanom se kell, Oliv\u00e9r t\u00e1gra ny\u00edlt szemekkel figyelte az akci\u00f3t, f\u0151leg, mivel t\u00f6bb baba is sz\u00fcletett mostan\u00e1ban az ismer\u0151si k\u00f6r\u00fcnkben. A b\u00e9biszitter\u00fcnknek is \u00e9pp j\u00f3kora pocakja van, a gyerekeim rendszeresen bekiab\u00e1lva kommunik\u00e1lnak a benntlak\u00f3val. Amikor kor\u00e1bban sz\u00f3 volt Oli \u00e9s k\u00f6ztem a sz\u00fclet\u00e9s t\u00e9m\u00e1j\u00e1r\u00f3l, \u00e9n elfogadtam az \u0151 \u00e1ltala kre\u00e1lt magyar\u00e1zatot, miszerint a baba lecs\u00faszik az anyuk\u00e1ja tork\u00e1n, kifel\u00e9 pedig a p\u00fapj\u00e1n j\u00f6n majd. Olyan megnyugtat\u00f3 volt, hogy nem nekem kellett a g\u00f3ly\u00e1s-romantikus zagyvas\u00e1got mes\u00e9lnem, erre itt ez a vakond-magyar\u00e1zat! Vazz&#8230;<br \/>\nA kisfiam roppantul agg\u00f3dott a nyuszimam\u00e1\u00e9rt, aki l\u00e1that\u00f3an szenvedett a sz\u00fcl\u00e9s k\u00f6zben, de viszonylag gyorsan kipottyantotta az apr\u00f3s\u00e1gopkat \u00e9s j\u00f6tt a boldog vih\u00e1ncol\u00e1s. Mindketten fell\u00e9legezt\u00fcnk. Erre Oli bek\u00f6pi: &#8211; Anya, nekem is lesz baba a pocakomba? Nekem is f\u00e1jni fog? \u00c9s a fenekemen j\u00f6n majd ki? &#8211; csak \u00fagy z\u00e1poroztak a k\u00e9rd\u00e9sek.<br \/>\nNagyot s\u00f3hajtottam \u00e9s nekifogtam az apr\u00f3l\u00e9kos magyar\u00e1zatnak&#8230; f\u00e9l \u00f3ra m\u00falva ism\u00e9t rend volt a kisfiam fej\u00e9ben, no \u00e9s lelk\u00e9ben az ut\u00f3dl\u00e1st illet\u0151en, de a vakondos mes\u00e9t nem voltam hajland\u00f3 tov\u00e1bb n\u00e9zni. Ki tudja, mi van m\u00e9g benne? A nyusziszexn\u00e9l biztos darabokra t\u00f6rn\u00e9m a dvd-t&#8230;<\/p>\n<p>\u00cdme a video: <a href=\"http:\/\/www.youtube.com\/watch?v=enJhZM02dPw\">Kisvakond \u00e9s a sz\u00fcl\u00e9s<\/a><\/p>\n","protected":false},"excerpt":{"rendered":"<p>Hugic\u00e1t elpost\u00e1ztam Ap\u00e1n kereszt\u00fcl a nagyinak, \u00edgy pr\u00fcszk\u00f6l\u0151, k\u00f6h\u00f6g\u0151 kisfiammal kettesben maradtunk itthon eb\u00e9d ut\u00e1n. A pihi, tea, m\u00e9g t\u00f6bb pihi elv szellem\u00e9ben betettem a Kisvakond \u00e9s a h\u00f3ember dvd-t \u00e9s nyakig betakar\u00f3ztunk az \u00e1gyban. Gondoltam, ez a m\u0171sor \u00e9pp &hellip; <a href=\"https:\/\/agria.hu\/bdioda\/2012\/01\/12\/vakoknd-ok-tato\/\">Egy kattint\u00e1s ide a folytat\u00e1shoz&#8230;. <span class=\"meta-nav\">&rarr;<\/span><\/a><\/p>\n","protected":false},"author":59,"featured_media":0,"comment_status":"open","ping_status":"open","sticky":false,"template":"","format":"standard","meta":{"footnotes":""},"categories":[4,3,1],"tags":[],"class_list":["post-413","post","type-post","status-publish","format-standard","hentry","category-csaladi-sztori","category-gyerekes-nezopontbol","category-nincs-kategorizalva"],"_links":{"self":[{"href":"https:\/\/agria.hu\/bdioda\/wp-json\/wp\/v2\/posts\/413","targetHints":{"allow":["GET"]}}],"collection":[{"href":"https:\/\/agria.hu\/bdioda\/wp-json\/wp\/v2\/posts"}],"about":[{"href":"https:\/\/agria.hu\/bdioda\/wp-json\/wp\/v2\/types\/post"}],"author":[{"embeddable":true,"href":"https:\/\/agria.hu\/bdioda\/wp-json\/wp\/v2\/users\/59"}],"replies":[{"embeddable":true,"href":"https:\/\/agria.hu\/bdioda\/wp-json\/wp\/v2\/comments?post=413"}],"version-history":[{"count":6,"href":"https:\/\/agria.hu\/bdioda\/wp-json\/wp\/v2\/posts\/413\/revisions"}],"predecessor-version":[{"id":804,"href":"https:\/\/agria.hu\/bdioda\/wp-json\/wp\/v2\/posts\/413\/revisions\/804"}],"wp:attachment":[{"href":"https:\/\/agria.hu\/bdioda\/wp-json\/wp\/v2\/media?parent=413"}],"wp:term":[{"taxonomy":"category","embeddable":true,"href":"https:\/\/agria.hu\/bdioda\/wp-json\/wp\/v2\/categories?post=413"},{"taxonomy":"post_tag","embeddable":true,"href":"https:\/\/agria.hu\/bdioda\/wp-json\/wp\/v2\/tags?post=413"}],"curies":[{"name":"wp","href":"https:\/\/api.w.org\/{rel}","templated":true}]}}