{"id":4,"date":"2010-12-28T21:52:10","date_gmt":"2010-12-28T21:52:10","guid":{"rendered":"https:\/\/agria.hu\/bdioda\/?p=4"},"modified":"2011-01-22T17:09:44","modified_gmt":"2011-01-22T17:09:44","slug":"karacsonyi-delutan","status":"publish","type":"post","link":"https:\/\/agria.hu\/bdioda\/2010\/12\/28\/karacsonyi-delutan\/","title":{"rendered":"Kar\u00e1csonyi (d\u00e9l)ut\u00e1n"},"content":{"rendered":"<div class=\"fblikebutton_button\" style=\"float: right; margin-left: 10px;\"><iframe src=\"http:\/\/www.facebook.com\/plugins\/like.php?href=https%3A%2F%2Fagria.hu%2Fbdioda%2F2010%2F12%2F28%2Fkaracsonyi-delutan%2F&amp;layout=standard&amp;show-faces=false&amp;width=450&amp;action=recommend&amp;colorscheme=dark\" scrolling=\"no\" frameborder=\"0\" allowTransparency=\"true\" style=\"border:none; overflow:hidden; width:450px; height:26px\"><\/iframe><\/div>\n<p><span style=\"font-size: small\"><\/p>\n<p style=\"text-align: justify\">A gyerekeim v\u00e9gre b\u00e9k\u00e9sen alszanak. Istenem, mennyire hi\u00e1nyzott az elm\u00falt napokb\u00f3l a d\u00e9lut\u00e1ni szabads\u00e1gom! Kar\u00e1csonykor ugyanis n\u00e1lunk n\u00e9pv\u00e1ndorl\u00e1s van, az \u00fcnnep minden napj\u00e1n l\u00e1togat\u00f3ba megy\u00fcnk valahova. Nagyik, d\u00e9di, nagyn\u00e9ni &#8211;<strong>mindenki kipip\u00e1lva, anya lestrap\u00e1lva<\/strong>.<\/p>\n<p style=\"text-align: justify\">Ahhoz, hogy a 2 \u00e9ves \u00e9s 11 h\u00f3napos csemet\u00e9inkkel a l\u00e1bunkat kitegy\u00fck a lak\u00e1sunkb\u00f3l, nekem kor\u00e1n reggel el kell kezdeni a cihel\u0151d\u00e9st. Mindenkinek kaja, pia, pelus, popsit\u00f6rl\u0151, v\u00e1lt\u00f3ruha, benti cip\u0151 stb. &#8211; sz\u00f3val egy <strong>komplett nyaral\u00e1shoz val\u00f3 pakkot kell \u00f6sszerakni<\/strong> ak\u00e1r n\u00e9h\u00e1ny \u00f3ra kedv\u00e9\u00e9rt a szomsz\u00e9d utc\u00e1ban. \u00c9s most m\u00e9g a kar\u00e1csonyi aj\u00e1nd\u00e9kokat sem kellene itthon hagyni! Szerintetek hogyan lehet t\u00e1vol tartani k\u00e9t kisgyereket egy halom becsomagolt izgalomt\u00f3l? Marad a &#8222;f\u00f6lpakol\u00e1s&#8221; (el\u00e9rhetetlen, de l\u00e1that\u00f3 helyre rak\u00e1s) \u00e9s a hiszti&#8230;<\/p>\n<p style=\"text-align: justify\">Persze soha, semmi sem megy terv szerint, azaz A-terv szerint. A mi csal\u00e1dunkban ugyanis l\u00e9tezik az A, B, C, D, de m\u00e9g az E-terv fogalma is &#8211; k\u00e9ptelenek vagyunk k\u00e9s\u00e9s n\u00e9lk\u00fcl meg\u00e9rkezni valahov\u00e1. A cs\u00fasz\u00e1s oka persze v\u00e1ltoz\u00f3: ap\u00e1nak dolga van (&#8222;<strong>csak p\u00e1r perc Cs\u00fccsi<\/strong>&#8221; &#8211; azt\u00e1n persze \u00f3r\u00e1k m\u00falva j\u00f6n meg tankol\u00e1sra, kocsimos\u00e1sra (a legnagyobb latyakban!) hivatkozva), vagy pl. az over\u00e1l-felr\u00e1ngat\u00e1s k\u00f6zben kiszagolom, valamelyik gyerek telepakolta a frissen r\u00e1csomagolt pelenk\u00e1t. Ez ut\u00f3bbi egy\u00e9bk\u00e9nt t\u00f6rv\u00e9nyszer\u0171, mintha valami ingert adna a k\u00fcsz\u00f6b!<\/p>\n<p style=\"text-align: justify\">Ha v\u00e9gre siker\u00fclt a bej\u00e1rati ajt\u00f3 k\u00fcls\u0151 oldal\u00e1ra ker\u00fclni, j\u00f6n az \u00fajabb kih\u00edv\u00e1s: k\u00e9t tundrai id\u0151j\u00e1r\u00e1shoz \u00f6lt\u00f6ztetett t\u00f6rp\u00e9t kell gyerek\u00fcl\u00e9sekbe pr\u00e9selni. M\u00e1r ekkor teljesen k\u00e9sz vagyok, \u00fagy \u00e9rzem magam, mint egy <strong>mamutfeny\u0151, ami mag\u00e1t\u00f3l kid\u0151l, ha egy kanadai fav\u00e1g\u00f3 nekit\u00e1maszkodik<\/strong> (persze nem tudom, van-e mamutfeny\u0151 kanad\u00e1ban, de egy \u00e9jszakai b\u00fcfi-t\u00fara k\u00f6zben l\u00e1ttam filmet a fav\u00e1g\u00f3kr\u00f3l, mondhatom az elm\u00falt hetek legjobb t\u00e9v\u00e9s \u00e9lm\u00e9nye volt&#8230;).<\/p>\n<p style=\"text-align: justify\">A gyerekeim eg\u00e9sz norm\u00e1lisak voltak rokonaik otthon\u00e1ban. Meglep\u0151, de nem t\u00f6rt porcel\u00e1n, a poharak \u00e9pek maradtak (b\u00e1r voltak pr\u00f3b\u00e1lkoz\u00e1sok az\u00e9rt&#8230;) \u00e9s <strong>a kar\u00e1csonyf\u00e1k sem v\u00e1gt\u00e1k magukat v\u00edzszintesbe<\/strong>, ami fel\u00e9r egyenesen a csod\u00e1val! Ez az eredm\u00e9ny azonban a feln\u0151tt csal\u00e1dtagok -\u00e9s f\u0151leg nek\u00fcnk sz\u00fcl\u0151k- megfesz\u00edtett munk\u00e1j\u00e1nak k\u00f6sz\u00f6nhet\u0151, gyakorlatilag 1 gyerek 1 feln\u0151tt-k\u00eds\u00e9r\u0151 fel\u00e1ll\u00e1s j\u00e1tszott a l\u00e1togat\u00e1sok minden perc\u00e9ben. M\u00e9g szerencse, hogy volt v\u00e1lt\u00e1s &#8211; milyen j\u00f3 a nagy csal\u00e1d!<\/p>\n<p style=\"text-align: justify\">Az elm\u00falt napokban volt minden: \u00e9gnek \u00e1ll\u00f3 hajsz\u00e1lak (pl. amikor a krist\u00e1lypoharat lekapja a k\u00e9t\u00e9ves az asztalr\u00f3l), megfesz\u00edtett figyelem (&#8222;csak a kandall\u00f3hoz ne!&#8221;) \u00e9s k\u00f6ny\u00f6rg\u00e9s (&#8222;csak egy falat husit, l\u00e9gyszi..na j\u00f3, akkor s\u00fctit, mindegy csak egy\u00e9l&#8221;). Ennek ellen\u00e9re \u00fagy \u00e9rzem, most lett igaz\u00e1n meghitt a kar\u00e1csonyunk. Sose felejtem el a gyerekeim csod\u00e1lkoz\u00f3 arc\u00e1t, amikor megl\u00e1tt\u00e1k a feld\u00edsz\u00edtett f\u00e1t \u00e9s <strong>mindenki \u00e9nekelte a Kiskar\u00e1csonyt<\/strong> (na j\u00f3, ez ut\u00f3bbin val\u00f3sz\u00edn\u0171 ink\u00e1bb led\u00f6bbentek, mint csod\u00e1lkoztak).<\/p>\n<p style=\"text-align: justify\">Most v\u00e9gre alszanak, \u0151k is kipihenik.<\/p>\n<p><\/span><\/p>\n","protected":false},"excerpt":{"rendered":"<p>A gyerekeim v\u00e9gre b\u00e9k\u00e9sen alszanak. Istenem, mennyire hi\u00e1nyzott az elm\u00falt napokb\u00f3l a d\u00e9lut\u00e1ni szabads\u00e1gom! Kar\u00e1csonykor ugyanis n\u00e1lunk n\u00e9pv\u00e1ndorl\u00e1s van, az \u00fcnnep minden napj\u00e1n l\u00e1togat\u00f3ba megy\u00fcnk valahova. Nagyik, d\u00e9di, nagyn\u00e9ni &#8211;mindenki kipip\u00e1lva, anya lestrap\u00e1lva. Ahhoz, hogy a 2 \u00e9ves \u00e9s 11 &hellip; <a href=\"https:\/\/agria.hu\/bdioda\/2010\/12\/28\/karacsonyi-delutan\/\">Egy kattint\u00e1s ide a folytat\u00e1shoz&#8230;. <span class=\"meta-nav\">&rarr;<\/span><\/a><\/p>\n","protected":false},"author":59,"featured_media":0,"comment_status":"open","ping_status":"open","sticky":false,"template":"","format":"standard","meta":{"footnotes":""},"categories":[4,1],"tags":[],"class_list":["post-4","post","type-post","status-publish","format-standard","hentry","category-csaladi-sztori","category-nincs-kategorizalva"],"_links":{"self":[{"href":"https:\/\/agria.hu\/bdioda\/wp-json\/wp\/v2\/posts\/4","targetHints":{"allow":["GET"]}}],"collection":[{"href":"https:\/\/agria.hu\/bdioda\/wp-json\/wp\/v2\/posts"}],"about":[{"href":"https:\/\/agria.hu\/bdioda\/wp-json\/wp\/v2\/types\/post"}],"author":[{"embeddable":true,"href":"https:\/\/agria.hu\/bdioda\/wp-json\/wp\/v2\/users\/59"}],"replies":[{"embeddable":true,"href":"https:\/\/agria.hu\/bdioda\/wp-json\/wp\/v2\/comments?post=4"}],"version-history":[{"count":3,"href":"https:\/\/agria.hu\/bdioda\/wp-json\/wp\/v2\/posts\/4\/revisions"}],"predecessor-version":[{"id":67,"href":"https:\/\/agria.hu\/bdioda\/wp-json\/wp\/v2\/posts\/4\/revisions\/67"}],"wp:attachment":[{"href":"https:\/\/agria.hu\/bdioda\/wp-json\/wp\/v2\/media?parent=4"}],"wp:term":[{"taxonomy":"category","embeddable":true,"href":"https:\/\/agria.hu\/bdioda\/wp-json\/wp\/v2\/categories?post=4"},{"taxonomy":"post_tag","embeddable":true,"href":"https:\/\/agria.hu\/bdioda\/wp-json\/wp\/v2\/tags?post=4"}],"curies":[{"name":"wp","href":"https:\/\/api.w.org\/{rel}","templated":true}]}}