{"id":398,"date":"2011-12-31T09:17:34","date_gmt":"2011-12-31T09:17:34","guid":{"rendered":"https:\/\/agria.hu\/bdioda\/?p=398"},"modified":"2013-05-05T16:33:15","modified_gmt":"2013-05-05T16:33:15","slug":"ha-elmulik-karacsony","status":"publish","type":"post","link":"https:\/\/agria.hu\/bdioda\/2011\/12\/31\/ha-elmulik-karacsony\/","title":{"rendered":"Ha elm\u00falik kar\u00e1csony&#8230;"},"content":{"rendered":"<div class=\"fblikebutton_button\" style=\"float: right; margin-left: 10px;\"><iframe src=\"http:\/\/www.facebook.com\/plugins\/like.php?href=https%3A%2F%2Fagria.hu%2Fbdioda%2F2011%2F12%2F31%2Fha-elmulik-karacsony%2F&amp;layout=standard&amp;show-faces=false&amp;width=450&amp;action=recommend&amp;colorscheme=dark\" scrolling=\"no\" frameborder=\"0\" allowTransparency=\"true\" style=\"border:none; overflow:hidden; width:450px; height:26px\"><\/iframe><\/div>\n<p style=\"text-align: justify\">\n<p style=\"text-align: justify\">Ugye ismeritek ezt a dalt? &#8230; a szeretet l\u00e1ngja halv\u00e1nyabban \u00e9g, de ha vigy\u00e1zunk r\u00e1, nem alszik ki m\u00e9g&#8230; Ezzel a dallammal a f\u00fclemben \u00e9bredtem reggel, pedig \u00e9vek \u00f3ta nem hallottam m\u00e1r r\u00e1di\u00f3ban, t\u00e9v\u00e9ben. Nem b\u00edrtam elhallgattatni a csilingel\u0151 zajt a kopony\u00e1mb\u00f3l, \u00edgy felkeltem \u00e9s nekil\u00e1ttam f\u0151zni. \u00c1tgondoltam k\u00f6zben az idei kar\u00e1csonyt \u00e9s ha m\u00e1r id\u00e1ig eljutottam, az eg\u00e9sz \u00e9vet g\u00f3rcs\u0151 al\u00e1 vettem.<br \/>\n\u00dagy \u00e9rzem, j\u00f3 sok\u00e1ig (de lehet, hal\u00e1lomig) ezt az \u00e9vet mondhatom majd \u00e9letem legboldogabb id\u0151szak\u00e1nak. K\u00e9t gyerekes kismamak\u00e9nt voltam itthon id\u00e9n, de m\u00e1r a kisbab\u00e1s gondok n\u00e9lk\u00fcl. Nem volt k\u00e9ts\u00e9gbees\u00e9sig tart\u00f3 k\u00fczdelem az anyatej\u00e9rt, \u00e9jszak\u00e1z\u00e1s, hasf\u00e1j\u00e1s, a csemet\u00e9im el tudj\u00e1k mondani, ha valami gondjuk van \u00e9s \u00e9n egyre nagyobb ar\u00e1nyban meg\u00e9rtem azt (Liza az\u00e9rt ad m\u00e9g nyelvi fejt\u00f6r\u0151ket). Lelkiismeretfurdal\u00e1s n\u00e9lk\u00fcl b\u00edzhat\u00f3k a nagymam\u00e1kra, de m\u00e1r az apjuk is elboldogul vel\u00fck &#8211; egyed\u00fcl.<br \/>\nKertet \u00e9p\u00edtettem a ny\u00e1ron, rengeteg n\u00f6v\u00e9nyt \u00fcltettem \u00e9s \u00f6sszesen h\u00fasz szem epret sz\u00fcreteltem a gyerekeim nagy \u00f6r\u00f6m\u00e9re.<br \/>\nLek\u00fczd\u00f6ttem a t\u00fals\u00falyt, f\u0151k\u00e9nt a lelkemr\u0151l. Elfogadtam magam olyannak, amilyen \u00e9s amikor a testemet form\u00e1lom, a mozg\u00e1s \u00f6r\u00f6m\u00e9\u00e9rt, nem pedig a g\u00f6rcs\u00f6s fogy\u00e1s\u00e9rt teszem. \u00c9vtizedes \u00f6n\u00e9rt\u00e9kel\u00e9si gy\u00f6trelemnek vetettem v\u00e9get.<br \/>\nId\u00e9n belej\u00f6ttem a f\u0151z\u00e9sbe, im\u00e1dom, ha a gyerekeim k\u00e9t pof\u00e1ra t\u00f6mik a kre\u00e1lm\u00e1nyom &#8211; pedig sosem szerettem a konyh\u00e1ban t\u00fcst\u00e9ntkedni. Kar\u00e1csony m\u00e1snapj\u00e1n, amikor a nagymam\u00e1mn\u00e1l gy\u0171lt \u00f6ssze a csal\u00e1d, \u00e9n szolg\u00e1lattam k\u00e9tf\u00e9le f\u0151\u00e9telt, hogy levegyek a nagyim v\u00e1ll\u00e1t nyom\u00f3 terhekb\u0151l. El\u0151z\u0151 \u00e9jjel nem aludtam az izgalomt\u00f3l, f\u00e9ltem, elsz\u00farom az eb\u00e9det. V\u00e9g\u00fcl remek\u00fcl siker\u00fclt minden, nem csak az \u00e9tel.<br \/>\nSokat voltunk egy\u00fctt a szeretteinkkel id\u00e9n \u00e9s ha rajtam m\u00falik, 2012-ben m\u00e9g t\u00f6bb csal\u00e1di \u00f6sszej\u00f6vetel lesz. Szorosabbra f\u0171zt\u00fck a rokoni sz\u00e1lakat, s\u00f3gorn\u0151mmel igazi csal\u00e1d\u00f6sszetart\u00f3kk\u00e1 v\u00e1ltunk, r\u00e9szben bet\u00f6ltve az elhunyt Kata mama hely\u00e9t. &#8222;R\u00e9gi&#8221; csal\u00e1dommal is elfogad\u00f3bb lettem, t\u00fcrelmesebb vagyok mag\u00e1nyos keresztany\u00e1mmal, id\u0151s nagymam\u00e1mmal szemben. A sz\u00fcleim beler\u00e1z\u00f3dtak a nagyi, papi szerepekbe \u00e9s szinte virulnak a szeretett\u0151l, amit a gyerekeimt\u0151l kapnak.<br \/>\nFelt\u00f6ltekeztem az id\u00e9n szeretetb\u0151l. Kell is a tuning, mert 2012 sz\u00e1momra a munk\u00e1ba val\u00f3 vissza\u00e1ll\u00e1s \u00e9ve lesz, ha minden j\u00f3l megy. Nem tudom, mihez kezdek (pedig 3 \u00e9ve agyalok rajta) \u00e9s ott a zabszem a pop\u00f3mban&#8230;\u00a0B\u00e1tornak kell lennem, mint a fiamnak az els\u0151 \u00f3v\u00f3dai napon. De majd \u00e9n is k\u00e9rek t\u0151le egy puszicsat\u00e1t miel\u0151tt be-, azaz ink\u00e1bb kil\u00e9pek a &#8222;csoportszob\u00e1ba&#8221;!<\/p>\n<p style=\"text-align: justify\">Eg\u00e9szs\u00e9gben, szeretetben gazdag \u00faj \u00e9vet k\u00edv\u00e1nok Nektek!<\/p>\n","protected":false},"excerpt":{"rendered":"<p>Ugye ismeritek ezt a dalt? &#8230; a szeretet l\u00e1ngja halv\u00e1nyabban \u00e9g, de ha vigy\u00e1zunk r\u00e1, nem alszik ki m\u00e9g&#8230; Ezzel a dallammal a f\u00fclemben \u00e9bredtem reggel, pedig \u00e9vek \u00f3ta nem hallottam m\u00e1r r\u00e1di\u00f3ban, t\u00e9v\u00e9ben. Nem b\u00edrtam elhallgattatni a csilingel\u0151 zajt &hellip; <a href=\"https:\/\/agria.hu\/bdioda\/2011\/12\/31\/ha-elmulik-karacsony\/\">Egy kattint\u00e1s ide a folytat\u00e1shoz&#8230;. <span class=\"meta-nav\">&rarr;<\/span><\/a><\/p>\n","protected":false},"author":59,"featured_media":0,"comment_status":"open","ping_status":"open","sticky":false,"template":"","format":"standard","meta":{"footnotes":""},"categories":[4,1],"tags":[],"class_list":["post-398","post","type-post","status-publish","format-standard","hentry","category-csaladi-sztori","category-nincs-kategorizalva"],"_links":{"self":[{"href":"https:\/\/agria.hu\/bdioda\/wp-json\/wp\/v2\/posts\/398","targetHints":{"allow":["GET"]}}],"collection":[{"href":"https:\/\/agria.hu\/bdioda\/wp-json\/wp\/v2\/posts"}],"about":[{"href":"https:\/\/agria.hu\/bdioda\/wp-json\/wp\/v2\/types\/post"}],"author":[{"embeddable":true,"href":"https:\/\/agria.hu\/bdioda\/wp-json\/wp\/v2\/users\/59"}],"replies":[{"embeddable":true,"href":"https:\/\/agria.hu\/bdioda\/wp-json\/wp\/v2\/comments?post=398"}],"version-history":[{"count":7,"href":"https:\/\/agria.hu\/bdioda\/wp-json\/wp\/v2\/posts\/398\/revisions"}],"predecessor-version":[{"id":806,"href":"https:\/\/agria.hu\/bdioda\/wp-json\/wp\/v2\/posts\/398\/revisions\/806"}],"wp:attachment":[{"href":"https:\/\/agria.hu\/bdioda\/wp-json\/wp\/v2\/media?parent=398"}],"wp:term":[{"taxonomy":"category","embeddable":true,"href":"https:\/\/agria.hu\/bdioda\/wp-json\/wp\/v2\/categories?post=398"},{"taxonomy":"post_tag","embeddable":true,"href":"https:\/\/agria.hu\/bdioda\/wp-json\/wp\/v2\/tags?post=398"}],"curies":[{"name":"wp","href":"https:\/\/api.w.org\/{rel}","templated":true}]}}