{"id":389,"date":"2011-12-23T15:08:34","date_gmt":"2011-12-23T15:08:34","guid":{"rendered":"https:\/\/agria.hu\/bdioda\/?p=389"},"modified":"2011-12-23T15:22:32","modified_gmt":"2011-12-23T15:22:32","slug":"karacsonyi-laz","status":"publish","type":"post","link":"https:\/\/agria.hu\/bdioda\/2011\/12\/23\/karacsonyi-laz\/","title":{"rendered":"Kar\u00e1csonyi l\u00e1z"},"content":{"rendered":"<div class=\"fblikebutton_button\" style=\"float: right; margin-left: 10px;\"><iframe src=\"http:\/\/www.facebook.com\/plugins\/like.php?href=https%3A%2F%2Fagria.hu%2Fbdioda%2F2011%2F12%2F23%2Fkaracsonyi-laz%2F&amp;layout=standard&amp;show-faces=false&amp;width=450&amp;action=recommend&amp;colorscheme=dark\" scrolling=\"no\" frameborder=\"0\" allowTransparency=\"true\" style=\"border:none; overflow:hidden; width:450px; height:26px\"><\/iframe><\/div>\n<p style=\"text-align: justify\">\n<p style=\"text-align: justify\">\n<p style=\"text-align: justify\">B\u00e1r szerd\u00e1n nem esett el\u00e9g h\u00f3 sz\u00e1nk\u00f3z\u00e1shoz, sikeresen meghozta a kedvemet a kar\u00e1csonyhoz. M\u00e1r \u00e9pp kezdtem kicsit ki\u00e9gni a nagy v\u00e1rakoz\u00e1sban&#8230; Beugrott egy \u00f6tlet \u00e9s ez teljesen felvillanyozott!<br \/>\nNapok \u00f3ta zavart a tudat, hogy b\u00e1r a gyerekeink rengeteg aj\u00e1nd\u00e9kot kapnak majd, \u00e9pp a sz\u00fcleik nem raknak semmit sem a kar\u00e1csonyfa al\u00e1. Nagysz\u00fcl\u0151k, d\u00e9di, nagyn\u00e9ni\u00e9k &#8211; sz\u00f3val az eg\u00e9sz csal\u00e1d a sz\u00edv\u00e9n viseli a k\u00e9t legkisebb, a mi gyermekeink \u00f6r\u00f6m\u00e9t \u00e9s mindenki k\u00e9sz\u00fcl meglepet\u00e9ssel. J\u00f3 rokonok r\u00e9v\u00e9n egyeztet\u00fcnk egym\u00e1ssal a nagyobb aj\u00e1nd\u00e9kokr\u00f3l, v\u00e1gyakr\u00f3l, \u00edgy tudom, kapnak majd a csemet\u00e9k gyurmak\u00e9szletet, kiskonyh\u00e1t (ezt egy\u00e9bk\u00e9nt \u00e9n vettem haszn\u00e1ltan a neten any\u00f3som nev\u00e9ben, mert nem l\u00e1ttam \u00e9rtelm\u00e9t \u00faj\u00e9rt t\u00edzezreket kiadni), kirak\u00f3t, foglalkoztat\u00f3 f\u00fczeteket \u00e9s m\u00e9g j\u00f6nnek azok a meglepik, amiket nem k\u00f6t\u00f6ttek a sz\u00fcl\u0151k orr\u00e1ra az aj\u00e1nd\u00e9koz\u00f3 angyalok. Szerencs\u00e9sek vagyunk, hogy a csal\u00e1dunk megengedheti mag\u00e1nak ezt az aj\u00e1nd\u00e9kt\u00f6meget, de az is igaz, a feln\u0151ttek szer\u00e9nyebben k\u00f6sz\u00f6ntik egym\u00e1st.<br \/>\nNem l\u00e1ttam \u00e9rtelm\u00e9t tov\u00e1bbi j\u00e1t\u00e9kokat v\u00e1s\u00e1rolni, csak az\u00e9rt, hogy mi is adjunk valamit a gyerekeknek, de egy apr\u00f3cska moly ott motoszk\u00e1lt a fejemben eg\u00e9sz h\u00e9ten.<br \/>\nT\u00f6rni kezdtem a fejem, mit k\u00e9sz\u00edthetn\u00e9k a gyerekeimnek aj\u00e1nd\u00e9kba. Azt\u00e1n eszembe jutott, nagyany\u00e1m, mit csin\u00e1lt nyaranta, amikor j\u00e1t\u00e9kra v\u00e1gytam. Megt\u00f6lt\u00f6tt egy kiselejtezett zoknit b\u00faz\u00e1val \u00e9s bab\u00e1t k\u00e9sz\u00edtett. Ha hazamentem a sz\u00fcnetr\u0151l, a bab\u00e1t a ty\u00fakok \u00f6r\u00f6k\u00f6lt\u00e9k, legk\u00f6zelebb \u00fagyis csin\u00e1ltunk m\u00e1sikat. Nem volt k\u00e9t egyforma!\u00a0<a href=\"https:\/\/agria.hu\/bdioda\/files\/2011\/12\/zokni.jpg\"><img loading=\"lazy\" decoding=\"async\" class=\"alignright size-thumbnail wp-image-393\" src=\"https:\/\/agria.hu\/bdioda\/files\/2011\/12\/zokni-150x150.jpg\" alt=\"\" width=\"150\" height=\"150\" \/><\/a><br \/>\n\u00cdgy \u00e9n is nekil\u00e1ttam zoknibab\u00e1kat k\u00e9sz\u00edteni! Egy p\u00e1r sz\u0151r\u0151s szobazoknit be\u00e1ldoztam (nem olyat, mint Mama, lyukasat), a k\u00e9t bab\u00e1nak majdnem egyform\u00e1nak kell lennie, mert veszeked\u00e9s lesz! Megt\u00f6lt\u00f6ttem a zoknikat babbal, \u00f6sszevarrtam, gombb\u00f3l lett a szem\u00fck, filcb\u0151l a sz\u00e1juk \u00e9s fonalb\u00f3l a hajuk. Liz\u00e1\u00e9 a r\u00f3zsasz\u00edn haj\u00fa, gy\u00f6ngyszem\u0171 &#8222;baba&#8221; lesz (az id\u00e9z\u0151jel az\u00e9rt, mert ink\u00e1bb valami sz\u00f6rnyecsk\u00e9re hasonl\u00edt), Oliv\u00e9r\u00e9 pedig a k\u00e9k haj\u00fa, k\u00e9k kockaszem\u0171.<br \/>\nNagyon b\u00fcszke vagyok a m\u0171veimre, rem\u00e9lem, a gyerekek is \u00e9rt\u00e9kelik majd! Az biztos, legal\u00e1bb nem kapok agyv\u00e9rz\u00e9st, amikor sz\u00e9tszedik azokat!<\/p>\n","protected":false},"excerpt":{"rendered":"<p>B\u00e1r szerd\u00e1n nem esett el\u00e9g h\u00f3 sz\u00e1nk\u00f3z\u00e1shoz, sikeresen meghozta a kedvemet a kar\u00e1csonyhoz. M\u00e1r \u00e9pp kezdtem kicsit ki\u00e9gni a nagy v\u00e1rakoz\u00e1sban&#8230; Beugrott egy \u00f6tlet \u00e9s ez teljesen felvillanyozott! Napok \u00f3ta zavart a tudat, hogy b\u00e1r a gyerekeink rengeteg aj\u00e1nd\u00e9kot kapnak &hellip; <a href=\"https:\/\/agria.hu\/bdioda\/2011\/12\/23\/karacsonyi-laz\/\">Egy kattint\u00e1s ide a folytat\u00e1shoz&#8230;. <span class=\"meta-nav\">&rarr;<\/span><\/a><\/p>\n","protected":false},"author":59,"featured_media":0,"comment_status":"open","ping_status":"open","sticky":false,"template":"","format":"standard","meta":{"footnotes":""},"categories":[4,1],"tags":[],"class_list":["post-389","post","type-post","status-publish","format-standard","hentry","category-csaladi-sztori","category-nincs-kategorizalva"],"_links":{"self":[{"href":"https:\/\/agria.hu\/bdioda\/wp-json\/wp\/v2\/posts\/389","targetHints":{"allow":["GET"]}}],"collection":[{"href":"https:\/\/agria.hu\/bdioda\/wp-json\/wp\/v2\/posts"}],"about":[{"href":"https:\/\/agria.hu\/bdioda\/wp-json\/wp\/v2\/types\/post"}],"author":[{"embeddable":true,"href":"https:\/\/agria.hu\/bdioda\/wp-json\/wp\/v2\/users\/59"}],"replies":[{"embeddable":true,"href":"https:\/\/agria.hu\/bdioda\/wp-json\/wp\/v2\/comments?post=389"}],"version-history":[{"count":7,"href":"https:\/\/agria.hu\/bdioda\/wp-json\/wp\/v2\/posts\/389\/revisions"}],"predecessor-version":[{"id":397,"href":"https:\/\/agria.hu\/bdioda\/wp-json\/wp\/v2\/posts\/389\/revisions\/397"}],"wp:attachment":[{"href":"https:\/\/agria.hu\/bdioda\/wp-json\/wp\/v2\/media?parent=389"}],"wp:term":[{"taxonomy":"category","embeddable":true,"href":"https:\/\/agria.hu\/bdioda\/wp-json\/wp\/v2\/categories?post=389"},{"taxonomy":"post_tag","embeddable":true,"href":"https:\/\/agria.hu\/bdioda\/wp-json\/wp\/v2\/tags?post=389"}],"curies":[{"name":"wp","href":"https:\/\/api.w.org\/{rel}","templated":true}]}}