{"id":383,"date":"2011-12-17T15:48:59","date_gmt":"2011-12-17T15:48:59","guid":{"rendered":"https:\/\/agria.hu\/bdioda\/?p=383"},"modified":"2013-05-05T16:51:44","modified_gmt":"2013-05-05T16:51:44","slug":"egyre-jobb-no","status":"publish","type":"post","link":"https:\/\/agria.hu\/bdioda\/2011\/12\/17\/egyre-jobb-no\/","title":{"rendered":"Egyre jobb n\u0151"},"content":{"rendered":"<div class=\"fblikebutton_button\" style=\"float: right; margin-left: 10px;\"><iframe src=\"http:\/\/www.facebook.com\/plugins\/like.php?href=https%3A%2F%2Fagria.hu%2Fbdioda%2F2011%2F12%2F17%2Fegyre-jobb-no%2F&amp;layout=standard&amp;show-faces=false&amp;width=450&amp;action=recommend&amp;colorscheme=dark\" scrolling=\"no\" frameborder=\"0\" allowTransparency=\"true\" style=\"border:none; overflow:hidden; width:450px; height:26px\"><\/iframe><\/div>\n<p style=\"text-align: justify\">\n<p style=\"text-align: justify\">Fodrok, hull\u00e1mok, cs\u00edkok tark\u00edtj\u00e1k a testem. A mellem k\u00e9t klasszik tejeszacsk\u00f3, a derekam vonal\u00e1t csak m\u00e9r\u0151szalaggal tal\u00e1lom meg. A v\u00f6r\u00f6s al\u00f3l kikandik\u00e1l az \u0151sz, ha hagyom. Tudom, mi az a b\u0151rkem\u00e9nyed\u00e9s \u00e9s a sz\u0151rt\u00fcsz\u0151gyullad\u00e1s. A sz\u00e9ps\u00e9gtan\u00e1csad\u00f3 szerint m\u00e1r feszes\u00edt\u0151 kr\u00e9met kellene haszn\u00e1lnom. A testemet m\u00e9gis egyre jobban szeretem!<\/p>\n<p style=\"text-align: justify\">Van rajtam mit fogni &#8211; \u00edgy sz\u00f3l a &#8222;van rajtam s\u00falyfelesleg&#8221; elfogadhat\u00f3bb hangz\u00e1sban. Gyermekeim 3 \u00e9s mindj\u00e1rt 2 \u00e9vesek, az els\u0151 terhess\u00e9gem idej\u00e9n felszedett pluszok egyel\u0151re ragaszkodnak a testemhez. A szoptat\u00e1s ut\u00e1n di\u00e9ta- \u00e9s tornam\u00e1nia k\u00f6vetkezett, alig \u00e9szrevehet\u0151 eredm\u00e9nnyel. Egy nap azon kaptam magam, ker\u00fcl\u00f6m a lak\u00e1sban elhelyezett t\u00fckr\u00f6ket&#8230;<br \/>\nKivettem egy \u00f3ra szabit. Edz\u00e9s helyett a k\u00e1dunkat l\u00e1togattam meg \u00e9s \u0151szint\u00e9n magamba n\u00e9zve megvizsg\u00e1ltam r\u00e9mes \u00f6n\u00e9rt\u00e9kel\u00e9sem val\u00f3s okait. L\u00e1ssuk csak, most ut\u00e1lom a testem, de volt ez valaha m\u00e1sk\u00e9pp?!<br \/>\nNagyany\u00e1m isteni szak\u00e1cs a hagyom\u00e1nyos fajt\u00e1b\u00f3l \u00e9s \u00e9lt n\u00e1lunk a szok\u00e1s, ami a t\u00e1ny\u00e9rra ker\u00fcl, meg is kell enned &#8211; ergo duci kisl\u00e1ny voltam. A s\u00falyt\u00f6bblet m\u00ednuszt jelentett magabiztoss\u00e1gban, n\u00e9pszer\u0171s\u00e9gben, sikerekben.<br \/>\nGimn\u00e1ziumba ker\u00fclve egy \u00e9v alatt n\u0151ttem h\u00fasz centit, kifejezetten gebe lettem, a t\u00fck\u00f6rbe n\u00e9zve m\u00e9gis molettnek l\u00e1ttam magam. S\u00falyom \u00e9s torz testk\u00e9pem meg is maradt a k\u00f6vetkez\u0151 \u00e9vtizedre. Nyaral\u00e1skor takargattam magam strandkend\u0151vel! Ha valaki megb\u00e1mult, \u00fagy \u00e9reztem, a &#8211; val\u00f3j\u00e1ban csak a fejemben l\u00e9tez\u0151- hurk\u00e1imat st\u00edr\u00f6li&#8230;<br \/>\n\u00d6n\u00e9rt\u00e9kel\u00e9semen sokat dobott a h\u00e1zass\u00e1g, pontosabban a f\u00e9rjem ama tulajdons\u00e1ga, hogy \u00fagy tud r\u00e1m n\u00e9zni, mintha \u00e9n lenn\u00e9k Jennifer Lopez jav\u00edtott kiad\u00e1sban. A b\u0151 pulcsik \u00e9s a strandkend\u0151 az\u00e9rt \u00e1lland\u00f3 darabjai maradtak a ruhat\u00e1ramnak.<br \/>\nMa visszas\u00edrom a 20 \u00e9ves testemet, amit akkor ut\u00e1ltam. \u00dajabb \u00e9vtized m\u00falva nyilv\u00e1n a harmincas feszess\u00e9gem, vitalit\u00e1som, s\u0151t s\u00falyom fog hi\u00e1nyozni. K\u00e1dban fogant gondolatmenetem v\u00e9g\u00e9n vettem egy nagy leveg\u0151t \u00e9s megfogadtam, megszeretem valahogy magamat. V\u00e9gigvettem a testemen, ami sz\u00e9p \u00e9s azt is ami nem, de hozz\u00e1gondoltam, mi lenne, ha cs\u00fany\u00e1bb, rosszabb lenne. A k\u00f6vetkez\u0151 hetekben nem foglalkoztam a s\u00falyommal, nem kezdtem minden reggelt a m\u00e9rlegen, mint azel\u0151tt. N\u00e9h\u00e1ny edz\u00e9st lecser\u00e9ltem kert\u00e9szked\u00e9sre, amit\u0151l kisimultabb, nyugodtabb lettem. Az aerobic megmaradt a mozg\u00e1s \u00e9s a j\u00f3 csapat szeretete miatt, de nem az lett minden szabadid\u0151m elt\u00f6lt\u00e9s\u00e9nek terepe.<br \/>\n<a href=\"https:\/\/agria.hu\/bdioda\/files\/2011\/12\/noi-ero.jpg\"><img loading=\"lazy\" decoding=\"async\" class=\"aligncenter size-medium wp-image-386\" src=\"https:\/\/agria.hu\/bdioda\/files\/2011\/12\/noi-ero-300x300.jpg\" alt=\"\" width=\"300\" height=\"300\" srcset=\"https:\/\/agria.hu\/bdioda\/files\/2011\/12\/noi-ero-300x300.jpg 300w, https:\/\/agria.hu\/bdioda\/files\/2011\/12\/noi-ero-150x150.jpg 150w, https:\/\/agria.hu\/bdioda\/files\/2011\/12\/noi-ero.jpg 400w\" sizes=\"auto, (max-width: 300px) 100vw, 300px\" \/><\/a><br \/>\nMintha l\u00e1ncokt\u00f3l szabadultam volna meg! Egyenesebben, hat\u00e1rozottabban j\u00e1rtam, mint valaha. Ismer\u0151s\u00f6k azzal \u00e1ll\u00edtottak meg, hogy mennyit fogytam! R\u00e1\u00e1lltam a m\u00e9rlegre \u00e9s val\u00f3ban k\u00e9t kil\u00f3 k\u00f6lt\u00f6z\u00f6tt le r\u00f3lam. \u00c9rdekes, m\u00edg kor\u00e1bban azt senki \u00e9szre nem vette, hogy t\u00edz kil\u00f3t leg\u00f6rcs\u00f6ltem magamr\u00f3l, ez a kett\u0151 mindenkinek felt\u0171nt! Az\u00f3ta azt mes\u00e9lem a bar\u00e1tn\u0151imnek, lefogyott az agyam, megokosodtam \u00e9s jobb csaj vagyok, mint valaha!<\/p>\n","protected":false},"excerpt":{"rendered":"<p>Fodrok, hull\u00e1mok, cs\u00edkok tark\u00edtj\u00e1k a testem. A mellem k\u00e9t klasszik tejeszacsk\u00f3, a derekam vonal\u00e1t csak m\u00e9r\u0151szalaggal tal\u00e1lom meg. A v\u00f6r\u00f6s al\u00f3l kikandik\u00e1l az \u0151sz, ha hagyom. Tudom, mi az a b\u0151rkem\u00e9nyed\u00e9s \u00e9s a sz\u0151rt\u00fcsz\u0151gyullad\u00e1s. A sz\u00e9ps\u00e9gtan\u00e1csad\u00f3 szerint m\u00e1r feszes\u00edt\u0151 kr\u00e9met &hellip; <a href=\"https:\/\/agria.hu\/bdioda\/2011\/12\/17\/egyre-jobb-no\/\">Egy kattint\u00e1s ide a folytat\u00e1shoz&#8230;. <span class=\"meta-nav\">&rarr;<\/span><\/a><\/p>\n","protected":false},"author":59,"featured_media":0,"comment_status":"open","ping_status":"open","sticky":false,"template":"","format":"standard","meta":{"footnotes":""},"categories":[15,6,1],"tags":[],"class_list":["post-383","post","type-post","status-publish","format-standard","hentry","category-divat-2","category-fitt-mama","category-nincs-kategorizalva"],"_links":{"self":[{"href":"https:\/\/agria.hu\/bdioda\/wp-json\/wp\/v2\/posts\/383","targetHints":{"allow":["GET"]}}],"collection":[{"href":"https:\/\/agria.hu\/bdioda\/wp-json\/wp\/v2\/posts"}],"about":[{"href":"https:\/\/agria.hu\/bdioda\/wp-json\/wp\/v2\/types\/post"}],"author":[{"embeddable":true,"href":"https:\/\/agria.hu\/bdioda\/wp-json\/wp\/v2\/users\/59"}],"replies":[{"embeddable":true,"href":"https:\/\/agria.hu\/bdioda\/wp-json\/wp\/v2\/comments?post=383"}],"version-history":[{"count":5,"href":"https:\/\/agria.hu\/bdioda\/wp-json\/wp\/v2\/posts\/383\/revisions"}],"predecessor-version":[{"id":835,"href":"https:\/\/agria.hu\/bdioda\/wp-json\/wp\/v2\/posts\/383\/revisions\/835"}],"wp:attachment":[{"href":"https:\/\/agria.hu\/bdioda\/wp-json\/wp\/v2\/media?parent=383"}],"wp:term":[{"taxonomy":"category","embeddable":true,"href":"https:\/\/agria.hu\/bdioda\/wp-json\/wp\/v2\/categories?post=383"},{"taxonomy":"post_tag","embeddable":true,"href":"https:\/\/agria.hu\/bdioda\/wp-json\/wp\/v2\/tags?post=383"}],"curies":[{"name":"wp","href":"https:\/\/api.w.org\/{rel}","templated":true}]}}