{"id":372,"date":"2011-12-08T11:01:36","date_gmt":"2011-12-08T11:01:36","guid":{"rendered":"https:\/\/agria.hu\/bdioda\/?p=372"},"modified":"2013-05-05T16:34:48","modified_gmt":"2013-05-05T16:34:48","slug":"malackodtunk","status":"publish","type":"post","link":"https:\/\/agria.hu\/bdioda\/2011\/12\/08\/malackodtunk\/","title":{"rendered":"Malackodtunk"},"content":{"rendered":"<div class=\"fblikebutton_button\" style=\"float: right; margin-left: 10px;\"><iframe src=\"http:\/\/www.facebook.com\/plugins\/like.php?href=https%3A%2F%2Fagria.hu%2Fbdioda%2F2011%2F12%2F08%2Fmalackodtunk%2F&amp;layout=standard&amp;show-faces=false&amp;width=450&amp;action=recommend&amp;colorscheme=dark\" scrolling=\"no\" frameborder=\"0\" allowTransparency=\"true\" style=\"border:none; overflow:hidden; width:450px; height:26px\"><\/iframe><\/div>\n<p style=\"text-align: justify\">\n<p style=\"text-align: justify\">Nagyon v\u00e1rt\u00e1k a gyerekeim a Mikul\u00e1st, ami v\u00e9g\u00fclis nem csoda, hiszen hetek \u00f3ta mes\u00e9kkel oltogatom \u0151ket a Nagyszak\u00e1ll\u00fara. H\u00e9tf\u0151n este Apa dolgozott, \u00edgy n\u00e9lk\u00fcle k\u00e9sz\u00fclt\u00fcnk a j\u00f3s\u00e1gos T\u00e9lap\u00f3 l\u00e1togat\u00e1s\u00e1ra.<\/p>\n<p style=\"text-align: justify\">A gyerekek piros sityk\u00e1t h\u00faztak, kar\u00e1csonyi dalokat hallgattunk \u00e9s mivel a szok\u00e1sos j\u00e1t\u00e9kokkal nagyon lassan telt az id\u0151, kital\u00e1ltuk, s\u00fctit s\u00fct\u00fcnk a Mikul\u00e1snak. Egyszer\u0171 linzer t\u00e9sz\u00e1t gy\u00fartam, kiny\u00fajtottam, a gyerekek meg \u00fcnnepi form\u00e1kat sz\u00fartak ki, csillagokat, feny\u0151f\u00e1t, szivecsk\u00e9t \u00e9s holdat. A marad\u00e9k t\u00e9szt\u00e1val kedv\u00fckre gyurm\u00e1zhattak, a kacska nonfigurat\u00edv alakzatokat is tepsibe raktuk, kis\u00fct\u00f6tt\u00fck. A s\u00fctiket lekv\u00e1rral ragasztottuk \u00f6ssze, a tetej\u00fckre pedig cukorsziveket raktunk. B\u00e1mulatosan sz\u00e9p munk\u00e1t v\u00e9gezt\u00fcnk, m\u00e1r ha figyelembe vessz\u00fck, hogy h\u00e1rom- \u00e9s k\u00e9t\u00e9vesek voltak a kukt\u00e1k&#8230;<a href=\"https:\/\/agria.hu\/bdioda\/files\/2011\/12\/miku.jpg\"><img loading=\"lazy\" decoding=\"async\" class=\"aligncenter size-medium wp-image-375\" src=\"https:\/\/agria.hu\/bdioda\/files\/2011\/12\/miku-300x225.jpg\" alt=\"\" width=\"300\" height=\"225\" srcset=\"https:\/\/agria.hu\/bdioda\/files\/2011\/12\/miku-300x225.jpg 300w, https:\/\/agria.hu\/bdioda\/files\/2011\/12\/miku-1024x768.jpg 1024w\" sizes=\"auto, (max-width: 300px) 100vw, 300px\" \/><\/a><\/p>\n<p style=\"text-align: justify\">Alkot\u00e1sainkat bedobozoltunk, a Mikul\u00e1s pedig reggelre elvitte (helyette hozott m\u0171anyag b\u00e9k\u00e1kat, meg zs\u00edrkr\u00e9t\u00e1t). A val\u00f3s\u00e1gban persze \u00e9n tettem el szem el\u0151l, majd m\u00e1snap elvittem a munkahelyi \u00f6sszej\u00f6vetelre, amire hivatalos voltam.<\/p>\n<p style=\"text-align: justify\">A koll\u00e9\u00e1immal s\u00fclt malacot ett\u00fcnk, ami m\u00e1sf\u00e9l \u00e9vtizedes hagyom\u00e1ny a c\u00e9gn\u00e9l. A v\u00e9g\u00e9n sorra hangzottak el a deszert rendel\u00e9sek, de kider\u00fclt, a szak\u00e1cs id\u0151k\u00f6zben hazament. Valaki elkurjantotta mag\u00e1t, hogy &#8222;\u00f3h\u00f3, van h\u00e1zi s\u00fctink&#8221; \u00e9s m\u00e1r adt\u00e1k is a dobozt k\u00e9zr\u0151l k\u00e9zre. \u00c9n egy kicsit v\u00f6r\u00f6s\u00f6dtem, mert kor\u00e1bban azt hittem, majd kirakj\u00e1k az irod\u00e1ban egy t\u00e1lban \u00e9s ott fog megsz\u00e1radni&#8230; izgultam, milyen lehet az \u00edze (nem k\u00f3stoltam, mert liszt\u00e9rz\u00e9keny vagyok).<\/p>\n<p style=\"text-align: justify\">Munkat\u00e1rsaim k\u00e9t pof\u00e1ra t\u00f6mt\u00e9k a d\u00edszes linzereket, m\u00edg \u00e9n nem tudtam kiverni a fejemb\u0151l a vicces k\u00e9pet, ahogy a gyerekeim gy\u00farj\u00e1k, nyomkodj\u00e1k a t\u00e9szt\u00e1t&#8230;<\/p>\n<p style=\"text-align: justify\">Haza\u00e9rve megronantak a k\u00f6lyk\u00f6k, kit\u00e9pt\u00e9k a kezemb\u0151l a kapott malac-pakkot \u00e9s k\u00e9t k\u00e9zzel nekiestek. \u00dagy t\u00f6mt\u00e9k, mintha \u00e9heztek volna a t\u00e1voll\u00e9temben (ami biztos nem igaz, mert a k\u00e1poszt\u00e1s t\u00e9szta jelent\u0151s hi\u00e1nyoss\u00e1gokat mutatott). Azt hittem betegek lesznek t\u0151le, de csak a reggelit vett\u00e9k t\u0151le szer\u00e9nyebbre.<\/p>\n<p style=\"text-align: justify\">J\u00f3l sz\u00f3rakoztam &#8211; mindk\u00e9t este. \ud83d\ude42<\/p>\n","protected":false},"excerpt":{"rendered":"<p>Nagyon v\u00e1rt\u00e1k a gyerekeim a Mikul\u00e1st, ami v\u00e9g\u00fclis nem csoda, hiszen hetek \u00f3ta mes\u00e9kkel oltogatom \u0151ket a Nagyszak\u00e1ll\u00fara. H\u00e9tf\u0151n este Apa dolgozott, \u00edgy n\u00e9lk\u00fcle k\u00e9sz\u00fclt\u00fcnk a j\u00f3s\u00e1gos T\u00e9lap\u00f3 l\u00e1togat\u00e1s\u00e1ra. A gyerekek piros sityk\u00e1t h\u00faztak, kar\u00e1csonyi dalokat hallgattunk \u00e9s mivel a &hellip; <a href=\"https:\/\/agria.hu\/bdioda\/2011\/12\/08\/malackodtunk\/\">Egy kattint\u00e1s ide a folytat\u00e1shoz&#8230;. <span class=\"meta-nav\">&rarr;<\/span><\/a><\/p>\n","protected":false},"author":59,"featured_media":0,"comment_status":"open","ping_status":"open","sticky":false,"template":"","format":"standard","meta":{"footnotes":""},"categories":[4,1],"tags":[],"class_list":["post-372","post","type-post","status-publish","format-standard","hentry","category-csaladi-sztori","category-nincs-kategorizalva"],"_links":{"self":[{"href":"https:\/\/agria.hu\/bdioda\/wp-json\/wp\/v2\/posts\/372","targetHints":{"allow":["GET"]}}],"collection":[{"href":"https:\/\/agria.hu\/bdioda\/wp-json\/wp\/v2\/posts"}],"about":[{"href":"https:\/\/agria.hu\/bdioda\/wp-json\/wp\/v2\/types\/post"}],"author":[{"embeddable":true,"href":"https:\/\/agria.hu\/bdioda\/wp-json\/wp\/v2\/users\/59"}],"replies":[{"embeddable":true,"href":"https:\/\/agria.hu\/bdioda\/wp-json\/wp\/v2\/comments?post=372"}],"version-history":[{"count":5,"href":"https:\/\/agria.hu\/bdioda\/wp-json\/wp\/v2\/posts\/372\/revisions"}],"predecessor-version":[{"id":808,"href":"https:\/\/agria.hu\/bdioda\/wp-json\/wp\/v2\/posts\/372\/revisions\/808"}],"wp:attachment":[{"href":"https:\/\/agria.hu\/bdioda\/wp-json\/wp\/v2\/media?parent=372"}],"wp:term":[{"taxonomy":"category","embeddable":true,"href":"https:\/\/agria.hu\/bdioda\/wp-json\/wp\/v2\/categories?post=372"},{"taxonomy":"post_tag","embeddable":true,"href":"https:\/\/agria.hu\/bdioda\/wp-json\/wp\/v2\/tags?post=372"}],"curies":[{"name":"wp","href":"https:\/\/api.w.org\/{rel}","templated":true}]}}