{"id":369,"date":"2011-12-05T16:31:32","date_gmt":"2011-12-05T16:31:32","guid":{"rendered":"https:\/\/agria.hu\/bdioda\/?p=369"},"modified":"2013-05-05T16:34:52","modified_gmt":"2013-05-05T16:34:52","slug":"apa-vigyaz","status":"publish","type":"post","link":"https:\/\/agria.hu\/bdioda\/2011\/12\/05\/apa-vigyaz\/","title":{"rendered":"Apa vigy\u00e1z&#8230;"},"content":{"rendered":"<div class=\"fblikebutton_button\" style=\"float: right; margin-left: 10px;\"><iframe src=\"http:\/\/www.facebook.com\/plugins\/like.php?href=https%3A%2F%2Fagria.hu%2Fbdioda%2F2011%2F12%2F05%2Fapa-vigyaz%2F&amp;layout=standard&amp;show-faces=false&amp;width=450&amp;action=recommend&amp;colorscheme=dark\" scrolling=\"no\" frameborder=\"0\" allowTransparency=\"true\" style=\"border:none; overflow:hidden; width:450px; height:26px\"><\/iframe><\/div>\n<p style=\"text-align: justify\">\n<p style=\"text-align: justify\">Galiba galiba h\u00e1t\u00e1n &#8211; ez a k\u00f6vetkezm\u00e9nye annak, ha kiteszem itthonr\u00f3l a l\u00e1bam. A f\u00e9rjem egyszer\u0171en k\u00e9ptelen rendet tartani, pontosabban ekkor a gyerekek veszik \u00e1t a hatalmat. Kett\u0151 \u00e9s h\u00e1rom \u00e9vesekr\u0151l l\u00e9v\u00e9n sz\u00f3 ez el\u00e9g ciki Ap\u00e1ra n\u00e9zve&#8230;<\/p>\n<p style=\"text-align: justify\">A f\u00e9rjemmel viszonylag r\u00f6vid ideig, 15 h\u00f3napig mondhattuk\u00a0 magunkat egygyerekeseknek, \u00e9s b\u00e1r Apa nagy ritk\u00e1n kettesben maradt akkor m\u00e9g egyetlen ut\u00f3dj\u00e1val, el\u0151bb mindig seg\u00edt\u0151 lehet\u0151s\u00e9get keresett a nagymam\u00e1kn\u00e1l. Miut\u00e1n k\u00e9t puly\u00e1n\u00e1l m\u00e1r k\u00e9t r\u00e1\u00e9r\u0151 nagyi kellett (az egy gyerek, egy nagyi fel\u00e1ll\u00e1shoz minden r\u00e9sztvev\u0151 ragaszkodik a mai napig, fura is volt any\u00f3somnak, amikor a fiam sz\u00fclinapi bulij\u00e1n l\u00e1tta az unok\u00e1it egym\u00e1s haj\u00e1t t\u00e9pni&#8230;), Ap\u00e1ra is egyre t\u00f6bb feladat jutott.<\/p>\n<p style=\"text-align: justify\">Eml\u00e9kszem, hogy megcsillant a f\u00e9lelem dr\u00e1ga uram szem\u00e9ben, amikor el\u0151sz\u00f6r volt k\u00e9nytelen egyed\u00fcl gondoskodni gyermekeir\u0151l &#8211; \u00fagy egy \u00f3r\u00e1n \u00e1t. Ma m\u00e1r vag\u00e1nyan elvan vel\u00fck, mehetek b\u00e1rmikor, b\u00e1rhov\u00e1, de az\u00e9rt a k\u00f3sza szabads\u00e1gnak mindig megvan a b\u00f6jtje.<\/p>\n<p style=\"text-align: justify\">Ny\u00e1ron, amikor hossz\u00fa id\u0151 ut\u00e1n \u00e9jszakai kimen\u0151t kaptam \u00e9s csajos buliba mentem, hi\u00e1ba k\u00e9sz\u00edtettem ki mindent ami a lefekv\u00e9shez kellhet (vacsi megvolt, tejcsi az asztalon, pizsi, t\u00fcrcsi a f\u00fcrd\u0151ben), \u00e9jjel olyan \u00e1llapotban tal\u00e1ltam a lak\u00e1st \u00e9s a csal\u00e1domat, hogy el\u0151sz\u00f6r megijedtem. Az ajt\u00f3n bel\u00e9pve majdnem \u00e1testem a felford\u00edtott etet\u0151sz\u00e9ken, majd megcs\u00fasztam egy \u00e9p\u00edt\u0151kock\u00e1n. Felcsapva a villanyt l\u00e1ttam meg az akad\u00e1lyp\u00e1ly\u00e1t, mintha bomba robbant volna, minden szanasz\u00e9t! A konyh\u00e1ban t\u00e1ny\u00e9rok, t\u00e1lc\u00e1k \u00e9s kajamaradv\u00e1nyok pontszer\u0171 elhelyezked\u00e9sben&#8230; a fiam fekete t\u00e9rdekkel, nappali ruh\u00e1ban hevert az \u00e1gy\u00e1n, m\u00edg a l\u00e1nyom a sz\u00fcl\u0151i francia\u00e1gyon keresztben, szint\u00e9n maszatosan, kicsordul\u00e1sig pisis bugyorral. Az apjuk \u00fagy horkolt az \u00e1gy v\u00e9g\u00e9ben, mintha valami s\u00e1rk\u00e1nnyal k\u00fczd\u00f6tt volna meg kor\u00e1bban.<\/p>\n<p style=\"text-align: justify\">M\u00e1snap reggel, mivel Apa gyakran szigor\u00faan k\u00e9rdez engem a gyerekek sz\u00e1jhigi\u00e9ni\u00e1j\u00e1r\u00f3l, \u00e9n is vigyorogva \u00e9rdekl\u0151dtem, na, fogmos\u00e1s volt-e.<\/p>\n<p style=\"text-align: justify\">&#8211; Mit k\u00e9pzelsz?! A f\u00fcrd\u0151szob\u00e1ig sem jutottunk el! &#8211; hangzott a zs\u00e9mbes v\u00e1lasz, \u00e9n meg jobbnak l\u00e1ttam nem fesz\u00edteni tov\u00e1bb a h\u00fart, k\u00fcl\u00f6nben leshetem, mikor mehetek \u00fajra csaj-partira.<\/p>\n<p style=\"text-align: justify\">A ny\u00e1ri jelenet rendre megism\u00e9tl\u0151dik, csak \u00e9pp az alv\u00e1si szakasz n\u00e9lk\u00fcl, ha elmegyek torn\u00e1zni, vagy egyed\u00fcl v\u00e1s\u00e1rolni. Volt, amikor azt hittem, a f\u00e9rjem direkt csin\u00e1lja, az\u00e9rt, hogy magam tegyek le a kimozdul\u00e1sokr\u00f3l. Legut\u00f3bb fogyi te\u00e1t itatott a csemet\u00e9kkel, azt hitte az a nekik val\u00f3, holott m\u00e1r a hozz\u00e1nk l\u00e1togat\u00f3 ismer\u0151s\u00f6k is pontosan tudj\u00e1k, mit hol tartok a gyerekeknek. Az anan\u00e1szos mat\u00e9 te\u00e1t \u00fagy itt\u00e1k a k\u00f6lyk\u00f6k, hogy az m\u00e1r Ap\u00e1nak is gyan\u00fas volt (k\u00e9t k\u00fcblivel is letoltak egym\u00e1s ut\u00e1n) \u00e9s szerencs\u00e9re r\u00e1juk sem volt nagyobb hat\u00e1ssal, mint r\u00e1m. Agg\u00f3dtam, de semmi sem t\u00f6rt\u00e9nt (minimum hasmen\u00e9sre sz\u00e1m\u00edtottam n\u00e1luk, de nem volt).<\/p>\n<p style=\"text-align: justify\">A bar\u00e1tn\u0151m kisfi\u00e1nak sz\u00fclet\u00e9se az \u00e9n f\u00e9rjem sz\u00e1m\u00e1ra is nagy nap volt. Akkor maradt el\u0151sz\u00f6r egyed\u00fcl egy eg\u00e9sz napra a csemet\u00e9ivel, mivel \u00e9n a sz\u00fcl\u0151szob\u00e1n igyekeztem t\u00e1mogat\u00f3 lenni. Amikor hazamentem, \u00f6r\u00f6mmel \u00e9s meglep\u0151dve l\u00e1ttam, hogy a csal\u00e1dom \u00e9l \u00e9s virul, meg van mindenki keze-l\u00e1ba, nem haltak \u00e9hen, csak a szok\u00e1sos kupit \u00e1ll\u00edtott\u00e1k el\u0151. Apa viszont m\u00e9g sosem volt olyan f\u00e1radt, mint akkor! Eg\u00e9sz napon \u00e1t vaj\u00fad\u00f3 bar\u00e1tn\u0151m fittebb \u00e1llapotban volt, mint \u0150. Az\u00f3ta mintha kicsit jobban becs\u00fcln\u00e9 a rendet \u00e9s a f\u0151tt \u00e9telt, ami a hazat\u00e9rtekor v\u00e1rja&#8230; A gyerekek pedig? Arra jutottam, ha \u00e9n kiteszem a l\u00e1bam, az nem csak sz\u00e1momra szabads\u00e1g, nekik is, \u00e9s ez \u00edgy van j\u00f3l! Mindenkinek j\u00e1r egy kis laz\u00edt\u00e1s!<\/p>\n","protected":false},"excerpt":{"rendered":"<p>Galiba galiba h\u00e1t\u00e1n &#8211; ez a k\u00f6vetkezm\u00e9nye annak, ha kiteszem itthonr\u00f3l a l\u00e1bam. A f\u00e9rjem egyszer\u0171en k\u00e9ptelen rendet tartani, pontosabban ekkor a gyerekek veszik \u00e1t a hatalmat. Kett\u0151 \u00e9s h\u00e1rom \u00e9vesekr\u0151l l\u00e9v\u00e9n sz\u00f3 ez el\u00e9g ciki Ap\u00e1ra n\u00e9zve&#8230; A f\u00e9rjemmel &hellip; <a href=\"https:\/\/agria.hu\/bdioda\/2011\/12\/05\/apa-vigyaz\/\">Egy kattint\u00e1s ide a folytat\u00e1shoz&#8230;. <span class=\"meta-nav\">&rarr;<\/span><\/a><\/p>\n","protected":false},"author":59,"featured_media":0,"comment_status":"open","ping_status":"open","sticky":false,"template":"","format":"standard","meta":{"footnotes":""},"categories":[4,1],"tags":[],"class_list":["post-369","post","type-post","status-publish","format-standard","hentry","category-csaladi-sztori","category-nincs-kategorizalva"],"_links":{"self":[{"href":"https:\/\/agria.hu\/bdioda\/wp-json\/wp\/v2\/posts\/369","targetHints":{"allow":["GET"]}}],"collection":[{"href":"https:\/\/agria.hu\/bdioda\/wp-json\/wp\/v2\/posts"}],"about":[{"href":"https:\/\/agria.hu\/bdioda\/wp-json\/wp\/v2\/types\/post"}],"author":[{"embeddable":true,"href":"https:\/\/agria.hu\/bdioda\/wp-json\/wp\/v2\/users\/59"}],"replies":[{"embeddable":true,"href":"https:\/\/agria.hu\/bdioda\/wp-json\/wp\/v2\/comments?post=369"}],"version-history":[{"count":3,"href":"https:\/\/agria.hu\/bdioda\/wp-json\/wp\/v2\/posts\/369\/revisions"}],"predecessor-version":[{"id":809,"href":"https:\/\/agria.hu\/bdioda\/wp-json\/wp\/v2\/posts\/369\/revisions\/809"}],"wp:attachment":[{"href":"https:\/\/agria.hu\/bdioda\/wp-json\/wp\/v2\/media?parent=369"}],"wp:term":[{"taxonomy":"category","embeddable":true,"href":"https:\/\/agria.hu\/bdioda\/wp-json\/wp\/v2\/categories?post=369"},{"taxonomy":"post_tag","embeddable":true,"href":"https:\/\/agria.hu\/bdioda\/wp-json\/wp\/v2\/tags?post=369"}],"curies":[{"name":"wp","href":"https:\/\/api.w.org\/{rel}","templated":true}]}}