{"id":365,"date":"2011-12-02T20:12:18","date_gmt":"2011-12-02T20:12:18","guid":{"rendered":"https:\/\/agria.hu\/bdioda\/?p=365"},"modified":"2013-05-05T16:35:11","modified_gmt":"2013-05-05T16:35:11","slug":"tegnap-holnap","status":"publish","type":"post","link":"https:\/\/agria.hu\/bdioda\/2011\/12\/02\/tegnap-holnap\/","title":{"rendered":"Tegnap, holnap"},"content":{"rendered":"<div class=\"fblikebutton_button\" style=\"float: right; margin-left: 10px;\"><iframe src=\"http:\/\/www.facebook.com\/plugins\/like.php?href=https%3A%2F%2Fagria.hu%2Fbdioda%2F2011%2F12%2F02%2Ftegnap-holnap%2F&amp;layout=standard&amp;show-faces=false&amp;width=450&amp;action=recommend&amp;colorscheme=dark\" scrolling=\"no\" frameborder=\"0\" allowTransparency=\"true\" style=\"border:none; overflow:hidden; width:450px; height:26px\"><\/iframe><\/div>\n<p style=\"text-align: justify\">P\u00f6rg\u0151s napokat \u00e9l\u00fcnk, ez a h\u00e9t eddig maga volt a rohan\u00e1s. A szok\u00e1sos t\u00e9nyked\u00e9sek mellett a gyerekekkel l\u00e1zasan k\u00e9sz\u00fclt\u00fcnk J\u00f3ska papa sz\u00fclet\u00e9snapj\u00e1ra, amit holnap tartunk. Egy hatalmas fot\u00f3k\u00f6nyvet kap t\u0151l\u00fcnk, amibe s\u00f3gorn\u0151m \u00e9s any\u00f3som seg\u00edts\u00e9g\u00e9vel Papa sz\u00fclet\u00e9s\u00e9t\u0151l kezdve v\u00e1logattunk k\u00e9peket. Furcsa, egy albumnyi \u00e9let. Rem\u00e9lj\u00fck, lesz\u00a0 legal\u00e1bb m\u00e9g\u00a0 egyre val\u00f3&#8230; Sz\u00f3val el\u0151fordult, hogy elmaradt az esti mese, vagy \u00e9ppen h\u00e1rmasban kellett elaludnunk, mert Apa dolgozott m\u00e9g.<\/p>\n<p style=\"text-align: justify\"><strong>Tegnap<\/strong> v\u00e9gre egy\u00fctt volt kis csal\u00e1dunk, ment a h\u00e1bor\u00fa, hogy a k\u00e9tszer k\u00e9t m\u00e9teres \u00e1gyb\u00f3l ki mekkora szeletet birtokolhat. Oliv\u00e9r a hanc\u00far kedv\u00e9\u00e9rt hisztibe kezdett, hogy \u0151 bizony a Cucus mellett akar aludni. F\u00e1radt voltam, meg am\u00fagy sem volt kedvem most veszekedni. R\u00e1hagytam, majd amikor v\u00e9gk\u00e9pp nem b\u00edrnak magukkal \u00e9s a paplan alatti kuncog\u00e1s \u00e1tv\u00e1lt rugdos\u00f3d\u00e1sba, a hely\u00e9re vez\u00e9nyelek mindenkit &#8211; kaptam az alkalmon \u00e9s \u00e9n meg Apa mellkas\u00e1hoz kuck\u00f3ztam magam. Annyira hi\u00e1nyzott a k\u00f6zels\u00e9ge ezen a rohan\u00f3s h\u00e9ten! Alig volt id\u0151nk, er\u0151nk egym\u00e1sra. El\u00f6nt\u00f6tt a szeretet \u00e9s a j\u00f3\u00e9rz\u00e9s, amit Liza d\u00fch\u00f6dt kiab\u00e1l\u00e1sa zavart meg.<\/p>\n<p style=\"text-align: justify\">&#8211; Neem! Nem \u00f6lelheted meeeg!!! &#8211; azzal \u00e1trugaszkodott az \u00e1gy v\u00e9g\u00e9b\u0151l, Oliv\u00e9ren \u00e1t hozz\u00e1nk. Alig b\u00edrta kifejezni mag\u00e1t a m\u00e9regt\u0151l!<\/p>\n<p style=\"text-align: justify\">&#8211; Te Anya! Te Anya vagy! Az \u00e9n anyuk\u00e1m! Te anya vagy! &#8211; k\u00f6zben meg a l\u00e1bamat b\u00f6k\u00f6dte, mintegy nyomat\u00e9kos\u00edtva mondand\u00f3j\u00e1t. Mi m\u00e9g meg sem mozdultunk a meglepet\u00e9st\u0151l. Apa v\u00e9g\u00fcl sz\u00e9les vigyorral k\u00f6z\u00f6lte a l\u00e1ny\u00e1val, hogy igen, anya az anya, de egyben az \u0151 csaja is. Liza azonnal vit\u00e1ba sz\u00e1llt vele, eg\u00e9szen eltorzult b\u00e1jos arcocsk\u00e1ja a m\u00e9regt\u0151l. Oliv\u00e9r sem maradhatott ki a hacac\u00e1r\u00e9b\u00f3l, \u00edgy a v\u00e9gs\u0151 po\u00e9nt \u0151 szolg\u00e1ltatta:<\/p>\n<p style=\"text-align: justify\">&#8211; Nem, Apa! Anya nem a Te csajod, hanem az eny\u00e9m! Anya az \u00e9n csajom!<\/p>\n<p style=\"text-align: justify\">Fulladozva nevett\u00fcnk, Oli im\u00e1dta, hogy ism\u00e9t brill\u00edrozott, egyed\u00fcl Liza nem volt vicces kedv\u00e9ben, gyorsan be is furakodott k\u00f6z\u00e9nk, visszaszerezve egyeduralm\u00e1t az anyj\u00e1n.<\/p>\n<p style=\"text-align: justify\"><strong>Izgulok a holnap miatt<\/strong>, rem\u00e9lem Papa \u00f6r\u00fcl majd az aj\u00e1nd\u00e9k\u00e1nak \u00e9s a meglepet\u00e9s bulinak, amire a csal\u00e1d mellett sok kedves ismer\u0151se is hivatalos. Ez a 70. sz\u00fclet\u00e9snapja. Gyermekkoromban azt gondoltam, 50 f\u00f6l\u00f6tt m\u00e1r \u00f6reg egy ember. Ma, ha ap\u00f3somra n\u00e9zek ink\u00e1bb az jut eszembe, mennyi feladata van m\u00e9g!<\/p>\n<p style=\"text-align: justify\">Pap\u00e1t \u00e9n J\u00f3zsi b\u00e1csik\u00e9nt, vagy Igazgat\u00f3 b\u00e1csik\u00e9nt ismertem meg. Amikor kisiskol\u00e1s voltam, \u0151 volt a suli vezet\u0151je \u00e9s sokszor helyettes\u00edtett matek, k\u00e9mia, vagy fizika \u00f3r\u00e1n. Egy \u00e9vet testnevel\u00e9sb\u0151l is tan\u00edtott. Akkoriban nem nagyon tudtam eld\u00f6nteni, szeretem-e vagy sem. Iszony\u00faan meg akartam felelni neki, v\u00e1gytam arra, hogy megdics\u00e9rjen, elismerje \u00fcgyess\u00e9gemet, vagy \u00e9pp kitart\u00e1somat. Ha siker\u00fclt magamra ir\u00e1ny\u00edtani a figyelm\u00e9t, olyan meleg izgalom \u00f6nt\u00f6tt el, ami m\u00e1shoz nem volt hasonl\u00edthat\u00f3! Ma m\u00e1r tudom mi ez az \u00e9rz\u00e9s: b\u00fcszkes\u00e9g. Az Igazgat\u00f3 b\u00e1csi ugyanis nem osztogatta a kedvess\u00e9get csak \u00fagy, a dics\u00e9ret n\u00e1la ritka, de megalapozott volt, \u00edgy mindenn\u00e9l \u00e9rt\u00e9kesebb.<\/p>\n<p style=\"text-align: justify\">Eml\u00e9kszem, egyszer tesi \u00f3r\u00e1n kiadta, hogy b\u00f6lcs\u0151tart\u00e1st csin\u00e1ljunk. Hason fekve belekapaszkodsz a l\u00e1badba \u00e9s kifesz\u00edted magad, ringat\u00f3zol. Sokan nyafogtak, ny\u00f6gtek, vagy r\u00f6h\u00f6gtek a feladaton. \u00c9n duci kisl\u00e1ny voltam, majd megszakadtam, mire t\u00f6k\u00e9letesen meg tudtam csin\u00e1lni a b\u00f6lcs\u0151t. A Tan\u00e1r b\u00e1csi kem\u00e9nyen lehordta a lust\u00e1kat \u00e9s ny\u00e1mnyil\u00e1kat, p\u00e9ldak\u00e9nt mutatva r\u00e1m, hogy l\u00e1m, van, aki meg tudja csin\u00e1lni. Eg\u00e9sz gyerekkoromban nem voltam olyan b\u00fcszke magamra! Tal\u00e1n amikor egyszer anyuk\u00e1m k\u00e9t copfba k\u00f6t\u00f6tte a hajam&#8230;<\/p>\n<p style=\"text-align: justify\">Amikor a p\u00e1rommal megismerkedtem, nem tudtam, kik a sz\u00fclei. A m\u00e1sodik randin der\u00fclt ki az ismerets\u00e9g, ami nem is t\u0171nt zavar\u00f3nak, addig, m\u00edg p\u00e1r nap ut\u00e1n be nem lettem mutatva a sz\u00fcl\u0151i h\u00e1zban. Feszengtem, hogy \u00faristen, \u00e9n az igazgat\u00f3 b\u00e1csi fi\u00e1val j\u00e1rok! Hogyan viselkedjek? J\u00f3ska papa fesztelen \u00e9s kedves volt, olyan, amilyennek gyerekk\u00e9nt nem l\u00e1thattam. Nagyon megszerettem&#8230;<\/p>\n<p style=\"text-align: justify\">S\u00f3gorn\u0151m gyerekei m\u00e1r nagyok, \u00e9pp a feln\u0151tt \u00e9let k\u00fcsz\u00f6b\u00e9n \u00e1llnak. Sokat k\u00f6sz\u00f6nhetnek a nagysz\u00fcl\u0151knek. Dzsodzsi papa rendszeresen korrepet\u00e1lta az unok\u00e1kat (any\u00f3som mellett, aki szint\u00e9n pedag\u00f3gus) \u00e9s ahogy megfigyeltem, ugyanolyan kem\u00e9nyen b\u00e1nt vel\u00fck, mint az iskolai tan\u00edtv\u00e1nyaival. Azt nem tudom, mennyire volt itt sikeres az engem kisiskol\u00e1sk\u00e9nt inspir\u00e1l\u00f3 m\u00f3dszer, de az biztos, mindk\u00e9t gyereknek remek bizony\u00edtv\u00e1nyai vannak, nyelvvizsg\u00e1ja, na \u00e9s tart\u00e1sa.<\/p>\n<p style=\"text-align: justify\">Im\u00e1dom a k\u00f6z\u00f6s csal\u00e1di \u00fcnnepeket, ilyenkor alig v\u00e1rom, hogy pap\u00e1val \u00e9s s\u00f3g\u00f6rn\u0151mmel le\u00fclj\u00fcnk k\u00e1rty\u00e1zni! J\u00f3ska papa nagyon komolyan vesz mindent, amiben szab\u00e1lyok vannak. Ha valaki csalni pr\u00f3b\u00e1l, kiborul. Az is igaz, hogy a scrubble j\u00e1t\u00e9kban egyszer v\u00e1ltig \u00e1ll\u00edtotta, hogy l\u00e9tezik a sz\u00f3: m\u00e1jb\u00fcf\u00e9.<\/p>\n<p style=\"text-align: justify\">Ma ugyan\u00fagy \u00e9rzek Vele szemben, mint huszon\u00e9ve. \u00d6r\u00f6m \u00e9s neh\u00e9z neki megfelelni. Any\u00f3som mes\u00e9in kereszt\u00fcl az Igazgat\u00f3 b\u00e1csi sok m\u00e1s oldal\u00e1r\u00f3l is hallottam, \u00e9s n\u00e9h\u00e1nyat magam is megismerhettem, de ha r\u00e1n\u00e9zek, mindig eszembe jut a b\u00f6lcs\u0151tart\u00e1s.<\/p>\n<p style=\"text-align: justify\">Vannak gondolatai, tulajdons\u00e1gai, amikben nem egyez\u00fcnk, de ez csek\u00e9lys\u00e9g a k\u00f6lcs\u00f6n\u00f6s megbecs\u00fcl\u00e9s \u00e9s szeretet mellett.<\/p>\n<p style=\"text-align: justify\">\u00d6nz\u0151 vagyok, amikor arra gondolok, rem\u00e9lem, hogy Ap\u00f3som \u00e9s Any\u00f3som az \u00e9n gyerekeimnek is olyan sokat tudnak majd seg\u00edteni, mint a s\u00f3gorn\u0151m gyerekeinek. Szeretn\u00e9m, ha \u0151k is olyan sok sz\u00e9p eml\u00e9ket \u0151rizn\u00e9nek az apai nagysz\u00fcleikr\u0151l, mint az unokates\u00f3k.<\/p>\n<p style=\"text-align: justify\">Papa, szeretn\u00e9k Neked m\u00e9g egy nagy albumnyi \u00e9letet! Az oldalakra a n\u00e9gy unok\u00e1ddal \u00e9s d\u00e9dunok\u00e1iddal k\u00f6z\u00f6s pillanataidat rendezem majd, nagy gonddal, hogy ism\u00e9t kicsikarjak bel\u0151led egy elismer\u0151 tekintetet&#8230;<\/p>\n","protected":false},"excerpt":{"rendered":"<p>P\u00f6rg\u0151s napokat \u00e9l\u00fcnk, ez a h\u00e9t eddig maga volt a rohan\u00e1s. A szok\u00e1sos t\u00e9nyked\u00e9sek mellett a gyerekekkel l\u00e1zasan k\u00e9sz\u00fclt\u00fcnk J\u00f3ska papa sz\u00fclet\u00e9snapj\u00e1ra, amit holnap tartunk. Egy hatalmas fot\u00f3k\u00f6nyvet kap t\u0151l\u00fcnk, amibe s\u00f3gorn\u0151m \u00e9s any\u00f3som seg\u00edts\u00e9g\u00e9vel Papa sz\u00fclet\u00e9s\u00e9t\u0151l kezdve v\u00e1logattunk k\u00e9peket. &hellip; <a href=\"https:\/\/agria.hu\/bdioda\/2011\/12\/02\/tegnap-holnap\/\">Egy kattint\u00e1s ide a folytat\u00e1shoz&#8230;. <span class=\"meta-nav\">&rarr;<\/span><\/a><\/p>\n","protected":false},"author":59,"featured_media":0,"comment_status":"open","ping_status":"open","sticky":false,"template":"","format":"standard","meta":{"footnotes":""},"categories":[4,1],"tags":[],"class_list":["post-365","post","type-post","status-publish","format-standard","hentry","category-csaladi-sztori","category-nincs-kategorizalva"],"_links":{"self":[{"href":"https:\/\/agria.hu\/bdioda\/wp-json\/wp\/v2\/posts\/365","targetHints":{"allow":["GET"]}}],"collection":[{"href":"https:\/\/agria.hu\/bdioda\/wp-json\/wp\/v2\/posts"}],"about":[{"href":"https:\/\/agria.hu\/bdioda\/wp-json\/wp\/v2\/types\/post"}],"author":[{"embeddable":true,"href":"https:\/\/agria.hu\/bdioda\/wp-json\/wp\/v2\/users\/59"}],"replies":[{"embeddable":true,"href":"https:\/\/agria.hu\/bdioda\/wp-json\/wp\/v2\/comments?post=365"}],"version-history":[{"count":3,"href":"https:\/\/agria.hu\/bdioda\/wp-json\/wp\/v2\/posts\/365\/revisions"}],"predecessor-version":[{"id":810,"href":"https:\/\/agria.hu\/bdioda\/wp-json\/wp\/v2\/posts\/365\/revisions\/810"}],"wp:attachment":[{"href":"https:\/\/agria.hu\/bdioda\/wp-json\/wp\/v2\/media?parent=365"}],"wp:term":[{"taxonomy":"category","embeddable":true,"href":"https:\/\/agria.hu\/bdioda\/wp-json\/wp\/v2\/categories?post=365"},{"taxonomy":"post_tag","embeddable":true,"href":"https:\/\/agria.hu\/bdioda\/wp-json\/wp\/v2\/tags?post=365"}],"curies":[{"name":"wp","href":"https:\/\/api.w.org\/{rel}","templated":true}]}}