{"id":355,"date":"2011-11-19T16:29:23","date_gmt":"2011-11-19T16:29:23","guid":{"rendered":"https:\/\/agria.hu\/bdioda\/?p=355"},"modified":"2013-05-05T16:35:48","modified_gmt":"2013-05-05T16:35:48","slug":"o-azok-a-buvos-alommanok","status":"publish","type":"post","link":"https:\/\/agria.hu\/bdioda\/2011\/11\/19\/o-azok-a-buvos-alommanok\/","title":{"rendered":"\u00d3, azok a b\u0171v\u00f6s \u00e1lomman\u00f3k!"},"content":{"rendered":"<div class=\"fblikebutton_button\" style=\"float: right; margin-left: 10px;\"><iframe src=\"http:\/\/www.facebook.com\/plugins\/like.php?href=https%3A%2F%2Fagria.hu%2Fbdioda%2F2011%2F11%2F19%2Fo-azok-a-buvos-alommanok%2F&amp;layout=standard&amp;show-faces=false&amp;width=450&amp;action=recommend&amp;colorscheme=dark\" scrolling=\"no\" frameborder=\"0\" allowTransparency=\"true\" style=\"border:none; overflow:hidden; width:450px; height:26px\"><\/iframe><\/div>\n<p style=\"text-align: justify\">\n<p style=\"text-align: justify\">\n<p style=\"text-align: justify\">Ma rendet raktam a gyerekszobai kom\u00f3dunkban (ez \u00fagy hangzik, mintha \u00e9n lenn\u00e9k a t\u00f6k\u00e9letes h\u00e1ziasszony mintak\u00e9pe&#8230;, de a c\u00e9l val\u00f3j\u00e1ban csak az volt, hogy helyet csin\u00e1ljak az als\u00f3naciknak). Csomagba pakoltam a ma m\u00e1r felesleges, f\u00e9lrerakott partedliket \u00e9s cumis\u00fcvegeket (volt, amit egyszer sem haszn\u00e1ltunk, mert Oli m\u00e1rkah\u0171 volt&#8230;), ha megyek a kisbab\u00e1s bar\u00e1tn\u0151mh\u00f6z, elviszem, h\u00e1tha k\u00e9s\u0151bb m\u00e9g haszn\u00e1t veszik.<br \/>\nEl\u0151ker\u00fclt egy mar\u00e9k, sz\u00e9tr\u00e1gott cumi is. Akkor dugtam a gyerekz\u00e1rral ell\u00e1tott fi\u00f3kba, amikor Oliv\u00e9rt egy \u00e9jjel megl\u00e1togatt\u00e1k az \u00e1lomman\u00f3k. A cicip\u00f3tl\u00f3kat elvitt\u00e9k a man\u00f3k, helyette hoztak reggelre egy fantasztikus m\u0171anyag f\u0171ny\u00edr\u00f3t! Mindez id\u00e9n ny\u00e1ron t\u00f6rt\u00e9nt \u00e9s \u0151szint\u00e9n, nem mertem rem\u00e9lni, hogy a man\u00f3s mes\u00e9vel ilyen k\u00f6nnyen b\u00facs\u00fat mondhatunk a babaciginek.<br \/>\nR\u00e9g\u00f3ta minden este, a k\u00f6nyvb\u00e9li mese ut\u00e1n, besz\u00e9lek a gyerekeimnek az \u00e1lomman\u00f3kr\u00f3l. A harisny\u00e1s, apr\u00f3cska l\u00e9nyek f\u0151leg Oliv\u00e9r bar\u00e1tai, \u0151t eg\u00e9szen pici kora \u00f3ta bolond\u00edtom a t\u00f6rt\u00e9net\u00fckkel. A csilingel\u0151 hang\u00fa man\u00f3csk\u00e1k minden este kinn v\u00e1rakoznak az ablak el\u0151tt, a f\u00fcgg\u00f6ny\u00f6n hagyott r\u00e9sen kukucsk\u00e1lnak, vajon alszanak-e m\u00e1r a csemet\u00e9k. Amikor behunyt szemeket l\u00e1tnak, belopakodnak (ha valaki \u00e9bren, csukott szemmel, t\u00fcrelmesen v\u00e1r, term\u00e9szetesen hallhatja is a kis cseng\u0151 hanjukat &#8211; \u00f3, h\u00e1nyszor aludt el a man\u00f3kat lesve a fiam!). A gyerekek talp\u00e1t megcsiklandozz\u00e1k, az arcukat megsimogatj\u00e1k, a homlokukra pedig finom cs\u00f3kot hintenek, amit\u0151l csod\u00e1latosakat lehet \u00e1lmodni! A mes\u00e9hez persze hozz\u00e1tartozik a cir\u00f3k\u00e1z\u00e1s \u00e9s a puszi, no meg a r\u00e9s hagy\u00e1sa a s\u00f6t\u00e9t\u00edt\u0151n.<br \/>\nNy\u00e1ron a szok\u00e1sos t\u00f6rt\u00e9netet azzal eg\u00e9sz\u00edtettem ki, hogy a nagy gyerekekt\u0151l a man\u00f3k elviszik a cumikat, mert nem nekik, hanem a kis \u00e1lomman\u00f3knak van r\u00e1 sz\u00fcks\u00e9g\u00fck. Aj\u00e1nd\u00e9kot hoznak term\u00e9szetesen cser\u00e9be.<br \/>\nA\u00a0mese m\u0171k\u00f6d\u00f6tt, hiszti n\u00e9lk\u00fcl felejtett\u00fck el a cumit. A f\u00e9rjem alig merte elhinni (f\u0151leg, hogy m\u00e9g az el\u0151z\u0151 napokban is alig tudtuk Oli sz\u00e1j\u00e1b\u00f3l kik\u00f6ny\u00f6r\u00f6gni azt a fr\u00e1nya &#8222;szop\u00f3k\u00e1t&#8221;).<br \/>\nIgaz, a kisfiam megk\u00e9rdezte:<br \/>\n&#8211; Anyacika, mi\u00e9rt nem kicsi cumi kell az \u00e1lomman\u00f3knak? \u0150k olyan kicsik!<br \/>\n&#8211; L\u00e1tt\u00e1l Te a Tesc\u00f3ban olyan piriny\u00f3 cumit? H\u00e1t nem \u00e1rulnak man\u00f3 m\u00e9retet! Meg azt\u00e1n p\u00e9nz\u00fck sincs szeg\u00e9nyeknek, mib\u0151l venn\u00e9nek?- mondtam \u00e9s marha b\u00fcszke voltam frapp\u00e1ns v\u00e1laszomra. Oli is megel\u00e9gedett vele.<\/p>\n<p>Ma kidobtam a f\u00e9lretett cumikat, vigy\u00e1zva, Oli meg ne l\u00e1ssa. H\u00e1l\u00e1san gondoltam a man\u00f3kra, akik a napokban egy bar\u00e1tn\u0151m kisl\u00e1ny\u00e1nak cumis\u00fcvegeit is elsz\u00e1ll\u00edtott\u00e1k&#8230;<\/p>\n","protected":false},"excerpt":{"rendered":"<p>Ma rendet raktam a gyerekszobai kom\u00f3dunkban (ez \u00fagy hangzik, mintha \u00e9n lenn\u00e9k a t\u00f6k\u00e9letes h\u00e1ziasszony mintak\u00e9pe&#8230;, de a c\u00e9l val\u00f3j\u00e1ban csak az volt, hogy helyet csin\u00e1ljak az als\u00f3naciknak). Csomagba pakoltam a ma m\u00e1r felesleges, f\u00e9lrerakott partedliket \u00e9s cumis\u00fcvegeket (volt, amit &hellip; <a href=\"https:\/\/agria.hu\/bdioda\/2011\/11\/19\/o-azok-a-buvos-alommanok\/\">Egy kattint\u00e1s ide a folytat\u00e1shoz&#8230;. <span class=\"meta-nav\">&rarr;<\/span><\/a><\/p>\n","protected":false},"author":59,"featured_media":0,"comment_status":"open","ping_status":"open","sticky":false,"template":"","format":"standard","meta":{"footnotes":""},"categories":[4,1],"tags":[],"class_list":["post-355","post","type-post","status-publish","format-standard","hentry","category-csaladi-sztori","category-nincs-kategorizalva"],"_links":{"self":[{"href":"https:\/\/agria.hu\/bdioda\/wp-json\/wp\/v2\/posts\/355","targetHints":{"allow":["GET"]}}],"collection":[{"href":"https:\/\/agria.hu\/bdioda\/wp-json\/wp\/v2\/posts"}],"about":[{"href":"https:\/\/agria.hu\/bdioda\/wp-json\/wp\/v2\/types\/post"}],"author":[{"embeddable":true,"href":"https:\/\/agria.hu\/bdioda\/wp-json\/wp\/v2\/users\/59"}],"replies":[{"embeddable":true,"href":"https:\/\/agria.hu\/bdioda\/wp-json\/wp\/v2\/comments?post=355"}],"version-history":[{"count":3,"href":"https:\/\/agria.hu\/bdioda\/wp-json\/wp\/v2\/posts\/355\/revisions"}],"predecessor-version":[{"id":357,"href":"https:\/\/agria.hu\/bdioda\/wp-json\/wp\/v2\/posts\/355\/revisions\/357"}],"wp:attachment":[{"href":"https:\/\/agria.hu\/bdioda\/wp-json\/wp\/v2\/media?parent=355"}],"wp:term":[{"taxonomy":"category","embeddable":true,"href":"https:\/\/agria.hu\/bdioda\/wp-json\/wp\/v2\/categories?post=355"},{"taxonomy":"post_tag","embeddable":true,"href":"https:\/\/agria.hu\/bdioda\/wp-json\/wp\/v2\/tags?post=355"}],"curies":[{"name":"wp","href":"https:\/\/api.w.org\/{rel}","templated":true}]}}