{"id":348,"date":"2011-11-15T15:33:51","date_gmt":"2011-11-15T15:33:51","guid":{"rendered":"https:\/\/agria.hu\/bdioda\/?p=348"},"modified":"2013-05-05T16:36:20","modified_gmt":"2013-05-05T16:36:20","slug":"csak-komolyan","status":"publish","type":"post","link":"https:\/\/agria.hu\/bdioda\/2011\/11\/15\/csak-komolyan\/","title":{"rendered":"Csak komolyan!"},"content":{"rendered":"<div class=\"fblikebutton_button\" style=\"float: right; margin-left: 10px;\"><iframe src=\"http:\/\/www.facebook.com\/plugins\/like.php?href=https%3A%2F%2Fagria.hu%2Fbdioda%2F2011%2F11%2F15%2Fcsak-komolyan%2F&amp;layout=standard&amp;show-faces=false&amp;width=450&amp;action=recommend&amp;colorscheme=dark\" scrolling=\"no\" frameborder=\"0\" allowTransparency=\"true\" style=\"border:none; overflow:hidden; width:450px; height:26px\"><\/iframe><\/div>\n<p style=\"text-align: justify\">\n<p style=\"text-align: justify\">\n<p style=\"text-align: justify\">Este h\u00e1rmasban terpeszkedt\u00fcnk a nagy \u00e1gyon, Apa m\u00e9g dolgozott. A mese ut\u00e1n alv\u00e1st vez\u00e9nyeltem, megfenyegetve a band\u00e1t, hogy ha nem maradnak nyugton, mindenki mehet a saj\u00e1t \u00e1gy\u00e1ba szunnyantani. (Liz\u00e1nak j\u00f6n a szemfoga, Oli m\u00e9g mindig szorong az ovi miatt, \u00edgy mostan\u00e1ban k\u00f6nnyebben engedek a k\u00f6z\u00f6s elalv\u00e1s-ig\u00e9nynek, f\u0151leg, ha Apa nincs itthon.)<\/p>\n<p style=\"text-align: justify\">Liza p\u00e1rducugr\u00e1ssal vetette \u00e1t mag\u00e1t rajtam, a m\u00e1sik oldalamon persze Oli f\u00e9szkel\u0151d\u00f6tt. Begurulva mordultam r\u00e1, hogy mehet is a kis\u00e1gy\u00e1ba, ha nem hagyja a b\u00e1tyj\u00e1t aludni, mire \u0150 nagy komolyan, felemelt ujjal k\u00f6z\u00f6lte:<br \/>\n&#8211; Csak meg akajok besz\u00e9lni Ojival valamit! Besz\u00e9lni akajok Ojik\u00e1val!<br \/>\nOlyan hat\u00e1rozott volt, hogy k\u00edv\u00e1ncsian enged\u00e9lyeztem a megbesz\u00e9l\u00e9st (persze mindenf\u00e9le \u00edg\u00e9retet kicsikarva a dum\u00e1l\u00e1s ut\u00e1nra).<br \/>\nLiza \u00f6sszevont szem\u00f6ld\u00f6kkel odahajolt Olihoz, sz\u00f3 szerint belen\u00e9zett a fej\u00e9be \u00e9s kib\u00f6kte:<br \/>\n&#8211; Ojika! Volt pityerg\u00e9s az ojod\u00e1ba? \u00cdrt\u00e1?<br \/>\n&#8211; Igen, s\u00edrtam egy kicsit, de megold\u00f3dott. Picik\u00e9t pityeregtem, azt\u00e1n megnyugodtam &#8211; hangzott a komoly v\u00e1lasz, mire Liza megnyugodva a megfelel\u0151 oldalamra vetette mag\u00e1t \u00e9s fej\u00e9re h\u00fazta a takar\u00f3j\u00e1t. Oli is elf\u00e9szkel\u0151d\u00f6tt \u00e9s bek\u00f6sz\u00f6nt\u00f6tt a nyugalom.<\/p>\n<p style=\"text-align: justify\">\u00c9n meg elk\u00e9pedve fek\u00fcdtem k\u00f6zt\u00fck. Milyen feln\u0151ttesen megbesz\u00e9lt\u00e9k a dolgot!<\/p>\n","protected":false},"excerpt":{"rendered":"<p>Este h\u00e1rmasban terpeszkedt\u00fcnk a nagy \u00e1gyon, Apa m\u00e9g dolgozott. A mese ut\u00e1n alv\u00e1st vez\u00e9nyeltem, megfenyegetve a band\u00e1t, hogy ha nem maradnak nyugton, mindenki mehet a saj\u00e1t \u00e1gy\u00e1ba szunnyantani. (Liz\u00e1nak j\u00f6n a szemfoga, Oli m\u00e9g mindig szorong az ovi miatt, \u00edgy &hellip; <a href=\"https:\/\/agria.hu\/bdioda\/2011\/11\/15\/csak-komolyan\/\">Egy kattint\u00e1s ide a folytat\u00e1shoz&#8230;. <span class=\"meta-nav\">&rarr;<\/span><\/a><\/p>\n","protected":false},"author":59,"featured_media":0,"comment_status":"open","ping_status":"open","sticky":false,"template":"","format":"standard","meta":{"footnotes":""},"categories":[4,1,17],"tags":[],"class_list":["post-348","post","type-post","status-publish","format-standard","hentry","category-csaladi-sztori","category-nincs-kategorizalva","category-roppencsek"],"_links":{"self":[{"href":"https:\/\/agria.hu\/bdioda\/wp-json\/wp\/v2\/posts\/348","targetHints":{"allow":["GET"]}}],"collection":[{"href":"https:\/\/agria.hu\/bdioda\/wp-json\/wp\/v2\/posts"}],"about":[{"href":"https:\/\/agria.hu\/bdioda\/wp-json\/wp\/v2\/types\/post"}],"author":[{"embeddable":true,"href":"https:\/\/agria.hu\/bdioda\/wp-json\/wp\/v2\/users\/59"}],"replies":[{"embeddable":true,"href":"https:\/\/agria.hu\/bdioda\/wp-json\/wp\/v2\/comments?post=348"}],"version-history":[{"count":5,"href":"https:\/\/agria.hu\/bdioda\/wp-json\/wp\/v2\/posts\/348\/revisions"}],"predecessor-version":[{"id":813,"href":"https:\/\/agria.hu\/bdioda\/wp-json\/wp\/v2\/posts\/348\/revisions\/813"}],"wp:attachment":[{"href":"https:\/\/agria.hu\/bdioda\/wp-json\/wp\/v2\/media?parent=348"}],"wp:term":[{"taxonomy":"category","embeddable":true,"href":"https:\/\/agria.hu\/bdioda\/wp-json\/wp\/v2\/categories?post=348"},{"taxonomy":"post_tag","embeddable":true,"href":"https:\/\/agria.hu\/bdioda\/wp-json\/wp\/v2\/tags?post=348"}],"curies":[{"name":"wp","href":"https:\/\/api.w.org\/{rel}","templated":true}]}}