{"id":344,"date":"2011-11-08T17:05:45","date_gmt":"2011-11-08T17:05:45","guid":{"rendered":"https:\/\/agria.hu\/bdioda\/?p=344"},"modified":"2011-11-08T17:06:58","modified_gmt":"2011-11-08T17:06:58","slug":"levelet-irtunk-a-mikulasnak","status":"publish","type":"post","link":"https:\/\/agria.hu\/bdioda\/2011\/11\/08\/levelet-irtunk-a-mikulasnak\/","title":{"rendered":"Levelet \u00edrtunk a Mikul\u00e1snak!"},"content":{"rendered":"<div class=\"fblikebutton_button\" style=\"float: right; margin-left: 10px;\"><iframe src=\"http:\/\/www.facebook.com\/plugins\/like.php?href=https%3A%2F%2Fagria.hu%2Fbdioda%2F2011%2F11%2F08%2Flevelet-irtunk-a-mikulasnak%2F&amp;layout=standard&amp;show-faces=false&amp;width=450&amp;action=recommend&amp;colorscheme=dark\" scrolling=\"no\" frameborder=\"0\" allowTransparency=\"true\" style=\"border:none; overflow:hidden; width:450px; height:26px\"><\/iframe><\/div>\n<p style=\"text-align: justify\">Sosem gondoltam volna, hogy a nagyszak\u00e1ll\u00fa piros ruh\u00e1s muki nemcsak a gyerekek, de a sz\u00fcl\u0151k legnagyobb bar\u00e1tja is! A gyerekeim ugyanis remek\u00fcl zsarolhat\u00f3k (szebben megfogalmazva: kord\u00e1ban tarthat\u00f3k) \u00e1ltala&#8230;<\/p>\n<p>A Mikul\u00e1sr\u00f3l sz\u00f3l\u00f3 mes\u00e9ket nemr\u00e9g vett\u00fck fel az esti m\u00e9diat\u00e1rba, de \u00e9n m\u00e1r k\u00edv\u00fclr\u0151l f\u00fajom &#8211; im\u00e1dj\u00e1k, ha azokat olvasom. Ha pedig rosszalkodnak, el\u00e9g bek\u00f6pn\u00f6m: tudj\u00e1tok, hogy a Mikul\u00e1s mindenkir\u0151l mindent megtud! Az int\u00e9sre azonm\u00f3d enyh\u00fcl a hiszti.<\/p>\n<p>Nemr\u00e9g j\u00e1t\u00e9kboltban j\u00e1rtunk a fiammal, felt\u00e9rk\u00e9pezni a terepet. Szeg\u00e9ny csemet\u00e9m kisebb ext\u00e1zisba esett a csod\u00e1s helyen, persze minden m\u00e1sodik j\u00e1t\u00e9kra r\u00e1b\u00f6k\u00f6tt, hogy akarom, akarom, na \u00e9s nem volt kedve elhagyni a helysz\u00ednt \u00fcres k\u00e9zel. J\u00f6tt a Mikul\u00e1s-akci\u00f3 \u00e9s m\u00e1s sz\u00fcl\u0151ket elk\u00e1pr\u00e1ztat\u00f3 fegyelemmel, mint az \u00e1lom, l\u00e9pt\u00fcnk ki az ajt\u00f3n.<\/p>\n<p>Ma neki\u00fclt\u00fcnk levelet \u00edrni a Nagyszak\u00e1ll\u00fanak. A gyerekek mondt\u00e1k, mit \u00edrjak, \u00e9n meg k\u00f6rm\u00f6ltem. Z\u00e1poroztak az \u00edg\u00e9retek j\u00f6v\u0151beli viselked\u00e9s\u00fckr\u0151l, majd feltettem a k\u00e9rd\u00e9st, mit k\u00e9rtek a Mikul\u00e1st\u00f3l? Liza azonnal r\u00e1v\u00e1gta, hogy lovacsk\u00e1t, amin meg sem lep\u0151dtem, mert \u00fajabban a lovak a kedvencei. Oliv\u00e9r viszont jobban feladta a leck\u00e9t:<\/p>\n<p>&#8211; Hozzon nekem a Mikul\u00e1s olyan h\u00f3embert az \u00c9szaki-sarkr\u00f3l, ami nem olvad el ha nincs fagy!<\/p>\n<p>Faggat\u00f3zhattam \u00e9n, mi m\u00e1s j\u00e1t\u00e9kcsoda lenne fiacsk\u00e1m titkos v\u00e1gya, nem akart m\u00e1st bele\u00edratni a lev\u00e9lbe, csak a h\u00f3embert.<\/p>\n<p>M\u00e9g szerencse, hogy van egy h\u00f3napom kital\u00e1lni, milyen olvad\u00e1smentes h\u00f3embert szerzek a Mikul\u00e1s nev\u00e9ben, ha m\u00e1r ilyen kisangyal lett az okos fiam&#8230;<\/p>\n","protected":false},"excerpt":{"rendered":"<p>Sosem gondoltam volna, hogy a nagyszak\u00e1ll\u00fa piros ruh\u00e1s muki nemcsak a gyerekek, de a sz\u00fcl\u0151k legnagyobb bar\u00e1tja is! A gyerekeim ugyanis remek\u00fcl zsarolhat\u00f3k (szebben megfogalmazva: kord\u00e1ban tarthat\u00f3k) \u00e1ltala&#8230; A Mikul\u00e1sr\u00f3l sz\u00f3l\u00f3 mes\u00e9ket nemr\u00e9g vett\u00fck fel az esti m\u00e9diat\u00e1rba, de \u00e9n &hellip; <a href=\"https:\/\/agria.hu\/bdioda\/2011\/11\/08\/levelet-irtunk-a-mikulasnak\/\">Egy kattint\u00e1s ide a folytat\u00e1shoz&#8230;. <span class=\"meta-nav\">&rarr;<\/span><\/a><\/p>\n","protected":false},"author":59,"featured_media":0,"comment_status":"open","ping_status":"open","sticky":false,"template":"","format":"standard","meta":{"footnotes":""},"categories":[4,1],"tags":[],"class_list":["post-344","post","type-post","status-publish","format-standard","hentry","category-csaladi-sztori","category-nincs-kategorizalva"],"_links":{"self":[{"href":"https:\/\/agria.hu\/bdioda\/wp-json\/wp\/v2\/posts\/344","targetHints":{"allow":["GET"]}}],"collection":[{"href":"https:\/\/agria.hu\/bdioda\/wp-json\/wp\/v2\/posts"}],"about":[{"href":"https:\/\/agria.hu\/bdioda\/wp-json\/wp\/v2\/types\/post"}],"author":[{"embeddable":true,"href":"https:\/\/agria.hu\/bdioda\/wp-json\/wp\/v2\/users\/59"}],"replies":[{"embeddable":true,"href":"https:\/\/agria.hu\/bdioda\/wp-json\/wp\/v2\/comments?post=344"}],"version-history":[{"count":2,"href":"https:\/\/agria.hu\/bdioda\/wp-json\/wp\/v2\/posts\/344\/revisions"}],"predecessor-version":[{"id":346,"href":"https:\/\/agria.hu\/bdioda\/wp-json\/wp\/v2\/posts\/344\/revisions\/346"}],"wp:attachment":[{"href":"https:\/\/agria.hu\/bdioda\/wp-json\/wp\/v2\/media?parent=344"}],"wp:term":[{"taxonomy":"category","embeddable":true,"href":"https:\/\/agria.hu\/bdioda\/wp-json\/wp\/v2\/categories?post=344"},{"taxonomy":"post_tag","embeddable":true,"href":"https:\/\/agria.hu\/bdioda\/wp-json\/wp\/v2\/tags?post=344"}],"curies":[{"name":"wp","href":"https:\/\/api.w.org\/{rel}","templated":true}]}}