{"id":338,"date":"2011-11-07T14:32:30","date_gmt":"2011-11-07T14:32:30","guid":{"rendered":"https:\/\/agria.hu\/bdioda\/?p=338"},"modified":"2013-05-05T16:45:16","modified_gmt":"2013-05-05T16:45:16","slug":"orr-dorombolas","status":"publish","type":"post","link":"https:\/\/agria.hu\/bdioda\/2011\/11\/07\/orr-dorombolas\/","title":{"rendered":"Orr-dorombol\u00e1s"},"content":{"rendered":"<div class=\"fblikebutton_button\" style=\"float: right; margin-left: 10px;\"><iframe src=\"http:\/\/www.facebook.com\/plugins\/like.php?href=https%3A%2F%2Fagria.hu%2Fbdioda%2F2011%2F11%2F07%2Forr-dorombolas%2F&amp;layout=standard&amp;show-faces=false&amp;width=450&amp;action=recommend&amp;colorscheme=dark\" scrolling=\"no\" frameborder=\"0\" allowTransparency=\"true\" style=\"border:none; overflow:hidden; width:450px; height:26px\"><\/iframe><\/div>\n<p style=\"text-align: justify\">Neh\u00e9z napja volt tegnap a f\u00e9rjemnek, kimer\u00edt\u0151 munka mell\u00e9 ez\u00fattal a fiunkt\u00f3l elkapott v\u00edrusos fels\u0151l\u00e9guti bizbasz is t\u00e1rsult. Este, a k\u00f6z\u00f6s meseolvas\u00e1s idej\u00e9re m\u00e9ly \u00e1lomba zuhant. A k\u00e9tszer k\u00e9tm\u00e9teres \u00e1gy sz\u00e9l\u00e9n hortyogott, m\u00edg \u00e9n a h\u00e1rom- \u00e9s a majdnem k\u00e9t\u00e9vessel b\u00fajtam a csiga-big\u00e1s mesek\u00f6nyvet fekv\u0151hely\u00fcnk nagyobb r\u00e9sz\u00e9t elfoglalva.<br \/>\nEgyszer csak \u00e9les fordulatot v\u00e9ve a s\u00f6t\u00e9t meghitts\u00e9gben Apa olyan &#8222;pattog\u00f3s-harsog\u00f3s&#8221; horkol\u00e1sba kezdett, hogy Liza ijedten v\u00e1gta mag\u00e1t vigy\u00e1zba. &#8211; Mi ez? Mi ez a (h)ang? &#8211; k\u00e9rdezte, mire \u00e9n nevetve megnyugtattam, csak az apja pr\u00f3b\u00e1lkozik a l\u00e9legzetv\u00e9tellel. A delikvenst k\u00f6z\u00f6s er\u0151vel r\u00e1k\u00e9nyszer\u00edtett\u00fck az oldalt fekv\u00e9sre, mire \u0151 \u00e1t is t\u00e9rt az idegt\u00e9p\u0151b\u0151l csak kicsit zavar\u00f3 duruzsol\u00e1sra.<br \/>\nA mese v\u00e9g\u00e9n tartottunk, amikor Oliv\u00e9r megsz\u00f3lalt:<br \/>\n&#8211; Anyacika, j\u00f3, hogy az \u00e9n orrom nem dorombol!<br \/>\nLiz\u00e1t\u00f3l j\u00f6tt a kontra:<br \/>\n&#8211; Ne f\u00e9lj Anyaia, Kiccsillagom Anyaia, nem dorombol Oji orra, Apaia alszik!<\/p>\n","protected":false},"excerpt":{"rendered":"<p>Neh\u00e9z napja volt tegnap a f\u00e9rjemnek, kimer\u00edt\u0151 munka mell\u00e9 ez\u00fattal a fiunkt\u00f3l elkapott v\u00edrusos fels\u0151l\u00e9guti bizbasz is t\u00e1rsult. Este, a k\u00f6z\u00f6s meseolvas\u00e1s idej\u00e9re m\u00e9ly \u00e1lomba zuhant. A k\u00e9tszer k\u00e9tm\u00e9teres \u00e1gy sz\u00e9l\u00e9n hortyogott, m\u00edg \u00e9n a h\u00e1rom- \u00e9s a majdnem k\u00e9t\u00e9vessel &hellip; <a href=\"https:\/\/agria.hu\/bdioda\/2011\/11\/07\/orr-dorombolas\/\">Egy kattint\u00e1s ide a folytat\u00e1shoz&#8230;. <span class=\"meta-nav\">&rarr;<\/span><\/a><\/p>\n","protected":false},"author":59,"featured_media":0,"comment_status":"open","ping_status":"open","sticky":false,"template":"","format":"standard","meta":{"footnotes":""},"categories":[4,1,17],"tags":[],"class_list":["post-338","post","type-post","status-publish","format-standard","hentry","category-csaladi-sztori","category-nincs-kategorizalva","category-roppencsek"],"_links":{"self":[{"href":"https:\/\/agria.hu\/bdioda\/wp-json\/wp\/v2\/posts\/338","targetHints":{"allow":["GET"]}}],"collection":[{"href":"https:\/\/agria.hu\/bdioda\/wp-json\/wp\/v2\/posts"}],"about":[{"href":"https:\/\/agria.hu\/bdioda\/wp-json\/wp\/v2\/types\/post"}],"author":[{"embeddable":true,"href":"https:\/\/agria.hu\/bdioda\/wp-json\/wp\/v2\/users\/59"}],"replies":[{"embeddable":true,"href":"https:\/\/agria.hu\/bdioda\/wp-json\/wp\/v2\/comments?post=338"}],"version-history":[{"count":6,"href":"https:\/\/agria.hu\/bdioda\/wp-json\/wp\/v2\/posts\/338\/revisions"}],"predecessor-version":[{"id":832,"href":"https:\/\/agria.hu\/bdioda\/wp-json\/wp\/v2\/posts\/338\/revisions\/832"}],"wp:attachment":[{"href":"https:\/\/agria.hu\/bdioda\/wp-json\/wp\/v2\/media?parent=338"}],"wp:term":[{"taxonomy":"category","embeddable":true,"href":"https:\/\/agria.hu\/bdioda\/wp-json\/wp\/v2\/categories?post=338"},{"taxonomy":"post_tag","embeddable":true,"href":"https:\/\/agria.hu\/bdioda\/wp-json\/wp\/v2\/tags?post=338"}],"curies":[{"name":"wp","href":"https:\/\/api.w.org\/{rel}","templated":true}]}}