{"id":332,"date":"2011-10-18T16:56:58","date_gmt":"2011-10-18T16:56:58","guid":{"rendered":"https:\/\/agria.hu\/bdioda\/?p=332"},"modified":"2013-05-05T16:36:42","modified_gmt":"2013-05-05T16:36:42","slug":"tamasz","status":"publish","type":"post","link":"https:\/\/agria.hu\/bdioda\/2011\/10\/18\/tamasz\/","title":{"rendered":"T\u00e1masz"},"content":{"rendered":"<div class=\"fblikebutton_button\" style=\"float: right; margin-left: 10px;\"><iframe src=\"http:\/\/www.facebook.com\/plugins\/like.php?href=https%3A%2F%2Fagria.hu%2Fbdioda%2F2011%2F10%2F18%2Ftamasz%2F&amp;layout=standard&amp;show-faces=false&amp;width=450&amp;action=recommend&amp;colorscheme=dark\" scrolling=\"no\" frameborder=\"0\" allowTransparency=\"true\" style=\"border:none; overflow:hidden; width:450px; height:26px\"><\/iframe><\/div>\n<p style=\"text-align: justify\">K\u00f6zelr\u0151l ismertem az oxitocin erej\u00e9t, a hossz\u00fa vaj\u00fad\u00e1st, az &#8222;ujjnyi&#8221; eredm\u00e9nyeket eg\u00e9szen a null\u00e1t\u00f3l indulva, az euf\u00f3rikus f\u00e1jdalmat \u00e9s a keserves, de rem\u00e9nyteli v\u00e1rakoz\u00e1st, ami egy elh\u00faz\u00f3d\u00f3 sz\u00fcl\u00e9s gy\u00f6trelmes velej\u00e1r\u00f3ja, most m\u00e9gis \u00faj oldalr\u00f3l l\u00e1ttam mindent &#8211; k\u00edv\u00fclr\u0151l. A bar\u00e1tn\u0151m arra k\u00e9rt, legyek \u00e9n a t\u00e1masza gyermeke sz\u00fclet\u00e9s\u00e9n\u00e9l&#8230;<\/p>\n<p style=\"text-align: justify\">Gyakran noszogattam, rakja \u00f6ssze id\u0151ben a pakkj\u00e1t, de \u0151 \u00fagy \u00e9rezte, nemhogy el\u0151bb, ink\u00e1bb k\u00e9sve \u00e9rkezik majd a fia. Nos, az \u00e9n meg\u00e9rz\u00e9sem j\u00f6tt be&#8230;<br \/>\nP\u00e9ntek \u00e9jf\u00e9l k\u00f6r\u00fcl arra \u00e9bredt, el\u00f6nt\u00f6tte a magzatv\u00edz &#8211; terhess\u00e9g\u00e9nek \u00e9ppen bet\u00f6lt\u00f6tt 38. het\u00e9ben. Sz\u00fcl\u00e9szn\u0151je javaslat\u00e1ra elindultak a k\u00f3rh\u00e1zba, k\u00f6zben risztva engem is.<br \/>\nRendszertelen, gyenge f\u00e1j\u00e1sok miatt bar\u00e1tn\u0151m az \u0151rz\u0151be ker\u00fclt NST-re k\u00f6tve. Nem lehetett vele senki, \u00edgy sz\u00e1momra egyel\u0151re az a feladat jutott, hogy folyamatos csacsog\u00e1sommal seg\u00edtsem \u00e1t az apuk\u00e1t az els\u0151 neh\u00e9z \u00f3r\u00e1k v\u00e1rakoz\u00e1s\u00e1n.\u00a0 Reggelre mindenki elf\u00e1radt. Mi a folyos\u00f3n, bar\u00e1tn\u0151m az \u0151rz\u0151 ideges mag\u00e1ny\u00e1ban.<br \/>\nA f\u00e1j\u00e1sok gyakorlatilag megsz\u0171ntek, \u00edgy bek\u00f6t\u00f6tt\u00e9k az els\u0151 adag oxitocint. Ekkor csatlakozhattam a bar\u00e1tn\u0151mh\u00f6z, imm\u00e1r a sz\u00fcl\u0151szob\u00e1n. &#8222;Mint egy sz\u00f6k\u00f6tt fegyenc&#8221; &#8211; itt m\u00e9g a bar\u00e1tn\u0151m is tudott nevetni diz\u00e1jn pap\u00edrruh\u00e1mon. M\u00e1r l\u00e1ttam a s\u00f6t\u00e9t karik\u00e1kat a szeme alatt \u00e9s kem\u00e9nyen bel\u00e9mhas\u00edtott a tudat, milyen messze is van m\u00e9g a v\u00e9ge. A kialvatlans\u00e1g nehez\u00edtette a f\u00e1jdalom elvisel\u00e9s\u00e9t. Mintha facsargatt\u00e1k volna a szivemet minden egyes &#8222;nem b\u00edrom m\u00e1r, nagyon f\u00e1j&#8221; kijelent\u00e9sn\u00e9l, mert pontosan tudtam, enn\u00e9l m\u00e9g sokkal, de sokkal jobban fog k\u00ednl\u00f3dni&#8230;\u00a0 D\u00e9lig el\u00e9g volt masz\u00edroz\u00e1ssal, simogat\u00e1ssal, nyugtat\u00f3 duruzsol\u00e1ssal enyh\u00edteni a gy\u00f6trelmet \u00e9s seg\u00edteni a pillanatnyi pihen\u00e9s \u00e1llapot\u00e1t. A g\u00f6rcs\u00f6ltet\u0151 dolgozott, de a baba ijeszt\u0151en magasan helyezkedett el. Balj\u00f3s gondolatok fesz\u00edtettek, mik\u00f6zben egy\u00fctt s\u00f3hajtottam minden f\u00e1j\u00e1st Vele, le se vettem a szemem az NST, a baba sz\u00edvhangj\u00e1t mutat\u00f3 \u00e1br\u00e1j\u00e1r\u00f3l. Sz\u00e1raz szemmel, rezzen\u00e9stelen arccal szajk\u00f3ztam amit kellett, &#8222;b\u00edrd ki m\u00e9g&#8221;, &#8222;nemsok\u00e1ra megsz\u00fcletik a fiad, el is fogod felejteni a f\u00e1jdalmat, ha r\u00e1n\u00e9zel&#8221;, &#8222;m\u00e1r \u00e9rte is felel\u0151ss\u00e9ggel tartozol&#8221;, &#8222;vegy\u00e9l leveg\u0151t, mert a kicsinek is sz\u00fcks\u00e9ge van r\u00e1&#8221;.<br \/>\nA f\u00e1jdalom elvisel\u00e9s\u00e9nek euf\u00f3ri\u00e1j\u00e1ban telt a d\u00e9lut\u00e1n, t\u00f6bbnyire szavak n\u00e9lk\u00fcl. Ezek az \u00f3r\u00e1k sz\u00e1momra is csak elrep\u00fcltek, eml\u00e9kmaszlagg\u00e1 csom\u00f3sodva. Ahogy a nap lement, j\u00f6ttek a tol\u00f3f\u00e1j\u00e1sok. Az arca kitisztult, a k\u00ednok k\u00f6dje helyett a test\u00e9n uralkodni akar\u00f3 harcos szeme csillant fel. T\u00fal volt a holtponton, akarta a fi\u00e1t, k\u00e9sz volt a v\u00e9gs\u0151kre. Legy\u0151zte \u00f6nmag\u00e1t. Nem kellett m\u00e1r ir\u00e1ny\u00edtani, \u00e9rezte, tudta, mit kell tenni. Bennem nem m\u00falt a f\u00e9lelem.<br \/>\nRitkultni kezdtek a f\u00e1j\u00e1sok, amit \u0150, szeg\u00e9ny nem is \u00e9rz\u00e9kelt, a baba pedig nem akart a megfelel\u0151 helyre igazodni. A bar\u00e1tn\u0151m v\u00e9g\u00fcl el\u00e9rte a hat\u00e1rt, nem b\u00edrta tov\u00e1bb. M\u00e1r csak a tekintet\u00e9vel \u00e9s j\u00e9ghidegre szor\u00edtott kez\u00e9vel k\u00f6ny\u00f6rg\u00f6tt.<br \/>\nAz orvos meg\u00e1llap\u00edtotta, a baba feje elakadt, nem tud term\u00e9szetes \u00faton megsz\u00fcletni, elrendelte a cs\u00e1sz\u00e1rmetsz\u00e9s el\u0151k\u00e9sz\u00fcleteit. Megjelentek a k\u00f6nnyek, de visszanyeltem a zokog\u00e1st, m\u00e9g nem lehetett&#8230; A m\u0171t\u0151ig fogtam a kez\u00e9t, csak akkor t\u00f6rt ki bel\u0151lem az \u00e1t\u00e9rzett f\u00e1jdalom, az eg\u00e9sz napos aggodalom, amikor betolt\u00e1k.<\/p>\n<p style=\"text-align: justify\">Nem tudom le\u00edrni azt az \u00e9rz\u00e9st, amikor v\u00e9gre megpillantottam a fi\u00e1t&#8230; \u00c9n v\u00e1ghattam el a Fiatalember k\u00f6ld\u00f6kzsin\u00f3rj\u00e1t, a lelkes fot\u00f3z\u00e1s k\u00f6zepette, mert igyekeztem mindent meg\u00f6r\u00f6k\u00edteni, amir\u0151l az anyuk\u00e1ja lemarad. Boldogan sz\u00f3l\u00edtottam bemutatkoz\u00e1sra a megk\u00ednzott \u00c9desap\u00e1t, v\u00e9gre \u00f6r\u00f6mteli feladat&#8230;<\/p>\n<p style=\"text-align: justify\">Mosolyogva tolt\u00e1k ki a m\u0171t\u0151b\u0151l, nem b\u00e1nta az el\u0151z\u0151 \u00f3r\u00e1kat. \u0150 m\u00e1r Anya. Hihetetlen\u00fcl b\u00fcszke vagyok R\u00e1!<\/p>\n<p>K\u00f6sz\u00f6net a seg\u00edts\u00e9g\u00e9rt Gerendai Terka sz\u00fcl\u00e9szn\u0151nek \u00e9s Dr. Varga Zsoltnak! Kem\u00e9ny hivat\u00e1suk van&#8230;<\/p>\n","protected":false},"excerpt":{"rendered":"<p>K\u00f6zelr\u0151l ismertem az oxitocin erej\u00e9t, a hossz\u00fa vaj\u00fad\u00e1st, az &#8222;ujjnyi&#8221; eredm\u00e9nyeket eg\u00e9szen a null\u00e1t\u00f3l indulva, az euf\u00f3rikus f\u00e1jdalmat \u00e9s a keserves, de rem\u00e9nyteli v\u00e1rakoz\u00e1st, ami egy elh\u00faz\u00f3d\u00f3 sz\u00fcl\u00e9s gy\u00f6trelmes velej\u00e1r\u00f3ja, most m\u00e9gis \u00faj oldalr\u00f3l l\u00e1ttam mindent &#8211; k\u00edv\u00fclr\u0151l. A bar\u00e1tn\u0151m &hellip; <a href=\"https:\/\/agria.hu\/bdioda\/2011\/10\/18\/tamasz\/\">Egy kattint\u00e1s ide a folytat\u00e1shoz&#8230;. <span class=\"meta-nav\">&rarr;<\/span><\/a><\/p>\n","protected":false},"author":59,"featured_media":0,"comment_status":"open","ping_status":"open","sticky":false,"template":"","format":"standard","meta":{"footnotes":""},"categories":[3,1,16],"tags":[],"class_list":["post-332","post","type-post","status-publish","format-standard","hentry","category-gyerekes-nezopontbol","category-nincs-kategorizalva","category-okoskodos-megmondos"],"_links":{"self":[{"href":"https:\/\/agria.hu\/bdioda\/wp-json\/wp\/v2\/posts\/332","targetHints":{"allow":["GET"]}}],"collection":[{"href":"https:\/\/agria.hu\/bdioda\/wp-json\/wp\/v2\/posts"}],"about":[{"href":"https:\/\/agria.hu\/bdioda\/wp-json\/wp\/v2\/types\/post"}],"author":[{"embeddable":true,"href":"https:\/\/agria.hu\/bdioda\/wp-json\/wp\/v2\/users\/59"}],"replies":[{"embeddable":true,"href":"https:\/\/agria.hu\/bdioda\/wp-json\/wp\/v2\/comments?post=332"}],"version-history":[{"count":6,"href":"https:\/\/agria.hu\/bdioda\/wp-json\/wp\/v2\/posts\/332\/revisions"}],"predecessor-version":[{"id":814,"href":"https:\/\/agria.hu\/bdioda\/wp-json\/wp\/v2\/posts\/332\/revisions\/814"}],"wp:attachment":[{"href":"https:\/\/agria.hu\/bdioda\/wp-json\/wp\/v2\/media?parent=332"}],"wp:term":[{"taxonomy":"category","embeddable":true,"href":"https:\/\/agria.hu\/bdioda\/wp-json\/wp\/v2\/categories?post=332"},{"taxonomy":"post_tag","embeddable":true,"href":"https:\/\/agria.hu\/bdioda\/wp-json\/wp\/v2\/tags?post=332"}],"curies":[{"name":"wp","href":"https:\/\/api.w.org\/{rel}","templated":true}]}}