{"id":33,"date":"2011-01-08T15:08:41","date_gmt":"2011-01-08T15:08:41","guid":{"rendered":"https:\/\/agria.hu\/bdioda\/?p=33"},"modified":"2013-05-05T16:39:33","modified_gmt":"2013-05-05T16:39:33","slug":"akadalyverseny","status":"publish","type":"post","link":"https:\/\/agria.hu\/bdioda\/2011\/01\/08\/akadalyverseny\/","title":{"rendered":"Akad\u00e1lyverseny"},"content":{"rendered":"<div class=\"fblikebutton_button\" style=\"float: right; margin-left: 10px;\"><iframe src=\"http:\/\/www.facebook.com\/plugins\/like.php?href=https%3A%2F%2Fagria.hu%2Fbdioda%2F2011%2F01%2F08%2Fakadalyverseny%2F&amp;layout=standard&amp;show-faces=false&amp;width=450&amp;action=recommend&amp;colorscheme=dark\" scrolling=\"no\" frameborder=\"0\" allowTransparency=\"true\" style=\"border:none; overflow:hidden; width:450px; height:26px\"><\/iframe><\/div>\n<div><span style=\"font-size: small\">\u00a0<\/span><\/div>\n<div><span style=\"font-size: small\">\u00a0<\/span><\/div>\n<div><span style=\"font-size: small\"><\/span><\/div>\n<p><span style=\"font-size: small\"><\/p>\n<p style=\"text-align: justify\">Egerben \u00fagy t\u0171nik, nem csak az akad\u00e1lymentes\u00edt\u00e9s a c\u00e9l, hanem az akad\u00e1ly\u00e9p\u00edt\u00e9s is. Nem a g\u00f6risek, deszk\u00e1sok r\u00e1mp\u00e1ira gondolok, hanem a mozg\u00e1ss\u00e9r\u00fcltek, id\u0151sek, babakocsival k\u00f6zleked\u0151k seg\u00edt\u00e9s\u00e9t c\u00e9lz\u00f3 \u00e9p\u00edtm\u00e9nyekre. N\u00e9melyik olyan &#8222;j\u00f3l&#8221; siker\u00fclt, hogy csak gyerek n\u00e9lk\u00fcli babaszek\u00e9rrel mertem kipr\u00f3b\u00e1lni. <strong>K\u00f6vetkezz\u00e9k a h\u00e1rom kedvenc &#8222;akad\u00e1lyom&#8221;!<\/strong><\/p>\n<p style=\"text-align: justify\">Az els\u0151 az 1-es posta, azaz az <strong>egri f\u0151posta<\/strong>. Beton emelked\u0151 van az oldals\u00f3 bej\u00e1ratn\u00e1l, annak v\u00e9g\u00e9n pedig a befel\u00e9 ny\u00edl\u00f3 ajt\u00f3. Gyerekest\u0151l ez a k\u00f6vetkez\u0151k\u00e9pp m\u0171k\u00f6dik: babakocsi stop a r\u00e1mpa el\u0151tt, anya \u00e1tevick\u00e9l az ajt\u00f3hoz, amit kinyit, popsival megt\u00e1maszt. Pucs\u00edt\u00e1s, babakocsin fog\u00e1s keres\u00e9s \u00e9s beh\u00faz\u00e1sa az \u00e9p\u00fcletbe. Az ajt\u00f3 persze folyamatosan a gyerekre t\u00e1mad, ak\u00e1rmilyen tr\u00fckkel is pr\u00f3b\u00e1lod a bejut\u00e1st. J\u00f3 kik\u00e9pz\u00e9s ez a csemet\u00e9nek: kezet, l\u00e1bat beh\u00fazni!<\/p>\n<p style=\"text-align: justify\">Persze egyszer\u0171bb lenne, ha a post\u00e1n megfordul\u00f3 t\u00f6megb\u0151l valaki megsz\u00e1nna, vagy nem fordulna el \u00e9lb\u0151l a k\u00f6zeled\u0151 seg\u00edts\u00e9gk\u00e9r\u0151t\u0151l. De ez m\u00e1r m\u00e1s k\u00e9rd\u00e9s, ahogyan az is, mi\u00e9rt h\u00edvj\u00e1k el\u0151re az egyik gyerekes anyuk\u00e1t a post\u00e1s kisasszonyok, m\u00edg a m\u00e1sikat nem. Kontraszelekci\u00f3?<\/p>\n<p style=\"text-align: justify\">Az akad\u00e1lyrangsorban m\u00e1sodik helyen n\u00e1lam a <strong>Zal\u00e1r patika<\/strong> \u00e1ll. B\u00e1r ez nem k\u00f6zint\u00e9zm\u00e9ny, m\u00e9gis az \u00fcgyeletes, legnagyobb officin\u00e1r\u00f3l van sz\u00f3. Itt r\u00e1mpa sincsen! K\u00e9t hatalmas l\u00e9pcs\u0151n kell \u00e1tverg\u0151dni, majd k\u00e9t ajt\u00f3, mintegy zsiliprendszerben sz\u0171ri a befel\u00e9 nyomul\u00f3kat. N\u00e9ha akkora odabenn a t\u00f6meg \u00e9s olyan keserves a gy\u00f3gyszert\u00e1rosok \u00e1br\u00e1zata, hogy arra gondolok, itt ink\u00e1bb a kisgyermekesek \u00e9s rokikocsisok t\u00e1voltart\u00e1sa a c\u00e9l &#8211; legal\u00e1bb ennyivel kevesebb a bejut\u00f3! Ezt felismerte szerintem k\u00e9t k\u00f6zeli patika vezet\u0151s\u00e9ge is, \u0151k helyb\u0151l akad\u00e1lymentess\u00e9 tett\u00e9k a bej\u00e1ratukat.<\/p>\n<p style=\"text-align: justify\">V\u00e9g\u00fcl a kedvencem: <strong>a C\u00e9hmesterek udvar\u00e1ban k\u00e9t l\u00e9pcs\u0151sort is \u00e1tfog\u00f3 far\u00e1mpa<\/strong>. Ez nekem &#8222;t\u00fal a cs\u00facson&#8221; kateg\u00f3ria! El\u0151sz\u00f6r azt hittem, extr\u00e9m bring\u00e1soknak \u00e9p\u00edtettek p\u00e1ly\u00e1t a romantikus macskak\u00f6ves k\u00f6rnyezetben, az egyik, Dob\u00f3 utca fel\u0151li bej\u00e1ratn\u00e1l. Annyira meredek, hogy gyerekkel megrakott babakocsival nem mertem nekiindulni. Ink\u00e1bb cipeltem a szekeret is, gyereket is. Egy mozg\u00e1ss\u00e9r\u00fclt -vagy kev\u00e9sb\u00e9 fitt anya- v\u00e1laszthat: t\u00fal\u00e9l\u00e9si gyakorlat a r\u00e1mp\u00e1n, vagy sarkon fordul\u00e1s \u00e9s m\u00e1sik kapu fel\u0151li pr\u00f3b\u00e1lkoz\u00e1s. Ha utunk c\u00e9lja \u00e9pp abban a bolt\u00edvben van (iroda, vagy bolt), vigy\u00fcnk magunkkal k\u00eds\u00e9r\u0151 szem\u00e9lyzetet, mert seg\u00edts\u00e9gre -a gy\u00e9r gyalogos forgalom miatt- nem sz\u00e1m\u00edthatunk!<\/p>\n<blockquote>\n<p style=\"text-align: justify\">Mindig is &#8222;szoci\u00e1lisan \u00e9rz\u00e9keny&#8221; embernek gondoltam magam, sokat foglalkoztatott p\u00e9ld\u00e1ul a vakok, mozg\u00e1ss\u00e9r\u00fcltek, \u00e9rtelmi fogyat\u00e9kos emberek\u00a0\u00fcgye. Ma \u00fagy gondolom, addig nem tudjuk felm\u00e9rni a val\u00f3di akad\u00e1lyokat, m\u00edg magunk nem szembes\u00fcl\u00fcnk vele. Az emp\u00e1tia nem mindig el\u00e9g.<\/p>\n<\/blockquote>\n<p>\u00a0<\/p>\n<p><\/span><\/p>\n","protected":false},"excerpt":{"rendered":"<p>\u00a0 \u00a0 Egerben \u00fagy t\u0171nik, nem csak az akad\u00e1lymentes\u00edt\u00e9s a c\u00e9l, hanem az akad\u00e1ly\u00e9p\u00edt\u00e9s is. Nem a g\u00f6risek, deszk\u00e1sok r\u00e1mp\u00e1ira gondolok, hanem a mozg\u00e1ss\u00e9r\u00fcltek, id\u0151sek, babakocsival k\u00f6zleked\u0151k seg\u00edt\u00e9s\u00e9t c\u00e9lz\u00f3 \u00e9p\u00edtm\u00e9nyekre. N\u00e9melyik olyan &#8222;j\u00f3l&#8221; siker\u00fclt, hogy csak gyerek n\u00e9lk\u00fcli babaszek\u00e9rrel mertem &hellip; <a href=\"https:\/\/agria.hu\/bdioda\/2011\/01\/08\/akadalyverseny\/\">Egy kattint\u00e1s ide a folytat\u00e1shoz&#8230;. <span class=\"meta-nav\">&rarr;<\/span><\/a><\/p>\n","protected":false},"author":59,"featured_media":0,"comment_status":"open","ping_status":"open","sticky":false,"template":"","format":"standard","meta":{"footnotes":""},"categories":[3,1,16],"tags":[],"class_list":["post-33","post","type-post","status-publish","format-standard","hentry","category-gyerekes-nezopontbol","category-nincs-kategorizalva","category-okoskodos-megmondos"],"_links":{"self":[{"href":"https:\/\/agria.hu\/bdioda\/wp-json\/wp\/v2\/posts\/33","targetHints":{"allow":["GET"]}}],"collection":[{"href":"https:\/\/agria.hu\/bdioda\/wp-json\/wp\/v2\/posts"}],"about":[{"href":"https:\/\/agria.hu\/bdioda\/wp-json\/wp\/v2\/types\/post"}],"author":[{"embeddable":true,"href":"https:\/\/agria.hu\/bdioda\/wp-json\/wp\/v2\/users\/59"}],"replies":[{"embeddable":true,"href":"https:\/\/agria.hu\/bdioda\/wp-json\/wp\/v2\/comments?post=33"}],"version-history":[{"count":12,"href":"https:\/\/agria.hu\/bdioda\/wp-json\/wp\/v2\/posts\/33\/revisions"}],"predecessor-version":[{"id":827,"href":"https:\/\/agria.hu\/bdioda\/wp-json\/wp\/v2\/posts\/33\/revisions\/827"}],"wp:attachment":[{"href":"https:\/\/agria.hu\/bdioda\/wp-json\/wp\/v2\/media?parent=33"}],"wp:term":[{"taxonomy":"category","embeddable":true,"href":"https:\/\/agria.hu\/bdioda\/wp-json\/wp\/v2\/categories?post=33"},{"taxonomy":"post_tag","embeddable":true,"href":"https:\/\/agria.hu\/bdioda\/wp-json\/wp\/v2\/tags?post=33"}],"curies":[{"name":"wp","href":"https:\/\/api.w.org\/{rel}","templated":true}]}}