{"id":325,"date":"2011-10-14T15:42:56","date_gmt":"2011-10-14T15:42:56","guid":{"rendered":"https:\/\/agria.hu\/bdioda\/?p=325"},"modified":"2011-10-14T15:45:50","modified_gmt":"2011-10-14T15:45:50","slug":"lagzi-az-agyban","status":"publish","type":"post","link":"https:\/\/agria.hu\/bdioda\/2011\/10\/14\/lagzi-az-agyban\/","title":{"rendered":"Lagzi az \u00e1gyban"},"content":{"rendered":"<div class=\"fblikebutton_button\" style=\"float: right; margin-left: 10px;\"><iframe src=\"http:\/\/www.facebook.com\/plugins\/like.php?href=https%3A%2F%2Fagria.hu%2Fbdioda%2F2011%2F10%2F14%2Flagzi-az-agyban%2F&amp;layout=standard&amp;show-faces=false&amp;width=450&amp;action=recommend&amp;colorscheme=dark\" scrolling=\"no\" frameborder=\"0\" allowTransparency=\"true\" style=\"border:none; overflow:hidden; width:450px; height:26px\"><\/iframe><\/div>\n<p>P\u00e1r nappal az ovi-kezd\u00e9s \u00e9s a b\u00e1r\u00e1nyhiml\u0151 elleni olt\u00e1s ut\u00e1n l\u00e1z, n\u00e1tha \u00e9s egy\u00e9b nyal\u00e1nks\u00e1gok t\u00f6rtek kis csal\u00e1dunkra. A b\u00e1gyadt bab\u00e1imat \u00e1gy-fogs\u00e1gra \u00edt\u00e9ltem \u00e9s hogy ezt vel\u00fck elfogadtassam, k\u00edn\u00e1ltam egy sz\u00e1mukra is cs\u00e1b\u00edt\u00f3, \u00e1m \u00e1gyk\u00f6zeli programot. Ez\u00fattal korl\u00e1tlan ideig n\u00e9zhetnek mese dvd-ket.<\/p>\n<p>&#8211; Mickey egereset, Anya, Mickey egereset!<\/p>\n<p>&#8211; Elmot akajom, Anyacika Elmot akajom!<\/p>\n<p>A vita Liza r\u00e9sz\u00e9r\u0151l fetreng\u0151s hisztibe csapott \u00e1t, mire Oli hangosan kiab\u00e1lva pr\u00f3b\u00e1lta \u00e9rv\u00e9nyes\u00edteni a maga akarat\u00e1t. R\u00e9g megtanultam, ha nincs megyegyez\u00e9s, akkor \u00fagy kell d\u00f6nteni, hogy senkinek se legyen j\u00f3, akkor majd v\u00edgasztalhatj\u00e1k egym\u00e1st a k\u00f6z\u00f6s anya-ut\u00e1latban.<a href=\"https:\/\/agria.hu\/bdioda\/files\/2011\/10\/malacok.jpg\"><img loading=\"lazy\" decoding=\"async\" class=\"alignright size-full wp-image-327\" src=\"https:\/\/agria.hu\/bdioda\/files\/2011\/10\/malacok.jpg\" alt=\"\" width=\"275\" height=\"183\" \/><\/a><\/p>\n<p>K\u00ednomban el\u0151kaptam az esk\u00fcv\u0151i dvd-nket! B\u00e1r 2004-ben k\u00e9sz\u00fclt, sosem n\u00e9zt\u00fck m\u00e9g meg. A k\u00f6lyk\u00f6k megr\u00f6k\u00f6ny\u00f6dve fedezt\u00e9k fel karcs\u00fa (\u00e9s ugyeb\u00e1r sz\u00e1mukra eddig ismeretlen form\u00e1j\u00fa) hercegn\u0151ruh\u00e1s anyjukat a k\u00e9perny\u0151n, a sim\u00e1ra borotv\u00e1lt, \u00f6lt\u00f6ny\u00f6s ap\u00e1t\u00f3l meg egyenesen odavoltak! Sikongatva bukkantak az ismer\u0151s arcok kor\u00e1bbi kiad\u00e1saira \u00e9s b\u00e1r p\u00e9ld\u00e1ul a nagysz\u00fcl\u0151k majdnem \u00fagy n\u00e9ztek ki, mint most, n\u00e9h\u00e1ny csal\u00e1dtag gyerekfejjel szerepelt a felv\u00e9telen, aminek a k\u00e9t lurk\u00f3 hars\u00e1nyan lelkendezett.<\/p>\n<p>Megbesz\u00e9lt\u00fck, hogy Anya \u00e9s Apa ekkor \u00edg\u00e9rt\u00e9k meg, hogy mindig egy\u00fctt lesznek \u00e9s \u00f6r\u00f6kk\u00e9 szeretni fogj\u00e1k egym\u00e1st. Oliv\u00e9r bazsajgott a hallottakon, de a k\u00f6vetkez\u0151 pillanatban m\u00e1r az izgatta, mi\u00e9rt t\u00e1ncol anya \u00e9s Lajcsi papa olyan fur\u00e1n a t\u00e9v\u00e9ben.<\/p>\n<p>A gyerekek v\u00e9gigbulizt\u00e1k a lagzis r\u00e9szt, nagyokat nevetve a rokonok ugrabugr\u00e1l\u00e1s\u00e1n \u00e9s a kamer\u00e1nak vih\u00e1ncol\u00f3 arcokon.<\/p>\n<p>A konyh\u00e1b\u00f3l \u00e9n is oda-odarohang\u00e1ltam, j\u00f3 volt visszan\u00e9zni a 7 \u00e9vvel ezel\u0151tti esem\u00e9nyeket. \u00dagy \u00e9rzem, ez a dvd is beker\u00fcl a Mickey eg\u00e9r \u00e9s az Elmo mell\u00e9, a gyakran n\u00e9zett lemezek k\u00f6z\u00e9. Nagy siker volt, k\u00f6sz\u00f6net a Rendez\u0151nek!<\/p>\n","protected":false},"excerpt":{"rendered":"<p>P\u00e1r nappal az ovi-kezd\u00e9s \u00e9s a b\u00e1r\u00e1nyhiml\u0151 elleni olt\u00e1s ut\u00e1n l\u00e1z, n\u00e1tha \u00e9s egy\u00e9b nyal\u00e1nks\u00e1gok t\u00f6rtek kis csal\u00e1dunkra. A b\u00e1gyadt bab\u00e1imat \u00e1gy-fogs\u00e1gra \u00edt\u00e9ltem \u00e9s hogy ezt vel\u00fck elfogadtassam, k\u00edn\u00e1ltam egy sz\u00e1mukra is cs\u00e1b\u00edt\u00f3, \u00e1m \u00e1gyk\u00f6zeli programot. Ez\u00fattal korl\u00e1tlan ideig n\u00e9zhetnek &hellip; <a href=\"https:\/\/agria.hu\/bdioda\/2011\/10\/14\/lagzi-az-agyban\/\">Egy kattint\u00e1s ide a folytat\u00e1shoz&#8230;. <span class=\"meta-nav\">&rarr;<\/span><\/a><\/p>\n","protected":false},"author":59,"featured_media":0,"comment_status":"open","ping_status":"open","sticky":false,"template":"","format":"standard","meta":{"footnotes":""},"categories":[4,1],"tags":[],"class_list":["post-325","post","type-post","status-publish","format-standard","hentry","category-csaladi-sztori","category-nincs-kategorizalva"],"_links":{"self":[{"href":"https:\/\/agria.hu\/bdioda\/wp-json\/wp\/v2\/posts\/325","targetHints":{"allow":["GET"]}}],"collection":[{"href":"https:\/\/agria.hu\/bdioda\/wp-json\/wp\/v2\/posts"}],"about":[{"href":"https:\/\/agria.hu\/bdioda\/wp-json\/wp\/v2\/types\/post"}],"author":[{"embeddable":true,"href":"https:\/\/agria.hu\/bdioda\/wp-json\/wp\/v2\/users\/59"}],"replies":[{"embeddable":true,"href":"https:\/\/agria.hu\/bdioda\/wp-json\/wp\/v2\/comments?post=325"}],"version-history":[{"count":5,"href":"https:\/\/agria.hu\/bdioda\/wp-json\/wp\/v2\/posts\/325\/revisions"}],"predecessor-version":[{"id":331,"href":"https:\/\/agria.hu\/bdioda\/wp-json\/wp\/v2\/posts\/325\/revisions\/331"}],"wp:attachment":[{"href":"https:\/\/agria.hu\/bdioda\/wp-json\/wp\/v2\/media?parent=325"}],"wp:term":[{"taxonomy":"category","embeddable":true,"href":"https:\/\/agria.hu\/bdioda\/wp-json\/wp\/v2\/categories?post=325"},{"taxonomy":"post_tag","embeddable":true,"href":"https:\/\/agria.hu\/bdioda\/wp-json\/wp\/v2\/tags?post=325"}],"curies":[{"name":"wp","href":"https:\/\/api.w.org\/{rel}","templated":true}]}}