{"id":292,"date":"2011-10-08T08:59:00","date_gmt":"2011-10-08T08:59:00","guid":{"rendered":"https:\/\/agria.hu\/bdioda\/?p=292"},"modified":"2013-05-05T16:36:58","modified_gmt":"2013-05-05T16:36:58","slug":"verda-torta-ala-dia-avagy-hogyan-legy-te-a-cakeboss","status":"publish","type":"post","link":"https:\/\/agria.hu\/bdioda\/2011\/10\/08\/verda-torta-ala-dia-avagy-hogyan-legy-te-a-cakeboss\/","title":{"rendered":"Verda torta a&#8217;la Dia, avagy hogyan l\u00e9gy Te a CakeBoss"},"content":{"rendered":"<div class=\"fblikebutton_button\" style=\"float: right; margin-left: 10px;\"><iframe src=\"http:\/\/www.facebook.com\/plugins\/like.php?href=https%3A%2F%2Fagria.hu%2Fbdioda%2F2011%2F10%2F08%2Fverda-torta-ala-dia-avagy-hogyan-legy-te-a-cakeboss%2F&amp;layout=standard&amp;show-faces=false&amp;width=450&amp;action=recommend&amp;colorscheme=dark\" scrolling=\"no\" frameborder=\"0\" allowTransparency=\"true\" style=\"border:none; overflow:hidden; width:450px; height:26px\"><\/iframe><\/div>\n<p style=\"text-align: left\">Az al\u00e1bbiakban, kedves elsz\u00e1nt, \u00e9rdekl\u0151d\u0151 Anyuka, le\u00edrom, hogyan tudsz olyan Verda-tort\u00e1t k\u00e9sz\u00edteni a fiadnak, amilyet \u00e9n csin\u00e1ltam. Ne agg\u00f3dj, ha nekem ment, Neked is siker\u00fclni fog! L\u00e1ssuk az el\u0151k\u00e9sz\u00fcleteket:<\/p>\n<p style=\"text-align: justify\">1. Ha olyan k\u00e9tbalkezes vagy a konyh\u00e1ban, mint \u00e9n, el\u0151sz\u00f6r gondold \u00e1t a cukr\u00e1szda lehet\u0151s\u00e9g\u00e9t! <strong>Csak akkor l\u00e9pj tov\u00e1bb, ha mindenre elsz\u00e1nt vagy!<\/strong><br \/>\n2. <strong>Ne<\/strong> figyelj az int\u0151\/elrettent\u0151 sz\u00e1nd\u00e9k\u00fa jelekre! \u00c9n a tortak\u00e9sz\u00edt\u00e9s el\u0151tti napokban kilocsoltam f\u00e9l liter tejet a konyhapadl\u00f3n, vagy f\u00e9l kil\u00f3 s\u00f3t cs\u0171rtem a k\u00e9t deci tejsz\u00ednbe (halhoz) \u00e9s liszttel hintettem be a konyh\u00e1t. Oszt?! A b\u00e9na any\u00e1k nem csin\u00e1lhatnak fasza tort\u00e1t?<br \/>\n3. <strong>Ne<\/strong> k\u00e9rdezd meg a gyereket, szeretne-e aut\u00f3s tort\u00e1t! Ha valami balul \u00fct ki, m\u00e9g mindig r\u00e1foghatod az alkot\u00e1sra, hogy d\u00e9l-amerikai ny\u00edlhegy b\u00e9ka. Az meg v\u00e9gk\u00e9pp eszedbe se jusson, hogy le\u00fclteted a sz\u00e1m\u00edt\u00f3g\u00e9p el\u00e9 \u00e9s egy\u00fctt n\u00e9zegettek frenetikus tortakre\u00e1lm\u00e1nyokat&#8230; (ja, \u00e9n sim\u00e1n belefutottam ebbe a hib\u00e1ba)<br \/>\n4. V\u00e1s\u00e1rold be a hozz\u00e1val\u00f3kat, \u00e9s <strong>ha m\u00e9gis<\/strong> kihagysz valamit, riasztd a f\u00e9rjedet!<\/p>\n<p style=\"text-align: justify\">Az egyik fontos alapanyag a <strong>marcip\u00e1n<\/strong>. Napokig tart, m\u00edg megtal\u00e1lod a legolcs\u00f3bb beszerz\u00e9si helyet (ami egy\u00e9bk\u00e9nt a net, ha van el\u00e9g id\u0151d). \u00c9n nem sz\u00f3rakoztam a sz\u00ednez\u00e9ssel, mivel kor\u00e1bban azt tapasztaltam, szerencse k\u00e9rd\u00e9se, melyik \u00e9telfest\u00e9k hoz olyan v\u00e9geredm\u00e9nyt, amilyet szeretn\u00e9k. \u00cdgy vettem 2 t\u00f6mb piros marcip\u00e1nt \u00e9s &#8222;gyurmarcit&#8221;, azaz szines marcip\u00e1n rudacsk\u00e1kat (egy zacsiban 6 sz\u00edn van, barn\u00e1t\u00f3l a s\u00e1rg\u00e1n \u00e1t a z\u00f6ldig &#8211; pont minden, ami egy fasza verd\u00e1s kocsihoz kell).<\/p>\n<p style=\"text-align: justify\"><strong>A t\u00e9szta n\u00e1lam egy kor\u00e1bbi j\u00f3l bev\u00e1lt csokis muffin<\/strong> recept alapj\u00e1n k\u00e9sz\u00fclt, csak \u00e9ppen kapszlik helyett most egy hatalmas \u00e9s egy kisebb lapot s\u00fct\u00f6ttem, ami k\u00e9t adag massz\u00e1t jelentett. (Receptek az oldal alj\u00e1n!) A muffin massz\u00edvabb \u00e9s k\u00f6nnyebben v\u00e1ghat\u00f3, farigcs\u00e1lhat\u00f3, mint a pisk\u00f3ta, \u00e9lvezeti \u00e9rt\u00e9ke \u00edgy is t\u00f6k\u00e9ly. A t\u00e9szt\u00e1t <strong>s\u00fct\u0151pap\u00edr<\/strong>ra \u00f6nt\u00f6ttem, \u00edgy amikor k\u00e9sz voltak \u00e9s kih\u0171ltek a lapok, \u00e9les k\u00e9ssel, pap\u00edrral egy\u00fctt tudtam darabolni. Nem ragadtak \u00f6ssze, amikor kocsi form\u00e1t igyekeztem \u00f6sszehozni. (Oliv\u00e9r ekkor fel\u00e9bredt a d\u00e9lut\u00e1ni szunyib\u00f3l, megjelent a konyh\u00e1ban \u00e9s azonnal lekapta m\u0171vemr\u0151l a spoilert. Teli sz\u00e1jjal k\u00f6z\u00f6lte, hogy &#8222;Anyacika, ez valami isteni finom s\u00fcti&#8221;. Sz\u00edvroham, szeretetroham ut\u00e1n \u00fajrafaragtam az alkatr\u00e9szt. Hogy Te se t\u00e9pd le el\u0151k\u00f3stol\u00f3 gyereked\/f\u00e9rjed fej\u00e9t, ink\u00e1bb kisebb kocsit k\u00e9sz\u00edts, t\u00f6bb marad\u00e9kkal, \u00edgy lehet orvosolni az amortiz\u00e1ci\u00f3t!)<\/p>\n<div id=\"attachment_294\" style=\"width: 310px\" class=\"wp-caption aligncenter\"><a href=\"https:\/\/agria.hu\/bdioda\/files\/2011\/10\/DSCF4919.jpg\"><img loading=\"lazy\" decoding=\"async\" aria-describedby=\"caption-attachment-294\" class=\"size-medium wp-image-294\" src=\"https:\/\/agria.hu\/bdioda\/files\/2011\/10\/DSCF4919-300x225.jpg\" alt=\"\" width=\"300\" height=\"225\" srcset=\"https:\/\/agria.hu\/bdioda\/files\/2011\/10\/DSCF4919-300x225.jpg 300w, https:\/\/agria.hu\/bdioda\/files\/2011\/10\/DSCF4919-1024x768.jpg 1024w\" sizes=\"auto, (max-width: 300px) 100vw, 300px\" \/><\/a><p id=\"caption-attachment-294\" class=\"wp-caption-text\">A legjobb, ha cs\u00f3rsz a gyerekt\u0151l egy nagyobb j\u00e1t\u00e9kaut\u00f3t \u00e9s az alapj\u00e1n gy\u00e1rtod a tort\u00e1dat! Csak akkor vedd le a s\u00fct\u0151pap\u00edrt a darabok alj\u00e1r\u00f3l, ha m\u00e1r minden tuti, csak akr\u00e9m kell.<\/p><\/div>\n<p>Amikor nagyj\u00e1b\u00f3l \u00f6ssze\u00e1llt a v\u00e1z, <strong>kr\u00e9mmel \u00e1ll\u00edtsd \u00f6ssze a kocsit<\/strong>. <a href=\"https:\/\/agria.hu\/bdioda\/files\/2011\/10\/DSCF4920.jpg\"><img loading=\"lazy\" decoding=\"async\" class=\"alignright size-medium wp-image-295\" src=\"https:\/\/agria.hu\/bdioda\/files\/2011\/10\/DSCF4920-300x225.jpg\" alt=\"\" width=\"300\" height=\"225\" srcset=\"https:\/\/agria.hu\/bdioda\/files\/2011\/10\/DSCF4920-300x225.jpg 300w, https:\/\/agria.hu\/bdioda\/files\/2011\/10\/DSCF4920-1024x768.jpg 1024w\" sizes=\"auto, (max-width: 300px) 100vw, 300px\" \/><\/a>\u00c9n a lapok,alkatr\u00e9szek k\u00f6z\u00e9 csokis-pudingos-vajas kr\u00e9met kentem \u00e9s v\u00e9g\u00fcl k\u00edv\u00fclr\u0151l is tot\u00e1l bemaszatoltam. A vajas kr\u00e9m fogja majd meg a marcip\u00e1nt, fontos, hogy nem kiz\u00e1r\u00f3lagos puding-kr\u00e9met haszn\u00e1lj, mert k\u00f6nnyen lev\u00e1lhat a &#8222;matrica&#8221;.<\/p>\n<p style=\"text-align: justify\">A f\u00e9lk\u00e9sz alkot\u00e1s h\u0171t\u0151ben csitult egy \u00e9jszak\u00e1t, majd j\u00f6tt a <strong>m\u0171v\u00e9szked\u00e9s<\/strong>.<\/p>\n<p style=\"text-align: justify\">Lesim\u00edtottam a kr\u00e9met, kiny\u00fajtottam f\u00f3lia k\u00f6z\u00f6tt a piros marcip\u00e1nt. <a href=\"https:\/\/agria.hu\/bdioda\/files\/2011\/10\/DSCF4924.jpg\"><img loading=\"lazy\" decoding=\"async\" class=\"alignright size-thumbnail wp-image-296\" src=\"https:\/\/agria.hu\/bdioda\/files\/2011\/10\/DSCF4924-150x150.jpg\" alt=\"\" width=\"150\" height=\"150\" \/><\/a>Ha a marcip\u00e1n sz\u00e9le t\u00f6redezik, langyos vizes k\u00e9zzel gy\u00fard \u00e1t egy kicsit! Nem kell el\u00e1ztatni, mert a meleg is seg\u00edt a form\u00e1z\u00e1sban. Ha a nagy lapot sike\u00fclt kiny\u00fajtani, a f\u00f3lia seg\u00edts\u00e9g\u00e9vel ter\u00edtsd be a tort\u00e1t, sim\u00edtsd el a sz\u00e9leket! Nem baj, ha nem t\u00f6k\u00e9letes, plusz alkatr\u00e9szek \u00e9s d\u00edszek felrak\u00e1s\u00e1val gy\u00f6ny\u00f6r\u0171en el lehet takarni a kritikus r\u00e9szeket!<\/p>\n<div class=\"mceTemp mceIEcenter\">\n<div id=\"attachment_297\" style=\"width: 310px\" class=\"wp-caption alignnone\"><a href=\"https:\/\/agria.hu\/bdioda\/files\/2011\/10\/DSCF4925.jpg\"><img loading=\"lazy\" decoding=\"async\" aria-describedby=\"caption-attachment-297\" class=\"size-medium wp-image-297\" src=\"https:\/\/agria.hu\/bdioda\/files\/2011\/10\/DSCF4925-300x225.jpg\" alt=\"\" width=\"300\" height=\"225\" srcset=\"https:\/\/agria.hu\/bdioda\/files\/2011\/10\/DSCF4925-300x225.jpg 300w, https:\/\/agria.hu\/bdioda\/files\/2011\/10\/DSCF4925-1024x768.jpg 1024w\" sizes=\"auto, (max-width: 300px) 100vw, 300px\" \/><\/a><p id=\"caption-attachment-297\" class=\"wp-caption-text\">Ha t\u00fal vagy a piros r\u00e9szen, l\u00e9legezz fel! Ez volt a neheze...<\/p><\/div>\n<\/div>\n<p>Most m\u00e1r csak a bels\u0151 k\u00e9sztet\u00e9sednek kell engedned, <strong>gyurm\u00e1zz kedvedre<\/strong>!<\/p>\n<div id=\"attachment_305\" style=\"width: 160px\" class=\"wp-caption alignnone\"><a href=\"https:\/\/agria.hu\/bdioda\/files\/2011\/10\/felni.jpg\"><img loading=\"lazy\" decoding=\"async\" aria-describedby=\"caption-attachment-305\" class=\"size-thumbnail wp-image-305\" src=\"https:\/\/agria.hu\/bdioda\/files\/2011\/10\/felni-150x150.jpg\" alt=\"\" width=\"150\" height=\"150\" \/><\/a><p id=\"caption-attachment-305\" class=\"wp-caption-text\">Felnigy\u00e1rt\u00e1s l\u00e1zcsillap\u00edt\u00f3 adagol\u00f3j\u00e1val<\/p><\/div>\n<p style=\"text-align: justify\">J\u00f6hetnek a szemek, a kerekek, kipufog\u00f3, a fest\u00e9s, felirat stb. \u00c9n egy kis csillag csavarh\u00faz\u00f3t is haszn\u00e1ltam d\u00edsz\u00edt\u00e9sn\u00e9l, de volt a pultomon flakon-kupak, kis poh\u00e1r, kiskan\u00e1l, nagykan\u00e1l, te\u00e1skan\u00e1l&#8230; <a href=\"https:\/\/agria.hu\/bdioda\/files\/2011\/10\/disz.jpg\"><img loading=\"lazy\" decoding=\"async\" class=\"alignright size-thumbnail wp-image-298\" src=\"https:\/\/agria.hu\/bdioda\/files\/2011\/10\/disz-150x150.jpg\" alt=\"\" width=\"150\" height=\"150\" \/><\/a><\/p>\n<p style=\"text-align: justify\"><strong>Ha a torta pisilni kezd<\/strong> (magyarul olvad a kr\u00e9m \u00e9s a marcip\u00e1n), rakd h\u0171t\u0151be \u00e9s csak k\u00e9s\u0151bb folytasd a munk\u00e1t!<\/p>\n<p style=\"text-align: justify\"><strong>Miut\u00e1n k\u00e9sz vagy<\/strong>, fot\u00f3zd le (m\u00e9g b\u00e1rmi tort\u00e9nhet, kell bizony\u00edt\u00e9k, hogy Te megcsin\u00e1ltad!)\u00e9s remeg\u0151 k\u00e9zzel tedd h\u0171t\u0151be! Ez nem volt semmi! Jutalmazd meg magad! Az \u00e9dess\u00e9gt\u0151l eddigre \u00fagyis megundorodsz, sz\u00f3val ink\u00e1bb igy\u00e1l valami alkoholt.<\/p>\n<p style=\"text-align: justify\"><a href=\"https:\/\/agria.hu\/bdioda\/files\/2011\/10\/haromoldal.jpg\"><img loading=\"lazy\" decoding=\"async\" class=\"alignnone size-medium wp-image-301\" src=\"https:\/\/agria.hu\/bdioda\/files\/2011\/10\/haromoldal-300x225.jpg\" alt=\"\" width=\"300\" height=\"225\" srcset=\"https:\/\/agria.hu\/bdioda\/files\/2011\/10\/haromoldal-300x225.jpg 300w, https:\/\/agria.hu\/bdioda\/files\/2011\/10\/haromoldal-1024x768.jpg 1024w, https:\/\/agria.hu\/bdioda\/files\/2011\/10\/haromoldal.jpg 1824w\" sizes=\"auto, (max-width: 300px) 100vw, 300px\" \/><\/a><a href=\"https:\/\/agria.hu\/bdioda\/files\/2011\/10\/egyoldal.jpg\"><img loading=\"lazy\" decoding=\"async\" class=\"alignnone size-medium wp-image-302\" src=\"https:\/\/agria.hu\/bdioda\/files\/2011\/10\/egyoldal-300x225.jpg\" alt=\"\" width=\"300\" height=\"225\" srcset=\"https:\/\/agria.hu\/bdioda\/files\/2011\/10\/egyoldal-300x225.jpg 300w, https:\/\/agria.hu\/bdioda\/files\/2011\/10\/egyoldal-1024x768.jpg 1024w, https:\/\/agria.hu\/bdioda\/files\/2011\/10\/egyoldal.jpg 1824w\" sizes=\"auto, (max-width: 300px) 100vw, 300px\" \/><\/a><\/p>\n<div id=\"attachment_300\" style=\"width: 310px\" class=\"wp-caption aligncenter\"><a href=\"https:\/\/agria.hu\/bdioda\/files\/2011\/10\/ketoldal1.jpg\"><img loading=\"lazy\" decoding=\"async\" aria-describedby=\"caption-attachment-300\" class=\"size-medium wp-image-300\" src=\"https:\/\/agria.hu\/bdioda\/files\/2011\/10\/ketoldal1-300x225.jpg\" alt=\"\" width=\"300\" height=\"225\" srcset=\"https:\/\/agria.hu\/bdioda\/files\/2011\/10\/ketoldal1-300x225.jpg 300w, https:\/\/agria.hu\/bdioda\/files\/2011\/10\/ketoldal1-1024x768.jpg 1024w, https:\/\/agria.hu\/bdioda\/files\/2011\/10\/ketoldal1.jpg 1824w\" sizes=\"auto, (max-width: 300px) 100vw, 300px\" \/><\/a><p id=\"caption-attachment-300\" class=\"wp-caption-text\">Gratula minden anyuk\u00e1nak, aki v\u00e1llalja az eff\u00e9le kih\u00edv\u00e1sokat! (Ne legyenek ill\u00fazi\u00f3id, p\u00e1r \u00e9v \u00e9s mi is cukr\u00e1szd\u00e1ba megy\u00fcnk.)<\/p><\/div>\n<p style=\"text-align: justify\"><strong>Muffin-alap recept:<\/strong><br \/>\n38 dkg liszt<br \/>\n1 cs. s\u00fct\u0151por<br \/>\n3 ev\u0151kan\u00e1l kaka\u00f3por<br \/>\n15 dkg cukor<br \/>\n2 toj\u00e1s<br \/>\n2 dl tejf\u00f6l<br \/>\n1,5 dl tej<br \/>\n0,5 dl olaj<br \/>\nA foly\u00e9kony \u00e9s szil\u00e1rd alapanyagokat k\u00fcl\u00f6n \u00f6sszekeverj\u00fck, majd mehet egybe a cucc. Kb. 30 percig s\u00fctj\u00fck, k\u00f6zepes l\u00e1ngon. (Muffink\u00e9nt is pr\u00f3b\u00e1ld ki, de akkor rakj bele 30 dkg darabolt csokit!)<\/p>\n<p style=\"text-align: justify\"><strong>Kr\u00e9m:<\/strong><br \/>\n25 dkg margarin v. vaj<br \/>\n3 ek. kaka\u00f3por<br \/>\n2 ek. cukor<br \/>\n1 pudingpor<br \/>\n3 dl tej<br \/>\nA pudingot f\u0151zd meg a tejben, h\u0171tsd ki. A cukrot keverd habosra a vajjal, ut\u00e1na az eg\u00e9szet sz\u00e9pen dolgozd \u00f6ssze. Tuningolhatod reszelt csokival, de el\u00e9g \u00e9des \u00edgy is. Tedd h\u0171t\u0151be egy kicsit, miel\u0151tt a tort\u00e1ra rakod!<\/p>\n","protected":false},"excerpt":{"rendered":"<p>Az al\u00e1bbiakban, kedves elsz\u00e1nt, \u00e9rdekl\u0151d\u0151 Anyuka, le\u00edrom, hogyan tudsz olyan Verda-tort\u00e1t k\u00e9sz\u00edteni a fiadnak, amilyet \u00e9n csin\u00e1ltam. Ne agg\u00f3dj, ha nekem ment, Neked is siker\u00fclni fog! L\u00e1ssuk az el\u0151k\u00e9sz\u00fcleteket: 1. Ha olyan k\u00e9tbalkezes vagy a konyh\u00e1ban, mint \u00e9n, el\u0151sz\u00f6r gondold &hellip; <a href=\"https:\/\/agria.hu\/bdioda\/2011\/10\/08\/verda-torta-ala-dia-avagy-hogyan-legy-te-a-cakeboss\/\">Egy kattint\u00e1s ide a folytat\u00e1shoz&#8230;. <span class=\"meta-nav\">&rarr;<\/span><\/a><\/p>\n","protected":false},"author":59,"featured_media":0,"comment_status":"open","ping_status":"open","sticky":false,"template":"","format":"standard","meta":{"footnotes":""},"categories":[5,1,16],"tags":[],"class_list":["post-292","post","type-post","status-publish","format-standard","hentry","category-liszterzekeny-vagyok-de-nem-ez-hataroz-meg","category-nincs-kategorizalva","category-okoskodos-megmondos"],"_links":{"self":[{"href":"https:\/\/agria.hu\/bdioda\/wp-json\/wp\/v2\/posts\/292","targetHints":{"allow":["GET"]}}],"collection":[{"href":"https:\/\/agria.hu\/bdioda\/wp-json\/wp\/v2\/posts"}],"about":[{"href":"https:\/\/agria.hu\/bdioda\/wp-json\/wp\/v2\/types\/post"}],"author":[{"embeddable":true,"href":"https:\/\/agria.hu\/bdioda\/wp-json\/wp\/v2\/users\/59"}],"replies":[{"embeddable":true,"href":"https:\/\/agria.hu\/bdioda\/wp-json\/wp\/v2\/comments?post=292"}],"version-history":[{"count":6,"href":"https:\/\/agria.hu\/bdioda\/wp-json\/wp\/v2\/posts\/292\/revisions"}],"predecessor-version":[{"id":815,"href":"https:\/\/agria.hu\/bdioda\/wp-json\/wp\/v2\/posts\/292\/revisions\/815"}],"wp:attachment":[{"href":"https:\/\/agria.hu\/bdioda\/wp-json\/wp\/v2\/media?parent=292"}],"wp:term":[{"taxonomy":"category","embeddable":true,"href":"https:\/\/agria.hu\/bdioda\/wp-json\/wp\/v2\/categories?post=292"},{"taxonomy":"post_tag","embeddable":true,"href":"https:\/\/agria.hu\/bdioda\/wp-json\/wp\/v2\/tags?post=292"}],"curies":[{"name":"wp","href":"https:\/\/api.w.org\/{rel}","templated":true}]}}