{"id":282,"date":"2011-10-07T06:06:59","date_gmt":"2011-10-07T06:06:59","guid":{"rendered":"https:\/\/agria.hu\/bdioda\/?p=282"},"modified":"2013-05-05T16:46:46","modified_gmt":"2013-05-05T16:46:46","slug":"az-onallo-gyerek","status":"publish","type":"post","link":"https:\/\/agria.hu\/bdioda\/2011\/10\/07\/az-onallo-gyerek\/","title":{"rendered":"Az \u00f6n\u00e1ll\u00f3 gyerek"},"content":{"rendered":"<div class=\"fblikebutton_button\" style=\"float: right; margin-left: 10px;\"><iframe src=\"http:\/\/www.facebook.com\/plugins\/like.php?href=https%3A%2F%2Fagria.hu%2Fbdioda%2F2011%2F10%2F07%2Faz-onallo-gyerek%2F&amp;layout=standard&amp;show-faces=false&amp;width=450&amp;action=recommend&amp;colorscheme=dark\" scrolling=\"no\" frameborder=\"0\" allowTransparency=\"true\" style=\"border:none; overflow:hidden; width:450px; height:26px\"><\/iframe><\/div>\n<p>S\u00e9t\u00e1lunk a tacsk\u00f3 \u00e1ruh\u00e1zban, Oli d\u00f6lyf\u00f6sen \u00fcl a szek\u00e9r \u00fcl\u0151k\u00e9j\u00e9n. Idilli hangulat, egy gyerekkel ugyanis kevesebb, Liza m\u00e9g a nagyit ny\u00fazza.<br \/>\nAp\u00e1nak bej\u00f6n az \u00faj, lila neccharisny\u00e1m, \u00f6lelget, lenyom egy cuppant\u00f3st. Oli sand\u00e1n vigyorog, tetszik is neki a dolog, meg nem is.<br \/>\n&#8211; Jaj, sz\u00edvem, de j\u00f3l n\u00e9zel ki, mindgy\u00e1rt megzab\u00e1llak! Kisfiam, mi lesz veled, ha \u00e9n Anyacik\u00e1t csak \u00fagy felzab\u00e1lom?<\/p>\n<p style=\"text-align: justify\">Oli megr\u00e1ntja a v\u00e1ll\u00e1t \u00e9s komisz mosoly k\u00eds\u00e9ret\u00e9ben kijelenti:<\/p>\n<p style=\"text-align: justify\">&#8211; V\u00e1s\u00e1rolok egyed\u00fcl! <a href=\"https:\/\/agria.hu\/bdioda\/files\/2011\/10\/20111001-megerte.jpg\"><img loading=\"lazy\" decoding=\"async\" class=\"alignright size-medium wp-image-278\" src=\"https:\/\/agria.hu\/bdioda\/files\/2011\/10\/20111001-megerte-216x300.jpg\" alt=\"\" width=\"216\" height=\"300\" srcset=\"https:\/\/agria.hu\/bdioda\/files\/2011\/10\/20111001-megerte-216x300.jpg 216w, https:\/\/agria.hu\/bdioda\/files\/2011\/10\/20111001-megerte-737x1024.jpg 737w\" sizes=\"auto, (max-width: 216px) 100vw, 216px\" \/><\/a><\/p>\n","protected":false},"excerpt":{"rendered":"<p>S\u00e9t\u00e1lunk a tacsk\u00f3 \u00e1ruh\u00e1zban, Oli d\u00f6lyf\u00f6sen \u00fcl a szek\u00e9r \u00fcl\u0151k\u00e9j\u00e9n. Idilli hangulat, egy gyerekkel ugyanis kevesebb, Liza m\u00e9g a nagyit ny\u00fazza. Ap\u00e1nak bej\u00f6n az \u00faj, lila neccharisny\u00e1m, \u00f6lelget, lenyom egy cuppant\u00f3st. Oli sand\u00e1n vigyorog, tetszik is neki a dolog, meg &hellip; <a href=\"https:\/\/agria.hu\/bdioda\/2011\/10\/07\/az-onallo-gyerek\/\">Egy kattint\u00e1s ide a folytat\u00e1shoz&#8230;. <span class=\"meta-nav\">&rarr;<\/span><\/a><\/p>\n","protected":false},"author":59,"featured_media":0,"comment_status":"open","ping_status":"open","sticky":false,"template":"","format":"standard","meta":{"footnotes":""},"categories":[4,1,17],"tags":[],"class_list":["post-282","post","type-post","status-publish","format-standard","hentry","category-csaladi-sztori","category-nincs-kategorizalva","category-roppencsek"],"_links":{"self":[{"href":"https:\/\/agria.hu\/bdioda\/wp-json\/wp\/v2\/posts\/282","targetHints":{"allow":["GET"]}}],"collection":[{"href":"https:\/\/agria.hu\/bdioda\/wp-json\/wp\/v2\/posts"}],"about":[{"href":"https:\/\/agria.hu\/bdioda\/wp-json\/wp\/v2\/types\/post"}],"author":[{"embeddable":true,"href":"https:\/\/agria.hu\/bdioda\/wp-json\/wp\/v2\/users\/59"}],"replies":[{"embeddable":true,"href":"https:\/\/agria.hu\/bdioda\/wp-json\/wp\/v2\/comments?post=282"}],"version-history":[{"count":10,"href":"https:\/\/agria.hu\/bdioda\/wp-json\/wp\/v2\/posts\/282\/revisions"}],"predecessor-version":[{"id":833,"href":"https:\/\/agria.hu\/bdioda\/wp-json\/wp\/v2\/posts\/282\/revisions\/833"}],"wp:attachment":[{"href":"https:\/\/agria.hu\/bdioda\/wp-json\/wp\/v2\/media?parent=282"}],"wp:term":[{"taxonomy":"category","embeddable":true,"href":"https:\/\/agria.hu\/bdioda\/wp-json\/wp\/v2\/categories?post=282"},{"taxonomy":"post_tag","embeddable":true,"href":"https:\/\/agria.hu\/bdioda\/wp-json\/wp\/v2\/tags?post=282"}],"curies":[{"name":"wp","href":"https:\/\/api.w.org\/{rel}","templated":true}]}}