{"id":28,"date":"2011-01-04T14:22:08","date_gmt":"2011-01-04T14:22:08","guid":{"rendered":"https:\/\/agria.hu\/bdioda\/?p=28"},"modified":"2013-05-05T16:39:27","modified_gmt":"2013-05-05T16:39:27","slug":"nepesedespolitika-en-duplazok-ok-feleznek","status":"publish","type":"post","link":"https:\/\/agria.hu\/bdioda\/2011\/01\/04\/nepesedespolitika-en-duplazok-ok-feleznek\/","title":{"rendered":"N\u00e9pesed\u00e9spolitika? \u00c9n dupl\u00e1zok, \u0151k feleznek!"},"content":{"rendered":"<div class=\"fblikebutton_button\" style=\"float: right; margin-left: 10px;\"><iframe src=\"http:\/\/www.facebook.com\/plugins\/like.php?href=https%3A%2F%2Fagria.hu%2Fbdioda%2F2011%2F01%2F04%2Fnepesedespolitika-en-duplazok-ok-feleznek%2F&amp;layout=standard&amp;show-faces=false&amp;width=450&amp;action=recommend&amp;colorscheme=dark\" scrolling=\"no\" frameborder=\"0\" allowTransparency=\"true\" style=\"border:none; overflow:hidden; width:450px; height:26px\"><\/iframe><\/div>\n<p><span style=\"font-size: small\"><\/p>\n<p style=\"text-align: justify\">\nK\u00e9tszer annyi gyerekem van, mint tavaly (ami egy\u00e9bk\u00e9nt kett\u0151t jelent), a dupl\u00e1z\u00e1s\u00e9rt GYED-felez\u00e9ssel &#8222;jutalmazott&#8221; az \u00e1llam. &#8211; Ez egy sajn\u00e1latos jogh\u00e9zag &#8211; hallom most is az eg\u00e9szs\u00e9gbiztos\u00edt\u00f3 jog\u00e1sz\u00e1nak hangj\u00e1t. Kir\u00e1ly&#8230;<\/p>\n<p><strong>Nem panaszkodni, d\u00fch\u00f6ngeni akarok!<br \/>\n<\/strong><br \/>\n\u00c9veken \u00e1t fizetgettem t\u00e1rsas v\u00e1llalkoz\u00e1s tagjak\u00e9nt a j\u00e1rul\u00e9kokat, sosem minim\u00e1lb\u00e9r ut\u00e1n, mert egyr\u00e9szt becs\u00fcletes \u00e1llampolg\u00e1r vagyok, m\u00e1sr\u00e9szt j\u00f3 ideig akt\u00edvan dolgoztunk els\u0151 ut\u00f3dunk l\u00e9trehoz\u00e1s\u00e1n. Biztos ell\u00e1t\u00e1st, norm\u00e1lis GYED-et akartam a bab\u00e1z\u00f3s id\u0151szakra. A csemete \u00f6sszej\u00f6tt, s b\u00e1r anyagilag a v\u00e1rtn\u00e1l megterhel\u0151bbnek bizonyult gyermekem pelenka- \u00e9s t\u00e1pszerig\u00e9nye, minden a legnagyobb rendben ment. A nagy boldogs\u00e1gban ripsz-ropsz megint teherbe estem, ami az els\u0151 baba 6 \u00e9ves gy\u00e1rt\u00e1si idej\u00e9hez k\u00e9pest igaz\u00e1n figyelemre m\u00e9lt\u00f3. Mind\u00f6ssze 15 h\u00f3nap kork\u00fcl\u00f6nbs\u00e9gel sz\u00fclettek a gyerekeim.<\/p>\n<p style=\"text-align: justify\">Kicsit megijedtem az &#8222;egyik kicsi, m\u00e1sik pici&#8221; fel\u00e1ll\u00e1st\u00f3l, de <strong>\u00f6r\u00fcltem, hogy m\u00e1s k\u00e9tgyerekesek 4-6 \u00e9ves otthon marad\u00e1s\u00e1hoz k\u00e9pest \u00e9n 3 \u00e9v alatt letudom a munk\u00e1n k\u00edv\u00fcl t\u00f6l\u00f6tt \u00e9veket<\/strong>. GYED-en voltam az els\u0151 gyermekemmel, amikor a m\u00e1sik sz\u00fcletett. Letelt az els\u0151 ell\u00e1t\u00e1s, ig\u00e9nyeltem a Ketteske k\u00e9t\u00e9ves kor\u00e1ig j\u00e1r\u00f3 p\u00e9nzt. Akkor j\u00f6tt a kopp. Kb. fele annyit kaptam, mint kor\u00e1bban. Hi\u00e1ba van \u00e1prilis \u00f3ta t\u00f6rv\u00e9nybe iktatva, hogy aki ell\u00e1t\u00e1sban r\u00e9szes\u00fcl, amikor sz\u00fcl, ugyanazt a p\u00e9nzt kell kapnia, mert az \u00e9n l\u00e1nyom janu\u00e1ri, csak az akkor \u00e9rv\u00e9nyben l\u00e9v\u0151 jogszab\u00e1lyokat lehet figyelembe venni. Akkor m\u00e9g az a t\u00e9tel sz\u00e1m\u00edtott, hogy a t\u00e1rsas v\u00e1llalkoz\u00f3k ell\u00e1t\u00e1s\u00e1t t\u00e9nyleges j\u00f6vedelem hi\u00e1ny\u00e1ban a minim\u00e1lb\u00e9r alapj\u00e1n kell meg\u00e1llap\u00edtani. H\u00e1t persze, hogy nem volt t\u00e9nyleges j\u00f6vedelmem, hiszen GYED-en voltam! Jah! Arr\u00f3l a bosszant\u00f3 dologr\u00f3l nem is besz\u00e9lve, hogy a t\u00e1rsas v\u00e1llalkoz\u00e1sban is munkaviszony keret\u00e9ben dolgoztam!<\/p>\n<p style=\"text-align: justify\"><strong>Hi\u00e1ba sz\u00f3lnak a h\u00edrek a fantasztikus csal\u00e1di ad\u00f3kedvezm\u00e9nyekr\u0151l, engem ugyan nem v\u00edgasztal!<\/strong> Ha nincs mib\u0151l ig\u00e9nybe venni, akkor mit kezdjek vele?<\/p>\n<p style=\"text-align: justify\">Bosszant, hogy m\u00edg \u00e9n csak 3 \u00e9vet tervezek az \u00e1llam p\u00e9nz\u00e9b\u0151l \u00e9lni, s ut\u00e1na visszat\u00e9rek az ad\u00f3fizet\u0151k t\u00e1bor\u00e1ba, m\u00e1sok hossz\u00fa \u00e9vekig kapnak ell\u00e1t\u00e1st mindenf\u00e9le c\u00edmen, mik\u00f6zben sutyi-mel\u00f3val plusz p\u00e9nzhez jutnak. De nem \u0151ket hib\u00e1ztatom&#8230;<\/p>\n<p><\/span><\/p>\n","protected":false},"excerpt":{"rendered":"<p>K\u00e9tszer annyi gyerekem van, mint tavaly (ami egy\u00e9bk\u00e9nt kett\u0151t jelent), a dupl\u00e1z\u00e1s\u00e9rt GYED-felez\u00e9ssel &#8222;jutalmazott&#8221; az \u00e1llam. &#8211; Ez egy sajn\u00e1latos jogh\u00e9zag &#8211; hallom most is az eg\u00e9szs\u00e9gbiztos\u00edt\u00f3 jog\u00e1sz\u00e1nak hangj\u00e1t. Kir\u00e1ly&#8230; Nem panaszkodni, d\u00fch\u00f6ngeni akarok! \u00c9veken \u00e1t fizetgettem t\u00e1rsas v\u00e1llalkoz\u00e1s tagjak\u00e9nt &hellip; <a href=\"https:\/\/agria.hu\/bdioda\/2011\/01\/04\/nepesedespolitika-en-duplazok-ok-feleznek\/\">Egy kattint\u00e1s ide a folytat\u00e1shoz&#8230;. <span class=\"meta-nav\">&rarr;<\/span><\/a><\/p>\n","protected":false},"author":59,"featured_media":0,"comment_status":"open","ping_status":"open","sticky":false,"template":"","format":"standard","meta":{"footnotes":""},"categories":[4,1,16],"tags":[],"class_list":["post-28","post","type-post","status-publish","format-standard","hentry","category-csaladi-sztori","category-nincs-kategorizalva","category-okoskodos-megmondos"],"_links":{"self":[{"href":"https:\/\/agria.hu\/bdioda\/wp-json\/wp\/v2\/posts\/28","targetHints":{"allow":["GET"]}}],"collection":[{"href":"https:\/\/agria.hu\/bdioda\/wp-json\/wp\/v2\/posts"}],"about":[{"href":"https:\/\/agria.hu\/bdioda\/wp-json\/wp\/v2\/types\/post"}],"author":[{"embeddable":true,"href":"https:\/\/agria.hu\/bdioda\/wp-json\/wp\/v2\/users\/59"}],"replies":[{"embeddable":true,"href":"https:\/\/agria.hu\/bdioda\/wp-json\/wp\/v2\/comments?post=28"}],"version-history":[{"count":6,"href":"https:\/\/agria.hu\/bdioda\/wp-json\/wp\/v2\/posts\/28\/revisions"}],"predecessor-version":[{"id":826,"href":"https:\/\/agria.hu\/bdioda\/wp-json\/wp\/v2\/posts\/28\/revisions\/826"}],"wp:attachment":[{"href":"https:\/\/agria.hu\/bdioda\/wp-json\/wp\/v2\/media?parent=28"}],"wp:term":[{"taxonomy":"category","embeddable":true,"href":"https:\/\/agria.hu\/bdioda\/wp-json\/wp\/v2\/categories?post=28"},{"taxonomy":"post_tag","embeddable":true,"href":"https:\/\/agria.hu\/bdioda\/wp-json\/wp\/v2\/tags?post=28"}],"curies":[{"name":"wp","href":"https:\/\/api.w.org\/{rel}","templated":true}]}}