{"id":270,"date":"2011-10-05T06:21:22","date_gmt":"2011-10-05T06:21:22","guid":{"rendered":"https:\/\/agria.hu\/bdioda\/?p=270"},"modified":"2011-10-05T06:39:48","modified_gmt":"2011-10-05T06:39:48","slug":"pom-pom-pom","status":"publish","type":"post","link":"https:\/\/agria.hu\/bdioda\/2011\/10\/05\/pom-pom-pom\/","title":{"rendered":"Pom-pom-pom"},"content":{"rendered":"<div class=\"fblikebutton_button\" style=\"float: right; margin-left: 10px;\"><iframe src=\"http:\/\/www.facebook.com\/plugins\/like.php?href=https%3A%2F%2Fagria.hu%2Fbdioda%2F2011%2F10%2F05%2Fpom-pom-pom%2F&amp;layout=standard&amp;show-faces=false&amp;width=450&amp;action=recommend&amp;colorscheme=dark\" scrolling=\"no\" frameborder=\"0\" allowTransparency=\"true\" style=\"border:none; overflow:hidden; width:450px; height:26px\"><\/iframe><\/div>\n<p>&nbsp;<\/p>\n<p>Sz\u00fclinapot \u00fclt\u00fcnk a h\u00e9tv\u00e9g\u00e9n, Oli mindj\u00e1rt 3 \u00e9ves. A nagy napon kezdj\u00fck az ovit is, \u00edgy a csal\u00e1di d\u00ednom-d\u00e1nomot kicsit el\u0151re hoztuk. Heteket k\u00e9sz\u00fcltem a meglepet\u00e9ssel, kutattam a megfelel\u0151 aj\u00e1nd\u00e9kot, a t\u00f6k\u00e9letes \u00e9lm\u00e9nyt, a felejthetetlen sz\u00fclinap z\u00e1log\u00e1t&#8230;<\/p>\n<p style=\"text-align: justify\">Oliv\u00e9r \u00faj \u00e1gyat kapott, nagyfi\u00fasat, r\u00e1csok n\u00e9lk\u00fclit, s\u0151t aut\u00f3 form\u00e1j\u00fat! A leped\u0151re felrajzoltam a m\u0171szerfalat, sebv\u00e1lt\u00f3t, a ped\u00e1lokat, m\u00e9g a kl\u00edm\u00e1t \u00e9s az ablakmos\u00f3t is odakanyar\u00edtottam textilfilccel (amit mellesleg az\u00e9rt vettem, hogy ovis jeleket rajzoljak a ruh\u00e1kba, de arra teljesen haszn\u00e1lhatatlan).<\/p>\n<p style=\"text-align: justify\">A sz\u00fclinapi torta is aut\u00f3s lett, s\u0151t Verd\u00e1s! A konyhai k\u00e9tbalkezes zseni\u00e1lisat alkotott &#8211; azaz magam k\u00e9sz\u00edtettem a kocsi form\u00e1j\u00fa s\u00fctit, vagy h\u00e1rom napi munka r\u00e9v\u00e9n. \u00c9n, aki kilocsol, sz\u00e9tsz\u00f3r \u00e9s elejt mindent a f\u0151z\u00e9sre fenntartott helyis\u00e9gben, eg\u00e9szen megt\u00e1ltosodtam. Gondoln\u00e1nk, hogy egy h\u00e1rom\u00e9vesnek mindegy, hogy cukr\u00e1szdai, vagy anya-s\u00fct\u00f6tte a tort\u00e1ja, de nem! A zs\u00far ut\u00e1n napokkal is emlegette a &#8222;verd\u00e1st&#8221;, a cukr\u00e1szdai, amit nagyi\u00e9k hoztak feled\u00e9sbe mer\u00fclt&#8230;<\/p>\n<p style=\"text-align: justify\">Oli a mam\u00e1j\u00e1n\u00e1l v\u00e1rta a buli startot, m\u00e9g egy nagyot aludt is. Feld\u00edsz\u00edtett\u00fck a lak\u00e1st, lufikat k\u00f6t\u00f6zt\u00fcnk mindenhov\u00e1, s\u00fctik, mini szendvicsek sorakoztak az asztalon. Az ablakb\u00f3l n\u00e9zt\u00fck, j\u00f6n-e m\u00e1r az \u00fcnnepelt.<\/p>\n<p style=\"text-align: justify\">Az Alma egy\u00fcttes Ma van a sz\u00fclinapom c\u00edm\u0171 sz\u00e1ma ment, amikor a Nagyfi\u00fa bel\u00e9pett az ajt\u00f3n (im\u00e1dja azt a zen\u00e9t, sz\u00fclinapt\u00f3l f\u00fcggetlen\u00fcl). Megtorpant, meglep\u0151d\u00f6tt, elv\u00f6r\u00f6s\u00f6d\u00f6tt. Kamill\u00e1zott mindenfel\u00e9, zavar\u00e1ban r\u00f6gt\u00f6n r\u00e1gni kezdte az ujj\u00e1t. Tudta, hogy ez fog t\u00f6rt\u00e9nni, besz\u00e9lt\u00fcnk r\u00f3la \u00e9s m\u00e1s csal\u00e1dtagok k\u00f6sz\u00f6nt\u00e9s\u00e9ben is mindig r\u00e9sztvesz, m\u00e9gis l\u00e1ttam rajta, alig meri elhinni, hogy ez most neki sz\u00f3l.<\/p>\n<p style=\"text-align: justify\">D\u00e9dimamin k\u00edv\u00fcl mindenki elj\u00f6tt, aki sz\u00e1m\u00edt. Nagyn\u00e9ni, nagyb\u00e1csik, nagymam\u00e1k, pap\u00e1k \u00e9s olyan rokonok, akiknek titulus\u00e1t nem is tudom most pontosan, de a l\u00e9nyeg, hogy elj\u00f6tt az eg\u00e9sz CSAL\u00c1DUNK. \u00c9nekelt\u00fcnk k\u00f6z\u00f6sen egy &#8222;Hal\u00e1sz Jutk\u00e1t&#8221;, tortapet\u00e1rd\u00e1t \u00e9s gyerty\u00e1kat gy\u00fajtottunk. Oli eg\u00e9szen var\u00e1szlatos hangulatban volt, nem tudta, mit tegyen, csak n\u00e9zett r\u00e1m, nagy kerek \u00e9s p\u00e1r\u00e1s szemekkel. Akkor \u00e9reztem, hogy ennek a Nagyfi\u00fanak m\u00e9g mindig \u00e9n vagyok az orig\u00f3, ami seg\u00edti eligazodni a vil\u00e1gban, az ismeretlen, izgalmas \u00e9s \u00faj helyzetekben&#8230;<\/p>\n<p style=\"text-align: justify\">K\u00e9s\u0151 este, h\u00e1rman fek\u00fcd\u00fcnk a nagy \u00e1gyban, a Hugica, Oli \u00e9s \u00e9n. M\u00e1r majdnem elnyomott az \u00e1lom, amikor a s\u00f6t\u00e9tben megsz\u00f3lalt Liza:<\/p>\n<p style=\"text-align: justify\">&#8211; Bej\u00f6tt Ojika \u00e9s akko&#8217; \u00e9nekelt\u00fck neki, hogy pom-pom-pom&#8230;<\/p>\n<p>&nbsp;<\/p>\n","protected":false},"excerpt":{"rendered":"<p>&nbsp; Sz\u00fclinapot \u00fclt\u00fcnk a h\u00e9tv\u00e9g\u00e9n, Oli mindj\u00e1rt 3 \u00e9ves. A nagy napon kezdj\u00fck az ovit is, \u00edgy a csal\u00e1di d\u00ednom-d\u00e1nomot kicsit el\u0151re hoztuk. Heteket k\u00e9sz\u00fcltem a meglepet\u00e9ssel, kutattam a megfelel\u0151 aj\u00e1nd\u00e9kot, a t\u00f6k\u00e9letes \u00e9lm\u00e9nyt, a felejthetetlen sz\u00fclinap z\u00e1log\u00e1t&#8230; Oliv\u00e9r \u00faj &hellip; <a href=\"https:\/\/agria.hu\/bdioda\/2011\/10\/05\/pom-pom-pom\/\">Egy kattint\u00e1s ide a folytat\u00e1shoz&#8230;. <span class=\"meta-nav\">&rarr;<\/span><\/a><\/p>\n","protected":false},"author":59,"featured_media":0,"comment_status":"open","ping_status":"open","sticky":false,"template":"","format":"standard","meta":{"footnotes":""},"categories":[4,1],"tags":[],"class_list":["post-270","post","type-post","status-publish","format-standard","hentry","category-csaladi-sztori","category-nincs-kategorizalva"],"_links":{"self":[{"href":"https:\/\/agria.hu\/bdioda\/wp-json\/wp\/v2\/posts\/270","targetHints":{"allow":["GET"]}}],"collection":[{"href":"https:\/\/agria.hu\/bdioda\/wp-json\/wp\/v2\/posts"}],"about":[{"href":"https:\/\/agria.hu\/bdioda\/wp-json\/wp\/v2\/types\/post"}],"author":[{"embeddable":true,"href":"https:\/\/agria.hu\/bdioda\/wp-json\/wp\/v2\/users\/59"}],"replies":[{"embeddable":true,"href":"https:\/\/agria.hu\/bdioda\/wp-json\/wp\/v2\/comments?post=270"}],"version-history":[{"count":9,"href":"https:\/\/agria.hu\/bdioda\/wp-json\/wp\/v2\/posts\/270\/revisions"}],"predecessor-version":[{"id":281,"href":"https:\/\/agria.hu\/bdioda\/wp-json\/wp\/v2\/posts\/270\/revisions\/281"}],"wp:attachment":[{"href":"https:\/\/agria.hu\/bdioda\/wp-json\/wp\/v2\/media?parent=270"}],"wp:term":[{"taxonomy":"category","embeddable":true,"href":"https:\/\/agria.hu\/bdioda\/wp-json\/wp\/v2\/categories?post=270"},{"taxonomy":"post_tag","embeddable":true,"href":"https:\/\/agria.hu\/bdioda\/wp-json\/wp\/v2\/tags?post=270"}],"curies":[{"name":"wp","href":"https:\/\/api.w.org\/{rel}","templated":true}]}}