{"id":262,"date":"2011-09-18T05:53:38","date_gmt":"2011-09-18T05:53:38","guid":{"rendered":"https:\/\/agria.hu\/bdioda\/?p=262"},"modified":"2011-09-18T05:53:38","modified_gmt":"2011-09-18T05:53:38","slug":"divatolvasgatunk","status":"publish","type":"post","link":"https:\/\/agria.hu\/bdioda\/2011\/09\/18\/divatolvasgatunk\/","title":{"rendered":"Divatol(vas)gatunk"},"content":{"rendered":"<div class=\"fblikebutton_button\" style=\"float: right; margin-left: 10px;\"><iframe src=\"http:\/\/www.facebook.com\/plugins\/like.php?href=https%3A%2F%2Fagria.hu%2Fbdioda%2F2011%2F09%2F18%2Fdivatolvasgatunk%2F&amp;layout=standard&amp;show-faces=false&amp;width=450&amp;action=recommend&amp;colorscheme=dark\" scrolling=\"no\" frameborder=\"0\" allowTransparency=\"true\" style=\"border:none; overflow:hidden; width:450px; height:26px\"><\/iframe><\/div>\n<p style=\"text-align: justify\">\u00a0<\/p>\n<p style=\"text-align: justify\">P\u00e1r \u00e9ve egy kolegan\u0151m arr\u00f3l mes\u00e9lt nekem, hogy a kisl\u00e1nya mekkora rajong\u00f3ja Bartos Erika k\u00f6nyveinek. Nekem az \u00edr\u00f3n\u0151 neve nem mondott semmit. Egy kult\u00fartah\u00f3nak \u00e9reztem magam. N\u00e9ztem r\u00e1 boci szemekkel \u00e9s pr\u00f3b\u00e1ltam leplezni tudatlans\u00e1gomat, \u0151 meg csak mondta, mondta, mintha csak pillanatnyi \u00e1ramsz\u00fcnet lenne a fejemben \u00e9s \u00fagyis mindj\u00e1rt eszembe jut, mir\u0151l is sz\u00f3lnak az Anna \u00e9s Peti k\u00f6nyvek. A m\u00falt eme fruszr\u00e1l\u00f3, m\u00e9gis \u00e9des t\u00f6red\u00e9ke csak a napokban t\u00f6rte \u00e1t ism\u00e9t az elm\u00e9met.<br \/>\nId\u0151k\u00f6zben hi\u00e1ba p\u00f3toltam tudatlans\u00e1gomat Bartos Erik\u00e1val kapcsolatban, a gyerekeimnek nem vettem az \u00e1ltala \u00edrt mesek\u00f6nyvekb\u0151l. Egyszer\u0171en az\u00e9rt, mert viszolygok a divat h\u00f3bortokt\u00f3l \u00e9s \u00fagy \u00e9reztem ez is az, az any\u00e1k\u00e9 \u00e9s az ovisok\u00e9. Azt\u00e1n m\u00e9gis lett egy Bogy\u00f3 \u00e9s Bab\u00f3ca k\u00f6tet\u00fcnk, kb. k\u00e9t hete. Na, az\u00f3ta napi k\u00e9tszer olvasok Bartos Erika mes\u00e9t (ha a gyerekeimen m\u00falna, h\u00e1romszor). \u0150k valamilyen rejt\u00e9lyes okb\u00f3l nem unj\u00e1k meg a bogarak barlangi p\u00f3kkal val\u00f3 tal\u00e1lkoz\u00e1s\u00e1nak sztorij\u00e1t, \u00e9n viszont m\u00e1r meg\u0151r\u00fcl\u00f6k t\u0151le, \u00fagyhogy beszereztem m\u00e9g k\u00e9t k\u00f6nyvet az eml\u00edtett \u00edr\u00f3n\u0151t\u0151l. &#8222;Anya az \u00e1rakat is figyeli ugye&#8221;, \u00edgy a vastagabb, t\u00f6bb mes\u00e9t tartalmaz\u00f3, \u00e1m r\u00e9gebbi kiadv\u00e1nyt vettem meg &#8211; az Anna \u00e9s Peti sorozatb\u00f3l. \u00c9s ezt is im\u00e1dj\u00e1k a gyerekeim! Hihetetlen a rajong\u00e1suk, m\u00e1s nem kell, pedig mennyivel gazdas\u00e1gosabb -minden szempontb\u00f3l- a Minden napra egy mese!<br \/>\nVajon meddig tart a gyerekekn\u00e9l a Bartos Erika korszak? Ha tal\u00e1lkozom egykori kolegin\u00e1mmal, biztos megtudakolom.<br \/>\nA kisfiam \u00e9jjel hangosan kiab\u00e1lt:<br \/>\n&#8211; Anyacika, Anyacika! Sz\u00e9lforg\u00f3t kell kivinni! Sz\u00e9lforg\u00f3t&#8230;- majd elszunnyadt ism\u00e9t. Szerintetek mir\u0151l olvastunk este? Oh, igen&#8230; \u00c9s ha nem lenne ez el\u00e9g, reggel odab\u00fajt az \u00e1gyamba, h\u00e1tulr\u00f3l \u00e1t\u00f6lelt, puszilgatni kezdett (azt hittem el\u0151sz\u00f6r, hogy Apa v\u00e9gre k\u00e1v\u00e9val, cs\u00f3kkal \u00e9breszt&#8230;) \u00e9s finoman a f\u00fclembe suttogta:<br \/>\n&#8211; Anyacika! Ugye elolvasod a Bogy\u00f3 \u00e9s Bab\u00f3c\u00e1t!!!<br \/>\nSzinte l\u00e1tom magam, ahogy gyermektelen munkat\u00e1rs-n\u0151imnek magyar\u00e1zom, ki is az a Bartos Erika&#8230;<\/p>\n<p>Az al\u00e1bbi oldalon \u00e9rdekes \u00f6ssze\u00e1ll\u00edt\u00e1st olvashattok arr\u00f3l, a sz\u00fcl\u0151k mi\u00e9rt nem szeretik Bartos Erik\u00e1t, a gyerekek pedig mi\u00e9rt igen. Mellesleg \u00e9n is ut\u00e1lom a szeg\u00e9nyes sz\u00f3kincs\u00e9t, de majd veszek k\u00e9s\u0151bb a gyereknek lexikont is&#8230;<br \/>\n<a href=\"http:\/\/www.origo.hu\/kotvefuzve\/blog\/20110321-a-bartos-erika-virus-miert-utaljak-a-szulok-az.html\">http:\/\/www.origo.hu\/kotvefuzve\/blog\/20110321-a-bartos-erika-virus-miert-utaljak-a-szulok-az.html<\/a><\/p>\n","protected":false},"excerpt":{"rendered":"<p>\u00a0 P\u00e1r \u00e9ve egy kolegan\u0151m arr\u00f3l mes\u00e9lt nekem, hogy a kisl\u00e1nya mekkora rajong\u00f3ja Bartos Erika k\u00f6nyveinek. Nekem az \u00edr\u00f3n\u0151 neve nem mondott semmit. Egy kult\u00fartah\u00f3nak \u00e9reztem magam. N\u00e9ztem r\u00e1 boci szemekkel \u00e9s pr\u00f3b\u00e1ltam leplezni tudatlans\u00e1gomat, \u0151 meg csak mondta, mondta, &hellip; <a href=\"https:\/\/agria.hu\/bdioda\/2011\/09\/18\/divatolvasgatunk\/\">Egy kattint\u00e1s ide a folytat\u00e1shoz&#8230;. <span class=\"meta-nav\">&rarr;<\/span><\/a><\/p>\n","protected":false},"author":59,"featured_media":0,"comment_status":"open","ping_status":"open","sticky":false,"template":"","format":"standard","meta":{"footnotes":""},"categories":[3,1],"tags":[],"class_list":["post-262","post","type-post","status-publish","format-standard","hentry","category-gyerekes-nezopontbol","category-nincs-kategorizalva"],"_links":{"self":[{"href":"https:\/\/agria.hu\/bdioda\/wp-json\/wp\/v2\/posts\/262","targetHints":{"allow":["GET"]}}],"collection":[{"href":"https:\/\/agria.hu\/bdioda\/wp-json\/wp\/v2\/posts"}],"about":[{"href":"https:\/\/agria.hu\/bdioda\/wp-json\/wp\/v2\/types\/post"}],"author":[{"embeddable":true,"href":"https:\/\/agria.hu\/bdioda\/wp-json\/wp\/v2\/users\/59"}],"replies":[{"embeddable":true,"href":"https:\/\/agria.hu\/bdioda\/wp-json\/wp\/v2\/comments?post=262"}],"version-history":[{"count":6,"href":"https:\/\/agria.hu\/bdioda\/wp-json\/wp\/v2\/posts\/262\/revisions"}],"predecessor-version":[{"id":268,"href":"https:\/\/agria.hu\/bdioda\/wp-json\/wp\/v2\/posts\/262\/revisions\/268"}],"wp:attachment":[{"href":"https:\/\/agria.hu\/bdioda\/wp-json\/wp\/v2\/media?parent=262"}],"wp:term":[{"taxonomy":"category","embeddable":true,"href":"https:\/\/agria.hu\/bdioda\/wp-json\/wp\/v2\/categories?post=262"},{"taxonomy":"post_tag","embeddable":true,"href":"https:\/\/agria.hu\/bdioda\/wp-json\/wp\/v2\/tags?post=262"}],"curies":[{"name":"wp","href":"https:\/\/api.w.org\/{rel}","templated":true}]}}