{"id":252,"date":"2011-09-15T06:38:28","date_gmt":"2011-09-15T06:38:28","guid":{"rendered":"https:\/\/agria.hu\/bdioda\/?p=252"},"modified":"2013-05-05T16:38:39","modified_gmt":"2013-05-05T16:38:39","slug":"plazamacskak-karmokat-ki","status":"publish","type":"post","link":"https:\/\/agria.hu\/bdioda\/2011\/09\/15\/plazamacskak-karmokat-ki\/","title":{"rendered":"Pl\u00e1zamacsk\u00e1k, karmokat ki!"},"content":{"rendered":"<div class=\"fblikebutton_button\" style=\"float: right; margin-left: 10px;\"><iframe src=\"http:\/\/www.facebook.com\/plugins\/like.php?href=https%3A%2F%2Fagria.hu%2Fbdioda%2F2011%2F09%2F15%2Fplazamacskak-karmokat-ki%2F&amp;layout=standard&amp;show-faces=false&amp;width=450&amp;action=recommend&amp;colorscheme=dark\" scrolling=\"no\" frameborder=\"0\" allowTransparency=\"true\" style=\"border:none; overflow:hidden; width:450px; height:26px\"><\/iframe><\/div>\n<p style=\"text-align: justify\">\u00a0<\/p>\n<p style=\"text-align: justify\">Az ut\u00f3bbi hetekben kider\u00fclt, nem csak engem zavart az egri pl\u00e1za vesz\u00e9lyes \u00e9s k\u00e9nyelmetlen pelenk\u00e1z\u00f3inak \u00fcgye. Mint <a href=\"https:\/\/agria.hu\/bdioda\/2011\/09\/14\/a-plazamacska-dorombol\/\" target=\"_blank\">kor\u00e1bban \u00edrtam <\/a>r\u00f3la, egy ny\u00e1ri felh\u00e1borodott levelem ut\u00e1n szeptemberre meger\u0151s\u00edtett\u00e9k a kor\u00e1bban lejt\u0151 lapokat \u00e9s szivacsos k\u00e1rpittal vont\u00e1k be. <strong>Az eredm\u00e9ny biztat\u00f3<\/strong>, a bab\u00e1k biztons\u00e1gosabban pelenk\u00e1zhat\u00f3k az Agria Parkban, mint eddig &#8211; de m\u00e9g mindig nem annyira k\u00e9nyelmeses, mint elv\u00e1rhat\u00f3 lenne az egy csal\u00e1dbar\u00e1tk\u00e9nt hirdetett int\u00e9zm\u00e9nyben.<br \/>\nT\u00f6bb ismer\u0151s\u00f6m \u00edrt a t\u00e9m\u00e1ban, pozit\u00edvan \u00e9rt\u00e9kelt\u00e9k a pl\u00e1za jav\u00edt\u00f3 sz\u00e1nd\u00e9k\u00fa l\u00e9p\u00e9s\u00e9t, de sokan fanyalogtak is <a href=\"http:\/\/epiteszforum.hu\/imagelist\/gallery&amp;nid=18964&amp;img_id=96128\" target=\"_blank\">m\u00e1s ilyen int\u00e9zm\u00e9nyek <\/a>otthonos szoptat\u00f3-pelenk\u00e1z\u00f3 helyis\u00e9geire gondolva.<br \/>\nAz nem vit\u00e1s, <strong>Egerben is j\u00f3 lenne egy k\u00fcl\u00f6n bab\u00e1knak, mam\u00e1knak kialak\u00edtott tiszta, nyugodt helyis\u00e9g, ahol a puttony-csere mellett meg is lehetne szoptatni a legkisebbeket<\/strong>, \u00e9rdekl\u0151d\u0151 tekintetek el\u0151li menek\u00fcl\u00e9s n\u00e9lk\u00fcl. Biztosan akadna egy kis \u00e1talak\u00edthat\u00f3 zug abban a nagy \u00fcveg-f\u00e9m \u00e9p\u00fcletben, ami nem mellesleg -sz\u00e1mos d\u00edja mellett- egy szaklap szerint Eur\u00f3pa legjobb bev\u00e1s\u00e1rl\u00f3k\u00f6zpontja!<br \/>\n<strong>Tisztelt Pl\u00e1zamacsk\u00e1k!<\/strong> (Azok a n\u0151k, akik b\u00e1r ugyan\u00fagy p\u00e1ros\u00e1val j\u00e1rnak a mosd\u00f3ba, mint a tini csajok, csak \u00e9pp a csemet\u00e9j\u00fckkel.) A pelenk\u00e1z\u00f3lapok meger\u0151s\u00edt\u00e9s\u00e9nek p\u00e9ld\u00e1ja mutatja a legjobban: ha szeretn\u00e9nk valamit, ki kell nyitnunk a sz\u00e1nkat! <strong>N\u00e9ma gyereknek anyja se&#8230; <\/strong>(n\u00e9ma any\u00e1nak pl\u00e1za se&#8230;)<br \/>\nHa \u00fagy \u00e9rzitek, sz\u00fcks\u00e9g lenne egy baba-mama helyis\u00e9gre az Agria Parkban, \u00edrj\u00e1tok meg ide, vagy a pl\u00e1za honlapj\u00e1n l\u00e9v\u0151 \u00fczenet ablakba, esetleg <strong>tegy\u00e9tek sz\u00f3v\u00e1<\/strong> ott helyben az inform\u00e1ci\u00f3s pultn\u00e1l!<br \/>\nEnnek az int\u00e9zm\u00e9nynek preszt\u00edzs-k\u00e9rd\u00e9s kell legyen, hogy el\u00e9gedettek-e a j\u00f6v\u0151 pl\u00e1za-nemzed\u00e9k\u00e9t ist\u00e1pol\u00f3 \u00e9desany\u00e1k!<\/p>\n","protected":false},"excerpt":{"rendered":"<p>\u00a0 Az ut\u00f3bbi hetekben kider\u00fclt, nem csak engem zavart az egri pl\u00e1za vesz\u00e9lyes \u00e9s k\u00e9nyelmetlen pelenk\u00e1z\u00f3inak \u00fcgye. Mint kor\u00e1bban \u00edrtam r\u00f3la, egy ny\u00e1ri felh\u00e1borodott levelem ut\u00e1n szeptemberre meger\u0151s\u00edtett\u00e9k a kor\u00e1bban lejt\u0151 lapokat \u00e9s szivacsos k\u00e1rpittal vont\u00e1k be. Az eredm\u00e9ny biztat\u00f3, &hellip; <a href=\"https:\/\/agria.hu\/bdioda\/2011\/09\/15\/plazamacskak-karmokat-ki\/\">Egy kattint\u00e1s ide a folytat\u00e1shoz&#8230;. <span class=\"meta-nav\">&rarr;<\/span><\/a><\/p>\n","protected":false},"author":59,"featured_media":0,"comment_status":"open","ping_status":"open","sticky":false,"template":"","format":"standard","meta":{"footnotes":""},"categories":[3,1,16],"tags":[],"class_list":["post-252","post","type-post","status-publish","format-standard","hentry","category-gyerekes-nezopontbol","category-nincs-kategorizalva","category-okoskodos-megmondos"],"_links":{"self":[{"href":"https:\/\/agria.hu\/bdioda\/wp-json\/wp\/v2\/posts\/252","targetHints":{"allow":["GET"]}}],"collection":[{"href":"https:\/\/agria.hu\/bdioda\/wp-json\/wp\/v2\/posts"}],"about":[{"href":"https:\/\/agria.hu\/bdioda\/wp-json\/wp\/v2\/types\/post"}],"author":[{"embeddable":true,"href":"https:\/\/agria.hu\/bdioda\/wp-json\/wp\/v2\/users\/59"}],"replies":[{"embeddable":true,"href":"https:\/\/agria.hu\/bdioda\/wp-json\/wp\/v2\/comments?post=252"}],"version-history":[{"count":8,"href":"https:\/\/agria.hu\/bdioda\/wp-json\/wp\/v2\/posts\/252\/revisions"}],"predecessor-version":[{"id":823,"href":"https:\/\/agria.hu\/bdioda\/wp-json\/wp\/v2\/posts\/252\/revisions\/823"}],"wp:attachment":[{"href":"https:\/\/agria.hu\/bdioda\/wp-json\/wp\/v2\/media?parent=252"}],"wp:term":[{"taxonomy":"category","embeddable":true,"href":"https:\/\/agria.hu\/bdioda\/wp-json\/wp\/v2\/categories?post=252"},{"taxonomy":"post_tag","embeddable":true,"href":"https:\/\/agria.hu\/bdioda\/wp-json\/wp\/v2\/tags?post=252"}],"curies":[{"name":"wp","href":"https:\/\/api.w.org\/{rel}","templated":true}]}}