{"id":243,"date":"2011-09-14T14:51:32","date_gmt":"2011-09-14T14:51:32","guid":{"rendered":"https:\/\/agria.hu\/bdioda\/?p=243"},"modified":"2013-05-05T16:38:33","modified_gmt":"2013-05-05T16:38:33","slug":"a-plazamacska-dorombol","status":"publish","type":"post","link":"https:\/\/agria.hu\/bdioda\/2011\/09\/14\/a-plazamacska-dorombol\/","title":{"rendered":"A pl\u00e1zamacska dorombol"},"content":{"rendered":"<div class=\"fblikebutton_button\" style=\"float: right; margin-left: 10px;\"><iframe src=\"http:\/\/www.facebook.com\/plugins\/like.php?href=https%3A%2F%2Fagria.hu%2Fbdioda%2F2011%2F09%2F14%2Fa-plazamacska-dorombol%2F&amp;layout=standard&amp;show-faces=false&amp;width=450&amp;action=recommend&amp;colorscheme=dark\" scrolling=\"no\" frameborder=\"0\" allowTransparency=\"true\" style=\"border:none; overflow:hidden; width:450px; height:26px\"><\/iframe><\/div>\n<p style=\"text-align: justify\">\u00a0<\/p>\n<p style=\"text-align: justify\">Nehezen j\u00f6nnek a szavak, mert most j\u00f3t kellene \u00edrni &#8211; minden \u00e9rtelemben. Valahogy mindig k\u00f6nnyebb szidni, b\u00edr\u00e1lni, mint dics\u00e9rni. Ez is valami magyar jellegzetess\u00e9g, k\u00f6nnyebben negat\u00edvkodunk, mint \u00f6r\u00fcl\u00fcnk. Na, \u00f6sszekapom magam, j\u00f6jj\u00f6n egy t\u00f6rt\u00e9net pozit\u00edv v\u00e9gkifejlettel!<br \/>\nT\u00f6rt\u00e9nt egy j\u00faliusi napon, hogy iszony\u00faan begurultam az egri pl\u00e1za diz\u00e1jner munk\u00e1saira, mivel a fiam f\u00e9lt az egyik ottani csilli-villi, \u00e1m baba\u00e9let-vesz\u00e9lyes pelenk\u00e1z\u00f3n. A popsipucol\u00e1sra kijel\u00f6lt naracs sz\u00edn\u0171 kem\u00e9ny lapokkal a budikban k\u00f6zel h\u00e1rom \u00e9vig rendszeresen tal\u00e1lkoztam, minden alkalommal fortyogtam magamban egy sort, hogy mennyire szarok, de enn\u00e9l t\u00f6bbet nemigen tettem. Az a bizonyos nap az\u00e9rt volt m\u00e1s, mert a fiam m\u00e1r szavakba tudta \u00f6nteni a f\u00e9lelm\u00e9t, miszerint retteg, hogy leesik. A pelenk\u00e1z\u00f3 lapok ugyanis lejtettek. Ez\u00fattal nem a s\u00edr\u00e1st hallgattam, ami lehet b\u00e1rmit\u0151l (\u00e9hs\u00e9gt\u0151l, \u00e1lmoss\u00e1gt\u00f3l), hanem a k\u00f6ny\u00f6rg\u00e9st, hogy vegyem le, ink\u00e1bb kakis pelusban marad. Majd&#8217; megszakadt a sz\u00edvem. Haza\u00e9rve vettem a f\u00e1radts\u00e1got \u00e9s levelet \u00edrtam a <a href=\"http:\/\/agriapark.hu\/hu\/elerhetosegek.php\" target=\"_blank\">pl\u00e1za honlapj\u00e1n <\/a>szerepl\u0151 kapcsolat men\u00fcponton \u00e1t a &#8222;kitudja ki olvassa el&#8221;-hez. Mell\u00e9keltem a n\u00e9h\u00e1ny perccel kor\u00e1bban sz\u00fcletett blog-bejegyz\u00e9sem linkj\u00e9t (<a href=\"https:\/\/agria.hu\/bdioda\/2011\/07\/01\/a-plazamacska-kritikaja\/\" target=\"_blank\">A pl\u00e1zamacska kritik\u00e1ja<\/a>).<br \/>\nNem tudom, val\u00f3j\u00e1ban mi vezetett eredm\u00e9nyre. A t\u00e9ny az, hogy n\u00e9h\u00e1ny napja <strong>meger\u0151s\u00edtett t\u00e1maszt\u00e9k\u00fa, biztons\u00e1gosabb pelenk\u00e1z\u00f3k vannak az Agria Parkban<\/strong>&#8211; t\u00e1j\u00e9koztatott e-mailben a pl\u00e1za marketing oszt\u00e1lya. A kem\u00e9ny lapokat szivacsos k\u00e1rpitozott r\u00e9tegel vont\u00e1k be, \u00edgy puh\u00e1bbak lettek.<\/p>\n<div id=\"attachment_245\" style=\"width: 235px\" class=\"wp-caption alignright\"><a href=\"https:\/\/agria.hu\/bdioda\/files\/2011\/09\/cucus-plaza.jpg\"><img loading=\"lazy\" decoding=\"async\" aria-describedby=\"caption-attachment-245\" class=\"size-medium wp-image-245\" src=\"https:\/\/agria.hu\/bdioda\/files\/2011\/09\/cucus-plaza-225x300.jpg\" alt=\"\" width=\"225\" height=\"300\" srcset=\"https:\/\/agria.hu\/bdioda\/files\/2011\/09\/cucus-plaza-225x300.jpg 225w, https:\/\/agria.hu\/bdioda\/files\/2011\/09\/cucus-plaza-768x1024.jpg 768w, https:\/\/agria.hu\/bdioda\/files\/2011\/09\/cucus-plaza.jpg 1536w\" sizes=\"auto, (max-width: 225px) 100vw, 225px\" \/><\/a><p id=\"caption-attachment-245\" class=\"wp-caption-text\">A tesztel\u0151 ez\u00fattal a kisebbik gyerek, a fiam ugyanis id\u0151k\u00f6zben szobatiszta lett \ud83d\ude42<\/p><\/div>\n<p style=\"text-align: justify\">Perem m\u00e9g mindig nincs rajtuk, de nem akarok a k\u00e1k\u00e1n is csom\u00f3t keresni! A l\u00e9nyeg, hogy az eddigin\u00e9l sokkal biztons\u00e1gosabb pelenk\u00e1z\u00f3 alkalmatoss\u00e1gokat tal\u00e1lunk a csal\u00e1dbar\u00e1tk\u00e9nt rekl\u00e1mozott int\u00e9zm\u00e9nyben!<br \/>\nIgaz\u00e1n \u00e9rt\u00e9kelem, hogy ez\u00fattal nem a diz\u00e1jn-szempontok \u00e1lltak az els\u0151 helyen! Az igazs\u00e1g az, hogy val\u00f3di paraszt-bark\u00e1csol\u00e1s oldotta meg a k\u00e9rd\u00e9st, <strong>a t\u00e1maszt\u00e9k gyan\u00e1nt szolg\u00e1l\u00f3 lecek nem a legtrendibbek, de kit \u00e9rdekel, mikor a gyerek biztons\u00e1g\u00e1r\u00f3l van sz\u00f3?!<\/strong> J\u00f3, hogy felismert\u00e9k ezt az illet\u00e9kesek.<br \/>\nSokan emelt\u00e9k fel a szavukat a vesz\u00e9lyes pelenk\u00e1z\u00f3k ellen, vagy \u00e9pp senkinek sem jutott eddig esz\u00e9be sz\u00f3lni \u00e9s csak most h\u00edvta fel az \u00fczemeltet\u0151k figyelm\u00e9t egy d\u00fch\u00f6s anya levele? Net\u00e1n a nyilv\u00e1noss\u00e1g lebegtet\u00e9se hatott? (Ne feledj\u00fck, \u00edgy ut\u00f3lag ez is j\u00f3 rekl\u00e1m a pl\u00e1z\u00e1nak!)<br \/>\nSzerintetek?<\/p>\n<p>ui.: A levelet j\u00falius 7-\u00e9n \u00edrtam, akkor nem is v\u00e1laszoltak r\u00e1. Szeptember van, a dolog <strong>\u00fagymond gyorsan megold\u00f3dott, \u00e9n meg \u00f6r\u00fcl\u00f6k<\/strong>. Lehet, hogy egy\u00e9bk\u00e9nt is meg akart\u00e1k m\u00e1r &#8222;szerelni&#8221; a pelenk\u00e1z\u00f3kat \u00e9s ha m\u00e1r \u00edgy alakult, nekem is \u00edrtak? \ud83d\ude42<\/p>\n","protected":false},"excerpt":{"rendered":"<p>\u00a0 Nehezen j\u00f6nnek a szavak, mert most j\u00f3t kellene \u00edrni &#8211; minden \u00e9rtelemben. Valahogy mindig k\u00f6nnyebb szidni, b\u00edr\u00e1lni, mint dics\u00e9rni. Ez is valami magyar jellegzetess\u00e9g, k\u00f6nnyebben negat\u00edvkodunk, mint \u00f6r\u00fcl\u00fcnk. Na, \u00f6sszekapom magam, j\u00f6jj\u00f6n egy t\u00f6rt\u00e9net pozit\u00edv v\u00e9gkifejlettel! T\u00f6rt\u00e9nt egy j\u00faliusi &hellip; <a href=\"https:\/\/agria.hu\/bdioda\/2011\/09\/14\/a-plazamacska-dorombol\/\">Egy kattint\u00e1s ide a folytat\u00e1shoz&#8230;. <span class=\"meta-nav\">&rarr;<\/span><\/a><\/p>\n","protected":false},"author":59,"featured_media":0,"comment_status":"open","ping_status":"open","sticky":false,"template":"","format":"standard","meta":{"footnotes":""},"categories":[3,1,16],"tags":[],"class_list":["post-243","post","type-post","status-publish","format-standard","hentry","category-gyerekes-nezopontbol","category-nincs-kategorizalva","category-okoskodos-megmondos"],"_links":{"self":[{"href":"https:\/\/agria.hu\/bdioda\/wp-json\/wp\/v2\/posts\/243","targetHints":{"allow":["GET"]}}],"collection":[{"href":"https:\/\/agria.hu\/bdioda\/wp-json\/wp\/v2\/posts"}],"about":[{"href":"https:\/\/agria.hu\/bdioda\/wp-json\/wp\/v2\/types\/post"}],"author":[{"embeddable":true,"href":"https:\/\/agria.hu\/bdioda\/wp-json\/wp\/v2\/users\/59"}],"replies":[{"embeddable":true,"href":"https:\/\/agria.hu\/bdioda\/wp-json\/wp\/v2\/comments?post=243"}],"version-history":[{"count":7,"href":"https:\/\/agria.hu\/bdioda\/wp-json\/wp\/v2\/posts\/243\/revisions"}],"predecessor-version":[{"id":822,"href":"https:\/\/agria.hu\/bdioda\/wp-json\/wp\/v2\/posts\/243\/revisions\/822"}],"wp:attachment":[{"href":"https:\/\/agria.hu\/bdioda\/wp-json\/wp\/v2\/media?parent=243"}],"wp:term":[{"taxonomy":"category","embeddable":true,"href":"https:\/\/agria.hu\/bdioda\/wp-json\/wp\/v2\/categories?post=243"},{"taxonomy":"post_tag","embeddable":true,"href":"https:\/\/agria.hu\/bdioda\/wp-json\/wp\/v2\/tags?post=243"}],"curies":[{"name":"wp","href":"https:\/\/api.w.org\/{rel}","templated":true}]}}