{"id":23,"date":"2011-01-03T14:52:15","date_gmt":"2011-01-03T14:52:15","guid":{"rendered":"https:\/\/agria.hu\/bdioda\/?p=23"},"modified":"2013-05-05T16:39:21","modified_gmt":"2013-05-05T16:39:21","slug":"az-ev-elso-egri-babaja","status":"publish","type":"post","link":"https:\/\/agria.hu\/bdioda\/2011\/01\/03\/az-ev-elso-egri-babaja\/","title":{"rendered":"Az \u00e9v els\u0151 egri bab\u00e1ja"},"content":{"rendered":"<div class=\"fblikebutton_button\" style=\"float: right; margin-left: 10px;\"><iframe src=\"http:\/\/www.facebook.com\/plugins\/like.php?href=https%3A%2F%2Fagria.hu%2Fbdioda%2F2011%2F01%2F03%2Faz-ev-elso-egri-babaja%2F&amp;layout=standard&amp;show-faces=false&amp;width=450&amp;action=recommend&amp;colorscheme=dark\" scrolling=\"no\" frameborder=\"0\" allowTransparency=\"true\" style=\"border:none; overflow:hidden; width:450px; height:26px\"><\/iframe><\/div>\n<div><span style=\"font-size: small\"><\/span><\/div>\n<p><span style=\"font-size: small\"><\/p>\n<p style=\"text-align: justify\"><strong><br \/>\nKicsivel t\u00f6bb, mint egy \u00e9ve n\u00e9h\u00e1ny ismer\u0151s\u00f6m azzal nyaggatott, \u00faj\u00e9vi baba lesz-e a gyermekem. A legt\u00f6bbet faggat\u00f3z\u00f3 fiatalember most 2011 els\u0151 egri bab\u00e1j\u00e1nak \u00e9desapja&#8230;<\/strong><\/p>\n<p style=\"text-align: justify\">Vicces egybees\u00e9s. Az els\u0151 gondolatom az volt, j\u00f3l megt\u00e1ncoltatta az asszonyt a szilveszteri buliban, hogy a v\u00e1rva v\u00e1rt le\u00e1ny csemete \u00fatnak induljon kifel\u00e9.<\/p>\n<p style=\"text-align: justify\">Franciska 2011. 01. 01-\u00e9n, 5 \u00f3ra 45 perckor l\u00e1tta meg a napvil\u00e1got (m\u00e1r ha igazak az egriszin.hu \u00e9rtes\u00fcl\u00e9sei). A boldog apuka telefonja az\u00f3ta is folyton foglalt, \u00edgy a sz\u00fcl\u00e9sr\u0151l csak annyit tudok, a kiscsaj 2,75 kg-mal sz\u00fcletett \u00e9s \u00e9desanyj\u00e1val remek\u00fcl vannak. Ez ut\u00f3bbir\u00f3l tan\u00faskodnak a heol.hu felv\u00e9telei, ahol a boldog anyuk\u00e1ra \u00fagy vigyorog a polg\u00e1rmester, mint a fakutya. Na, tavaly t\u00f6bbi k\u00f6z\u00f6tt ez\u00e9rt nem akartam \u00faj\u00e9vkor sz\u00fclni&#8230;<\/p>\n<p style=\"text-align: justify\">\u00c9n nem tartozom a gyermek\u00fcket r\u00f6vid vaj\u00fad\u00e1s ut\u00e1n hipp-hopp kipottyant\u00f3 -egy\u00e9bk\u00e9nt v\u00e9gtelen\u00fcl szerencs\u00e9s- n\u0151k t\u00e1bor\u00e1ba. A fejem mindk\u00e9t sz\u00fcl\u00e9sem ut\u00e1n \u00fagy n\u00e9zett ki, mintha vasr\u00faddal veregett\u00e9k volna napokon kereszt\u00fcl &#8211; \u00e9s \u00fagy is \u00e9reztem magam. Ha ekkor m\u00e9g polg\u00e1rmesteri l\u00e1togat\u00e1sban is r\u00e9szes\u00fcl\u00f6k, fot\u00f3s k\u00eds\u00e9rettel, tuti belehalok! Nem vagyok t\u00falzottan hi\u00fa, de higgy\u00e9tek el, a r\u00f3lam k\u00e9sz\u00fclt k\u00e9pekkel fiatalokat lehetett volna riogatni a felel\u0151tlen szexu\u00e1lis \u00e9lett\u0151l!<\/p>\n<p style=\"text-align: justify\">\u00d6r\u00fcl\u00f6k, hogy Franciska \u00e9desanyja a legkev\u00e9sb\u00e9 sem t\u0171nt megviseltnek a r\u00f3luk k\u00e9sz\u00fclt fot\u00f3kon. A kisl\u00e1ny pedig igazi t\u00fcnem\u00e9ny, im\u00e1dom a pihehajas b\u00e9biket! A tavaly engem ny\u00faz\u00f3 ismer\u0151s bizony\u00e1ra most nagyon boldog. Szerintem m\u00e1ra m\u00e1r neki sem annyira fontos az &#8222;\u00faj\u00e9vi&#8221; jelz\u0151, annyira v\u00e1rt\u00e1k ezt a bab\u00e1t!<\/p>\n<p style=\"text-align: justify\">B\u00e1rmikor sz\u00fclessen egy gyermek, az \u00faj \u00e9let maga a csoda.<\/p>\n<p style=\"text-align: justify\">ui: Sok boldogs\u00e1got, eg\u00e9szs\u00e9get a kis Franciska Cseng\u00e9nek \u00e9s \u00c9desanyj\u00e1nak!<\/p>\n<p>\u00a0<\/p>\n<p><\/span><\/p>\n","protected":false},"excerpt":{"rendered":"<p>Kicsivel t\u00f6bb, mint egy \u00e9ve n\u00e9h\u00e1ny ismer\u0151s\u00f6m azzal nyaggatott, \u00faj\u00e9vi baba lesz-e a gyermekem. A legt\u00f6bbet faggat\u00f3z\u00f3 fiatalember most 2011 els\u0151 egri bab\u00e1j\u00e1nak \u00e9desapja&#8230; Vicces egybees\u00e9s. Az els\u0151 gondolatom az volt, j\u00f3l megt\u00e1ncoltatta az asszonyt a szilveszteri buliban, hogy a &hellip; <a href=\"https:\/\/agria.hu\/bdioda\/2011\/01\/03\/az-ev-elso-egri-babaja\/\">Egy kattint\u00e1s ide a folytat\u00e1shoz&#8230;. <span class=\"meta-nav\">&rarr;<\/span><\/a><\/p>\n","protected":false},"author":59,"featured_media":0,"comment_status":"open","ping_status":"open","sticky":false,"template":"","format":"standard","meta":{"footnotes":""},"categories":[3,1,16],"tags":[],"class_list":["post-23","post","type-post","status-publish","format-standard","hentry","category-gyerekes-nezopontbol","category-nincs-kategorizalva","category-okoskodos-megmondos"],"_links":{"self":[{"href":"https:\/\/agria.hu\/bdioda\/wp-json\/wp\/v2\/posts\/23","targetHints":{"allow":["GET"]}}],"collection":[{"href":"https:\/\/agria.hu\/bdioda\/wp-json\/wp\/v2\/posts"}],"about":[{"href":"https:\/\/agria.hu\/bdioda\/wp-json\/wp\/v2\/types\/post"}],"author":[{"embeddable":true,"href":"https:\/\/agria.hu\/bdioda\/wp-json\/wp\/v2\/users\/59"}],"replies":[{"embeddable":true,"href":"https:\/\/agria.hu\/bdioda\/wp-json\/wp\/v2\/comments?post=23"}],"version-history":[{"count":7,"href":"https:\/\/agria.hu\/bdioda\/wp-json\/wp\/v2\/posts\/23\/revisions"}],"predecessor-version":[{"id":825,"href":"https:\/\/agria.hu\/bdioda\/wp-json\/wp\/v2\/posts\/23\/revisions\/825"}],"wp:attachment":[{"href":"https:\/\/agria.hu\/bdioda\/wp-json\/wp\/v2\/media?parent=23"}],"wp:term":[{"taxonomy":"category","embeddable":true,"href":"https:\/\/agria.hu\/bdioda\/wp-json\/wp\/v2\/categories?post=23"},{"taxonomy":"post_tag","embeddable":true,"href":"https:\/\/agria.hu\/bdioda\/wp-json\/wp\/v2\/tags?post=23"}],"curies":[{"name":"wp","href":"https:\/\/api.w.org\/{rel}","templated":true}]}}