{"id":216,"date":"2011-07-01T08:42:56","date_gmt":"2011-07-01T08:42:56","guid":{"rendered":"https:\/\/agria.hu\/bdioda\/?p=216"},"modified":"2013-05-05T16:38:49","modified_gmt":"2013-05-05T16:38:49","slug":"a-plazamacska-kritikaja","status":"publish","type":"post","link":"https:\/\/agria.hu\/bdioda\/2011\/07\/01\/a-plazamacska-kritikaja\/","title":{"rendered":"A pl\u00e1zamacska kritik\u00e1ja"},"content":{"rendered":"<div class=\"fblikebutton_button\" style=\"float: right; margin-left: 10px;\"><iframe src=\"http:\/\/www.facebook.com\/plugins\/like.php?href=https%3A%2F%2Fagria.hu%2Fbdioda%2F2011%2F07%2F01%2Fa-plazamacska-kritikaja%2F&amp;layout=standard&amp;show-faces=false&amp;width=450&amp;action=recommend&amp;colorscheme=dark\" scrolling=\"no\" frameborder=\"0\" allowTransparency=\"true\" style=\"border:none; overflow:hidden; width:450px; height:26px\"><\/iframe><\/div>\n<div><span style=\"font-size: small\"><\/span><\/div>\n<p><span style=\"font-size: small\"><\/p>\n<p style=\"text-align: justify\">Egerben ciki v\u00e1llalni, ha valaki nem ut\u00e1lja sz\u00edvb\u0151l a v\u00e1ros globalizmus teremtette giga-\u00e9p\u00fclet\u00e9t, a pl\u00e1z\u00e1t. Megkock\u00e1ztatom, hogy n\u00e9h\u00e1ny ismer\u0151s\u00f6m cs\u00fany\u00e1n n\u00e9z majd r\u00e1m a j\u00f6v\u0151ben \u00e9s ez\u00faton bevallom: hib\u00e1i ellen\u00e9re is odavagyok az egri bev\u00e1s\u00e1rl\u00f3k\u00f6zpont\u00e9rt! Pl\u00e1zacic\u00e1nak m\u00e1r nem nevezn\u00e9m magam,\u00a0tal\u00e1l\u00f3bb a k\u00f6lykeit is az \u00fcveg-f\u00e9m \u00e9p\u00fcletbe cit\u00e1l\u00f3 pl\u00e1zamacska kifejez\u00e9s&#8230;<br \/>\nA szerelem az\u00f3ta teljes, mi\u00f3ta anya lettem. H\u0171v\u00f6s id\u0151ben nincs jobb, mint a sz\u00e9lv\u00e9dett pl\u00e1za-j\u00e1tsz\u00f3t\u00e9r, nem cik\u00e1znak aut\u00f3k a gyerekeknek lez\u00e1rt ter\u00fclet mellett k\u00f6zvetlen\u00fcl, no \u00e9s ap\u00e1ra lehet hagyni a k\u00f6lyk\u00f6ket &#8222;csak veszek egy csomag pelust&#8221; felki\u00e1lt\u00e1ssal ak\u00e1r negyed \u00f3r\u00e1ra is! Elb\u00e1m\u00e9szkodhatok a leg\u00fajabb divatot szidva magamban, mik\u00f6zben babakocsit tolok \u00e9s nem kell att\u00f3l tartanom, hogy lekasz\u00e1l egy robog\u00f3s (ahogyan a belv\u00e1rosban). A gyerek sz\u00fclei k\u00fcl\u00f6n\u00f6sebb \u00e9get\u00e9se n\u00e9lk\u00fcl gyakorolhatja az \u00f6n\u00e1ll\u00f3 ev\u00e9st idegen k\u00f6rnyezetben (egy norm\u00e1lis \u00e9tteremb\u0151l az el\u0151\u00e9tel ki\u00e9rkez\u00e9se el\u0151tt megl\u00f3gna, miut\u00e1n \u00f6sszet\u00f6rt vagy f\u00e9l tucat k\u00fcl\u00f6nb\u00f6z\u0151 c\u00e9lra kik\u00e9sz\u00edtett poharat).<br \/>\nB\u00e9k\u00e9s, gyermekmentes est\u00e9n sz\u00edvesen v\u00e1rn\u00e9k mozira egy poh\u00e1r v\u00f6r\u00f6sbor mellett a pl\u00e1za valamely kiszolg\u00e1l\u00f3 egys\u00e9g\u00e9ben, de erre sajnos m\u00e9g nem volt p\u00e9lda. Arra ann\u00e1l gyakrabban, hogy este 9 el\u0151tt n\u00e9h\u00e1ny perccel t\u00e1pszerp\u00f3tl\u00e1s\u00e9rt esek be a pl\u00e1za drog\u00e9ri\u00e1j\u00e1ba, vagy egy liter -a fiam elalv\u00e1s\u00e1hoz n\u00e9lk\u00fcl\u00f6zhetetlen- tejcsi\u00e9rt a szupermaketj\u00e9be. Nekem kellemes megold\u00e1st jelentenek a 8 ut\u00e1n is nyitva tart\u00f3 pl\u00e1za-\u00fczletek (csak mellesleg jegyzem meg, a drog\u00e9ri\u00e1ban m\u00e9g akkor is kedvesen fogadnak, ha \u00e9pp z\u00e1r\u00e1s el\u0151tt toppanok be).<br \/>\nEgy bajom az\u00e9rt van a pl\u00e1z\u00e1val. <strong>A csal\u00e1dbar\u00e1tk\u00e9nt hirdetett komplexumban pelenk\u00e1z\u00f3k\u00e9nt a budiban elhelyezett, kem\u00e9ny lapokat lehet haszn\u00e1lni<\/strong>. A rik\u00edt\u00f3 narancs terep diz\u00e1jn-szempontb\u00f3l biztosan nagyon j\u00f3, de<strong> a fej\u00e9t vern\u00e9m bele annak, aki kital\u00e1ta! <\/strong>A vastag, kem\u00e9ny lapok lejtenek, \u00e9s tal\u00e1n a gyerek nem gurul le, de ahhoz a &#8222;lejt\u0151-sz\u00f6g&#8221; \u00e9ppen el\u00e9g, hogy a fiam s\u00edr\u00f3g\u00f6rcs\u00f6t kapjon a lees\u00e9st\u0151l val\u00f3 f\u00e9lelm\u00e9ben! A pelenk\u00e1z\u00f3knak perem\u00fck sincs, izg\u0151-mozg\u00f3 bab\u00e1kkal ezeket \u00e9letvesz\u00e9ly haszn\u00e1lni! A &#8222;nagy&#8221; fiam meg\u00e9rtette, hogy ne mozogjon, akkor nem esik le, de zokogott \u00e9s g\u00f6rcs\u00f6sen kapaszkodott f\u00e9lelm\u00e9ben, \u00e9n meg hasadoz\u00f3 sz\u00edvvel tettem a dolgom, mint a vill\u00e1m, csak szabaduljunk. A kisl\u00e1nyom egyszer majdnem legurult egy ilyen alkalmatoss\u00e1gr\u00f3l, m\u00edg \u00e9n a v\u00e9gterm\u00e9k\u00e9t\u0151l pr\u00f3b\u00e1ltam megszabad\u00edtani. <a href=\"https:\/\/agria.hu\/bdioda\/files\/2011\/07\/plaza-oli-ketto.jpg\"><img loading=\"lazy\" decoding=\"async\" class=\"aligncenter size-medium wp-image-217\" src=\"https:\/\/agria.hu\/bdioda\/files\/2011\/07\/plaza-oli-ketto-300x225.jpg\" alt=\"\" width=\"300\" height=\"225\" srcset=\"https:\/\/agria.hu\/bdioda\/files\/2011\/07\/plaza-oli-ketto-300x225.jpg 300w, https:\/\/agria.hu\/bdioda\/files\/2011\/07\/plaza-oli-ketto-1024x768.jpg 1024w\" sizes=\"auto, (max-width: 300px) 100vw, 300px\" \/><\/a><br \/>\nA pl\u00e1z\u00e1ban teh\u00e1t csak v\u00e9gsz\u00fcks\u00e9g eset\u00e9n haszn\u00e1ljuk a pelenk\u00e1z\u00f3t. Am\u00edg a gyerekeim kisebbek voltak, ink\u00e1bb a babakocsiban cser\u00e9lt\u00fcnk pelust. Manaps\u00e1g el\u00e9g j\u00f3l kisz\u00e1m\u00edthat\u00f3an pakolnak a csomagba, \u00edgy addig el sem indulunk otthonr\u00f3l, m\u00edg meg nem t\u00f6rt\u00e9ntek az &#8222;esetek&#8221;, \u00edgy t\u00f6bbs\u00e9g\u00e9ben sz\u00e1razon \u00fasszuk meg a pl\u00e1z\u00e1s l\u00e1togat\u00e1st.<br \/>\nEngem m\u00e1r nem \u00e9rint, de meg kell jegyeznem, hogy tudom\u00e1som szerint nyugodt szoptat\u00e1sra alkalmas helyis\u00e9g sincs a pl\u00e1z\u00e1ban&#8230;<\/p>\n<p>\u00a0<\/p>\n<p><\/span><\/p>\n","protected":false},"excerpt":{"rendered":"<p>Egerben ciki v\u00e1llalni, ha valaki nem ut\u00e1lja sz\u00edvb\u0151l a v\u00e1ros globalizmus teremtette giga-\u00e9p\u00fclet\u00e9t, a pl\u00e1z\u00e1t. Megkock\u00e1ztatom, hogy n\u00e9h\u00e1ny ismer\u0151s\u00f6m cs\u00fany\u00e1n n\u00e9z majd r\u00e1m a j\u00f6v\u0151ben \u00e9s ez\u00faton bevallom: hib\u00e1i ellen\u00e9re is odavagyok az egri bev\u00e1s\u00e1rl\u00f3k\u00f6zpont\u00e9rt! Pl\u00e1zacic\u00e1nak m\u00e1r nem nevezn\u00e9m magam,\u00a0tal\u00e1l\u00f3bb &hellip; <a href=\"https:\/\/agria.hu\/bdioda\/2011\/07\/01\/a-plazamacska-kritikaja\/\">Egy kattint\u00e1s ide a folytat\u00e1shoz&#8230;. <span class=\"meta-nav\">&rarr;<\/span><\/a><\/p>\n","protected":false},"author":59,"featured_media":0,"comment_status":"open","ping_status":"open","sticky":false,"template":"","format":"standard","meta":{"footnotes":""},"categories":[3,1,16],"tags":[],"class_list":["post-216","post","type-post","status-publish","format-standard","hentry","category-gyerekes-nezopontbol","category-nincs-kategorizalva","category-okoskodos-megmondos"],"_links":{"self":[{"href":"https:\/\/agria.hu\/bdioda\/wp-json\/wp\/v2\/posts\/216","targetHints":{"allow":["GET"]}}],"collection":[{"href":"https:\/\/agria.hu\/bdioda\/wp-json\/wp\/v2\/posts"}],"about":[{"href":"https:\/\/agria.hu\/bdioda\/wp-json\/wp\/v2\/types\/post"}],"author":[{"embeddable":true,"href":"https:\/\/agria.hu\/bdioda\/wp-json\/wp\/v2\/users\/59"}],"replies":[{"embeddable":true,"href":"https:\/\/agria.hu\/bdioda\/wp-json\/wp\/v2\/comments?post=216"}],"version-history":[{"count":6,"href":"https:\/\/agria.hu\/bdioda\/wp-json\/wp\/v2\/posts\/216\/revisions"}],"predecessor-version":[{"id":824,"href":"https:\/\/agria.hu\/bdioda\/wp-json\/wp\/v2\/posts\/216\/revisions\/824"}],"wp:attachment":[{"href":"https:\/\/agria.hu\/bdioda\/wp-json\/wp\/v2\/media?parent=216"}],"wp:term":[{"taxonomy":"category","embeddable":true,"href":"https:\/\/agria.hu\/bdioda\/wp-json\/wp\/v2\/categories?post=216"},{"taxonomy":"post_tag","embeddable":true,"href":"https:\/\/agria.hu\/bdioda\/wp-json\/wp\/v2\/tags?post=216"}],"curies":[{"name":"wp","href":"https:\/\/api.w.org\/{rel}","templated":true}]}}