{"id":211,"date":"2011-05-30T15:26:20","date_gmt":"2011-05-30T15:26:20","guid":{"rendered":"https:\/\/agria.hu\/bdioda\/?p=211"},"modified":"2013-05-05T16:37:53","modified_gmt":"2013-05-05T16:37:53","slug":"korhinta-kozelharc-2","status":"publish","type":"post","link":"https:\/\/agria.hu\/bdioda\/2011\/05\/30\/korhinta-kozelharc-2\/","title":{"rendered":"K\u00f6rhinta-k\u00f6zelharc"},"content":{"rendered":"<div class=\"fblikebutton_button\" style=\"float: right; margin-left: 10px;\"><iframe src=\"http:\/\/www.facebook.com\/plugins\/like.php?href=https%3A%2F%2Fagria.hu%2Fbdioda%2F2011%2F05%2F30%2Fkorhinta-kozelharc-2%2F&amp;layout=standard&amp;show-faces=false&amp;width=450&amp;action=recommend&amp;colorscheme=dark\" scrolling=\"no\" frameborder=\"0\" allowTransparency=\"true\" style=\"border:none; overflow:hidden; width:450px; height:26px\"><\/iframe><\/div>\n<p><span style=\"font-size: small\">Kid\u00fclled a nyakamon az \u00e9r, alig b\u00edrom visszanyelni az adrenalin-l\u00f6ketet. Izzad a tenyerem, megfesz\u00fcl minden izmom. Mint a pr\u00e9d\u00e1ra les\u0151 vad\u00e1sz, csak apr\u00f3 leveg\u0151ket veszek. Csenget\u00e9s! Ez a jel, indul a visszasz\u00e1ml\u00e1l\u00e1s. Mindj\u00e1rt meg\u00e1ll \u00e9s akkor fut\u00e1s! Egy l\u00f6k\u00e9s ide, egy tasz\u00edt\u00e1s oda. Meg kell szereznem a narancss\u00e1rga quadot a k\u00f6rhint\u00e1n! Meg\u00edg\u00e9rtem a gyerekemnek&#8230;<\/p>\n<p><\/span><br \/>\nMindig irt\u00f3ztam a t\u00f6megrendezv\u00e9nyekt\u0151l, ut\u00e1lok furakodni, k\u00e9ptelen vagyok nyomulni. Minden sz\u00fcl\u0151 \u00e9let\u00e9ben elj\u00f6n viszont a nap, amikor musz\u00e1j f\u00e9lretenni az elveket \u00e9s a m\u00e9lyen munk\u00e1l\u00f3 menek\u00fcl\u0151 \u00f6szt\u00f6nt. A Gyereknap.<\/p>\n<div id=\"attachment_208\" style=\"width: 310px\" class=\"wp-caption alignright\"><a href=\"https:\/\/agria.hu\/bdioda\/files\/2011\/05\/mento1.jpg\"><img loading=\"lazy\" decoding=\"async\" aria-describedby=\"caption-attachment-208\" class=\"size-medium wp-image-208\" src=\"https:\/\/agria.hu\/bdioda\/files\/2011\/05\/mento1-300x224.jpg\" alt=\"\" width=\"300\" height=\"224\" srcset=\"https:\/\/agria.hu\/bdioda\/files\/2011\/05\/mento1-300x224.jpg 300w, https:\/\/agria.hu\/bdioda\/files\/2011\/05\/mento1-1024x767.jpg 1024w\" sizes=\"auto, (max-width: 300px) 100vw, 300px\" \/><\/a><p id=\"caption-attachment-208\" class=\"wp-caption-text\">Az elej\u00e9n a ment\u0151aut\u00f3 is \u00e9rdekes volt. Az elej\u00e9n...<\/p><\/div>\n<p>Az \u00c9rsekkert vas\u00e1rnap dugig telt emberrel, ami nem csoda, hiszen t\u00f6m\u00e9nytelen program, szolg\u00e1ltat\u00e1s v\u00e1rta a csemet\u00e9seket. A parkol\u00f3k t\u00f6mve voltak, ami valakinek sz\u00e9p summ\u00e1t hozott &#8211; rem\u00e9lem, hogy az \u00f6nkorm\u00e1nyzat maga szedte \u00edgy be a programok k\u00f6lts\u00e9geit, mert ha ezt egy v\u00e1llalkoz\u00f3 tette zsebre n\u00e9mi b\u00e9rleti d\u00edj\u00e9rt, akkor nagyon bosszant\u00f3, hogy az egy\u00e9bk\u00e9nt ingyenes parkol\u00f3kat csak a sz\u00fcl\u0151k leh\u00faz\u00e1s\u00e1ra tett\u00e9k egy napra fizet\u0151ss\u00e9.<br \/>\n\u00c9n marha, nem vittem babakocsit! A lassan m\u00e1sf\u00e9l \u00e9ves l\u00e1nyom j\u00f3ideje nem \u00f3hajt m\u00e1r a szek\u00e9rben utazni, de ha t\u00f6megben kell eljutnom valamerre, besz\u00edjazom, nincs mese. Ezen a vas\u00e1rnapon annyira igyekeztem mindenre felk\u00e9sz\u00fclni (ruha, sapi, iv\u00f3s, pelus &#8211; ha j\u00f6n a hurrik\u00e1n, akkor is t\u00fal\u00e9lj\u00fcnk a S\u00f3hajok-h\u00eddja alatt, megb\u00fajva a b\u00e9k\u00e1k k\u00f6z\u00f6tt), az \u00e1tkozott babatoli otthon maradt! \u00cdgy 12 kil\u00f3s csemet\u00e9m a nyakamban hesszelte a zsibv\u00e1s\u00e1rt. A k\u00e9s\u0151bbi izoml\u00e1z\u00e9rt a v\u00e1llamban csak az\u00e9rt nem Ap\u00e1t szidom, mert \u0151 cipelte a m\u00e1sik lurk\u00f3t &#8211; a nehezebbet.<\/p>\n<div id=\"attachment_200\" style=\"width: 213px\" class=\"wp-caption alignright\"><a href=\"https:\/\/agria.hu\/bdioda\/files\/2011\/05\/korhinta-tuti.jpg\"><img loading=\"lazy\" decoding=\"async\" aria-describedby=\"caption-attachment-200\" class=\"size-medium wp-image-200\" src=\"https:\/\/agria.hu\/bdioda\/files\/2011\/05\/korhinta-tuti-203x300.jpg\" alt=\"\" width=\"203\" height=\"300\" srcset=\"https:\/\/agria.hu\/bdioda\/files\/2011\/05\/korhinta-tuti-203x300.jpg 203w, https:\/\/agria.hu\/bdioda\/files\/2011\/05\/korhinta-tuti-695x1024.jpg 695w, https:\/\/agria.hu\/bdioda\/files\/2011\/05\/korhinta-tuti.jpg 824w\" sizes=\"auto, (max-width: 203px) 100vw, 203px\" \/><\/a><p id=\"caption-attachment-200\" class=\"wp-caption-text\">Csak \u0151 tudja, mi\u00e9rt ez a kedvenc.<\/p><\/div>\n<p>Alig jutottunk p\u00e1r m\u00e9tert a s\u0171r\u0171je fel\u00e9, a fiam megtal\u00e1lta a sz\u00e1m\u00e1ra -p\u00e9nzt\u00e1rc\u00e1nknak kev\u00e9sb\u00e9- \u00e1lom-programot, a k\u00f6rhint\u00e1t. A k\u00e9t \u00e9s f\u00e9l \u00e9vesek \u00f6ntudatoss\u00e1g\u00e1val mutatott a karika narancs-aut\u00f3j\u00e1ra, az egyetlenre ami neki megfelel\u0151. Megv\u00e1ltottuk a zsetont (3 perc \u00f6tsz\u00e1z\u00e9rt &#8211; \u0151r\u00fclet!) \u00e9s v\u00e1rtunk a megfelel\u0151 pillanatra. A lass\u00edt\u00f3, majd meg\u00e1ll\u00f3 szerkezet mellett t\u00fcrelmesen v\u00e1rtunk a sorunkra &#8211; vagy h\u00e1rom k\u00f6r\u00f6n \u00e1t. A k\u00f6rhinta ugyanis nem az udvariass\u00e1gr\u00f3l sz\u00f3l. De ezt akkor m\u00e9g nem tudtam! A sz\u00fcl\u0151k a szinte m\u00e9g mozg\u00f3 j\u00e1rm\u0171vekbe taszig\u00e1lt\u00e1k bele kisebb csemet\u00e9iket, m\u00edg a lelem\u00e9nyesebb \u00f3vod\u00e1skor\u00faak m\u00e1r maguk b\u00fajtak, ugrottak, nyomultak \u00e1t a v\u00e1rakoz\u00f3 m\u00e1l\u00e9bbakon. Egy igyekv\u0151 sz\u00fcl\u0151 felv\u00e1gta a fiamat &#8211; ez tette be a kaput! A szemem v\u00f6r\u00f6sen felizzott \u00e9s \u00e1tv\u00e1ltoztam pankr\u00e1tor-any\u00e1v\u00e1. Vagy f\u00e9l tucat feln\u0151ttet &#8222;p\u00f6ccintettem&#8221; f\u00e9lre k\u00f6ny\u00f6kkel az \u00fatb\u00f3l \u00e9s meglett a naracs quad. A fiam arca sug\u00e1rzott a boldogs\u00e1gt\u00f3l, az &#8222;\u00e1ldozataim&#8221; meg hasonl\u00f3an cselekedtek egy k\u00f6rrel k\u00e9s\u0151bb, amikor maguk is r\u00e1j\u00f6ttek, hogyan m\u0171k\u00f6dik gyereknapkor a k\u00f6rhinta-k\u00f6zelharc&#8230;<\/p>\n<p>A ringlispil b\u0171v\u00f6let\u00e9b\u0151l csak nehezen szabadul\u00f3 gyerekeinkkel kereszt\u00fcl-kasul j\u00e1rtuk az \u00c9rsekkertet. Tetszett, hogy minden koroszt\u00e1ly -m\u00e9g a legkisebbek- sz\u00e1m\u00e1ra is volt program b\u0151ven, r\u00e1ad\u00e1sul sok ingyenes. A zsibv\u00e1s\u00e1ron \u00e1tkelni gyerekkel mindig neh\u00e9z menet, de most el\u00e9g volt azt mondani, menj\u00fcnk a k\u00f6rhinta fel\u00e9. A fiamat nem \u00e9rdekelte egy j\u00e1t\u00e9k sem, csak a narancss\u00e1rga terepj\u00e1r\u00f3, ami k\u00f6rbe-k\u00f6rbe megy. \u00cdgy b\u00facs\u00fa k\u00e9ppen felsz\u00edvtuk magunkat m\u00e9g egy menetre&#8230;<\/p>\n","protected":false},"excerpt":{"rendered":"<p>Kid\u00fclled a nyakamon az \u00e9r, alig b\u00edrom visszanyelni az adrenalin-l\u00f6ketet. Izzad a tenyerem, megfesz\u00fcl minden izmom. Mint a pr\u00e9d\u00e1ra les\u0151 vad\u00e1sz, csak apr\u00f3 leveg\u0151ket veszek. Csenget\u00e9s! Ez a jel, indul a visszasz\u00e1ml\u00e1l\u00e1s. Mindj\u00e1rt meg\u00e1ll \u00e9s akkor fut\u00e1s! Egy l\u00f6k\u00e9s ide, &hellip; <a href=\"https:\/\/agria.hu\/bdioda\/2011\/05\/30\/korhinta-kozelharc-2\/\">Egy kattint\u00e1s ide a folytat\u00e1shoz&#8230;. <span class=\"meta-nav\">&rarr;<\/span><\/a><\/p>\n","protected":false},"author":59,"featured_media":0,"comment_status":"open","ping_status":"open","sticky":false,"template":"","format":"standard","meta":{"footnotes":""},"categories":[4,3,1],"tags":[],"class_list":["post-211","post","type-post","status-publish","format-standard","hentry","category-csaladi-sztori","category-gyerekes-nezopontbol","category-nincs-kategorizalva"],"_links":{"self":[{"href":"https:\/\/agria.hu\/bdioda\/wp-json\/wp\/v2\/posts\/211","targetHints":{"allow":["GET"]}}],"collection":[{"href":"https:\/\/agria.hu\/bdioda\/wp-json\/wp\/v2\/posts"}],"about":[{"href":"https:\/\/agria.hu\/bdioda\/wp-json\/wp\/v2\/types\/post"}],"author":[{"embeddable":true,"href":"https:\/\/agria.hu\/bdioda\/wp-json\/wp\/v2\/users\/59"}],"replies":[{"embeddable":true,"href":"https:\/\/agria.hu\/bdioda\/wp-json\/wp\/v2\/comments?post=211"}],"version-history":[{"count":5,"href":"https:\/\/agria.hu\/bdioda\/wp-json\/wp\/v2\/posts\/211\/revisions"}],"predecessor-version":[{"id":818,"href":"https:\/\/agria.hu\/bdioda\/wp-json\/wp\/v2\/posts\/211\/revisions\/818"}],"wp:attachment":[{"href":"https:\/\/agria.hu\/bdioda\/wp-json\/wp\/v2\/media?parent=211"}],"wp:term":[{"taxonomy":"category","embeddable":true,"href":"https:\/\/agria.hu\/bdioda\/wp-json\/wp\/v2\/categories?post=211"},{"taxonomy":"post_tag","embeddable":true,"href":"https:\/\/agria.hu\/bdioda\/wp-json\/wp\/v2\/tags?post=211"}],"curies":[{"name":"wp","href":"https:\/\/api.w.org\/{rel}","templated":true}]}}