{"id":14,"date":"2010-12-29T15:52:15","date_gmt":"2010-12-29T15:52:15","guid":{"rendered":"https:\/\/agria.hu\/bdioda\/?p=14"},"modified":"2011-01-22T17:07:47","modified_gmt":"2011-01-22T17:07:47","slug":"vigantol-helyett-ersekkert-2","status":"publish","type":"post","link":"https:\/\/agria.hu\/bdioda\/2010\/12\/29\/vigantol-helyett-ersekkert-2\/","title":{"rendered":"Vigantol helyett \u00c9rsekkert"},"content":{"rendered":"<div class=\"fblikebutton_button\" style=\"float: right; margin-left: 10px;\"><iframe src=\"http:\/\/www.facebook.com\/plugins\/like.php?href=https%3A%2F%2Fagria.hu%2Fbdioda%2F2010%2F12%2F29%2Fvigantol-helyett-ersekkert-2%2F&amp;layout=standard&amp;show-faces=false&amp;width=450&amp;action=recommend&amp;colorscheme=dark\" scrolling=\"no\" frameborder=\"0\" allowTransparency=\"true\" style=\"border:none; overflow:hidden; width:450px; height:26px\"><\/iframe><\/div>\n<p><span style=\"font-size: small\"><\/p>\n<p style=\"text-align: justify\">Sosem s\u00e9t\u00e1ltam a cselekv\u00e9s kedv\u00e9\u00e9rt mag\u00e1\u00e9rt. Miel\u0151tt a gyerekeim megsz\u00fclettek, mindig volt valami c\u00e9lpontja is a gyalogszerrel val\u00f3 k\u00f6zleked\u00e9snek, k\u00e9t \u00e9ve azonban \u00e1tmin\u0151s\u00fcltem &#8222;minden nap k\u00f6telez\u0151en gyereket leveg\u0151ztet\u0151, ez\u00e1ltal rendszeres s\u00e9t\u00e1l\u00f3&#8221; egy\u00e9nn\u00e9.<\/p>\n<p style=\"text-align: justify\">Minden anyuka tudja, milyen \u00e9rz\u00e9s kiszabadulni a n\u00e9gy fal k\u00f6z\u00fcl, mi t\u00f6bb haladni valamerre. Felszabad\u00edt\u00f3. Mivel ut\u00f3dainkat nem szmogsz\u00edv\u00e1sra cipelj\u00fck a nagyvil\u00e1gba, az \u00e9n s\u00e9tahelysz\u00ednem is t\u00f6bbnyire <strong>az \u00c9rsekkert<\/strong>.<strong> Eger egyik leggy\u00f6ny\u00f6r\u0171bb k\u00f6rnyezete<\/strong>, szuper j\u00e1tsz\u00f3t\u00e9r, romantikus tavacska, f\u0171, fa, esetenk\u00e9nt vir\u00e1g, minden van itt, ami babaleveg\u0151ztet\u00e9shez kell, <strong>m\u00e9gis n\u00e9ha hal\u00e1losan tudom unni&#8230;<\/strong> F\u0151leg akkor megy r\u00e9szemr\u0151l ny\u00f6gvenyel\u0151sen a galopp (a kisfiam m\u00e1r ebben a temp\u00f3ban k\u00f6zlekedik, ha nincs \u00e9pp h\u00f3akad\u00e1ly, ami az \u0151 eset\u00e9ben 10 centis kupacot jelent), ha ny\u00e1lk\u00e1s, es\u0151s az id\u0151, a szembej\u00f6v\u0151 emberek m\u00e9lab\u00fasak. Na, <strong>de ma v\u00e9gre ism\u00e9t \u00e9lveztem az \u00e9rsekkerti s\u00e9t\u00e1t!<\/strong><\/p>\n<p style=\"text-align: justify\"><strong>Egert a 2010-es \u00e9v utols\u00f3 szerd\u00e1ja csill\u00e1ml\u00f3 naps\u00fct\u00e9ssel aj\u00e1nd\u00e9kozta meg<\/strong>, b\u00e1r hideg volt, a ropog\u00f3s h\u00f3r\u00f3l visszaver\u0151d\u0151 f\u00e9ny\u00e1r tavaszi vid\u00e1ms\u00e1got hozott az \u00c9rsekkertbe. A p\u00e1r napja h\u00f3t\u00f3l m\u00e9lab\u00fasan roskadoz\u00f3 f\u00e1k mintha ma d\u00edszt viseltek volna teher helyett. Fantaszikus volt! Csal\u00e1di s\u00e9t\u00e1t tett\u00fcnk n\u00e9gyesben, m\u00e9g Apa is \u00e9lvezte, pedig az \u0151 h\u00e1ts\u00f3j\u00e1hoz \u00fagy tapad a kocsi, mint csib\u00e9hez a toj\u00e1sh\u00e9j.<\/p>\n<p style=\"text-align: justify\">M\u00e1skor a gondolata is borzong\u00e1ssal t\u00f6lt el a h\u00f3ban val\u00f3 hemperg\u00e9snek, most felszabadultan j\u00e1tszottam \u00e9n is k\u00e9t\u00e9vesemmel. Vitt\u00fcnk sz\u00e1nk\u00f3t, a csemet\u00e9k h\u00fazatt\u00e1k is magukat eleget &#8211; <strong>nesze neked anya, apa, itt a fitnesszprogram!<\/strong> Persze a j\u00e1tsz\u00f3t\u00e9rn\u00e9l leragadtunk, mint mindig, de most m\u00e9g \u00e9n is viccesnek tal\u00e1ltam a h\u00f3lepelbe burkol\u00f3zott eszk\u00f6z\u00f6k alternat\u00edv kihaszn\u00e1l\u00e1s\u00e1t.<\/p>\n<p style=\"text-align: justify\">Im\u00e1dtam, hogy s\u00fct a nap! <strong>Megnyugodott anyai sz\u00edvem, a k\u00f6lk\u00f6k mai D-vitamin ell\u00e1t\u00e1sa rendezve.<\/strong> Az elm\u00falt h\u00e1rom h\u00f3napban ugyanis ez igencsak nyugtalan\u00edtott, mivel a D-vitamin-p\u00f3tl\u00e1sra alkalmazott Vigantol nev\u0171 szert Egerben lehetetlen volt beszerezni. Kar\u00e1csony el\u0151tt feladtam a dolgot, meguntam a gy\u00f3gyszert\u00e1rak hasztalan l\u00e1togat\u00e1s\u00e1t, kerestem alternat\u00edv m\u00f3dszert (multivitamin, tablett\u00e1s megold\u00e1s) a cseppek helyett. Hossz\u00fa ideje ma volt az els\u0151 nap, hogy nem r\u00e1g\u00f3dtam azon, hogyan p\u00f3tlom a sz\u00fcks\u00e9ges szert.<\/p>\n<blockquote>\n<p style=\"text-align: justify\">A Vigantol csepp a csecsem\u0151k D-vitamin p\u00f3tl\u00e1s\u00e1ra szolg\u00e1l\u00f3 k\u00e9sz\u00edtm\u00e9ny, Magyarorsz\u00e1gon minden 2 \u00e9v alatti gyermeknek fel\u00edrj\u00e1k a h\u00e1ziorvosok, mivel a csontok n\u00f6veked\u00e9s\u00e9hez n\u00e9lk\u00fcl\u00f6zhetetlen. Az ut\u00f3bbi id\u0151ben hi\u00e1nyzott a gy\u00f3gyszert\u00e1rak polcair\u00f3l c\u00edmk\u00e9z\u00e9si hiba \u00e9s a pipett\u00e1s kiszerel\u00e9sben tal\u00e1lt idegen anyag miatt. Nem tudom, m\u00e1s anyuk\u00e1k hogyan \u00e9lt\u00e9k meg, de <strong>\u00e9n m\u00e1r r\u00e9m\u00e1lmaimban l\u00e1ttam, betegek lesznek a gyerekeim, mert nem tudok Vigantolt szerezni<\/strong>. \u00c1ll\u00edt\u00f3lag k\u00fclf\u00f6ldr\u0151l \u00e9rkezik p\u00f3tl\u00e1s, de nekem id\u00e9n m\u00e1r nincs idegrendszerem az egri ell\u00e1t\u00e1st ellen\u0151rizni.<\/p>\n<\/blockquote>\n<p style=\"text-align: justify\">\u00c9lveztem ma a s\u00e9t\u00e1t, nem akartam &#8222;c\u00e9lpontot&#8221;, nem \u00e9reztem sz\u00fcks\u00e9g\u00e9t, hogy meg\u00e9rkezzek valahov\u00e1. J\u00f3l esett az \u00c9rsekkertben barangolni, j\u00e1tszani, tetszett, hogy l\u00e9pten-nyomon fot\u00f3z\u00f3 emberekbe botlottunk (nem csak engem ihletett meg a napf\u00e9ny \ud83d\ude42 ). Az \u00e9v utols\u00f3 napjai m\u00e9g \u00edg\u00e9rnek n\u00e9h\u00e1ny havasan szikr\u00e1z\u00f3 \u00f3r\u00e1t, <strong>mindenkinek aj\u00e1nlom, tegyen egy k\u00f6rt az \u00c9rsekkertben csak \u00fagy, a s\u00e9ta kedv\u00e9\u00e9rt!<\/strong><\/p>\n<p style=\"text-align: justify\">J\u00f3, hogy van Egerben egy hely, ahol biztons\u00e1gban, csupa sz\u00e9ps\u00e9ggel k\u00f6r\u00fclv\u00e9ve begy\u0171jthetj\u00fck a D-vitamint&#8230;<\/p>\n<p><\/span><\/p>\n","protected":false},"excerpt":{"rendered":"<p>Sosem s\u00e9t\u00e1ltam a cselekv\u00e9s kedv\u00e9\u00e9rt mag\u00e1\u00e9rt. Miel\u0151tt a gyerekeim megsz\u00fclettek, mindig volt valami c\u00e9lpontja is a gyalogszerrel val\u00f3 k\u00f6zleked\u00e9snek, k\u00e9t \u00e9ve azonban \u00e1tmin\u0151s\u00fcltem &#8222;minden nap k\u00f6telez\u0151en gyereket leveg\u0151ztet\u0151, ez\u00e1ltal rendszeres s\u00e9t\u00e1l\u00f3&#8221; egy\u00e9nn\u00e9. Minden anyuka tudja, milyen \u00e9rz\u00e9s kiszabadulni a n\u00e9gy &hellip; <a href=\"https:\/\/agria.hu\/bdioda\/2010\/12\/29\/vigantol-helyett-ersekkert-2\/\">Egy kattint\u00e1s ide a folytat\u00e1shoz&#8230;. <span class=\"meta-nav\">&rarr;<\/span><\/a><\/p>\n","protected":false},"author":59,"featured_media":0,"comment_status":"open","ping_status":"open","sticky":false,"template":"","format":"standard","meta":{"footnotes":""},"categories":[3,1],"tags":[],"class_list":["post-14","post","type-post","status-publish","format-standard","hentry","category-gyerekes-nezopontbol","category-nincs-kategorizalva"],"_links":{"self":[{"href":"https:\/\/agria.hu\/bdioda\/wp-json\/wp\/v2\/posts\/14","targetHints":{"allow":["GET"]}}],"collection":[{"href":"https:\/\/agria.hu\/bdioda\/wp-json\/wp\/v2\/posts"}],"about":[{"href":"https:\/\/agria.hu\/bdioda\/wp-json\/wp\/v2\/types\/post"}],"author":[{"embeddable":true,"href":"https:\/\/agria.hu\/bdioda\/wp-json\/wp\/v2\/users\/59"}],"replies":[{"embeddable":true,"href":"https:\/\/agria.hu\/bdioda\/wp-json\/wp\/v2\/comments?post=14"}],"version-history":[{"count":3,"href":"https:\/\/agria.hu\/bdioda\/wp-json\/wp\/v2\/posts\/14\/revisions"}],"predecessor-version":[{"id":16,"href":"https:\/\/agria.hu\/bdioda\/wp-json\/wp\/v2\/posts\/14\/revisions\/16"}],"wp:attachment":[{"href":"https:\/\/agria.hu\/bdioda\/wp-json\/wp\/v2\/media?parent=14"}],"wp:term":[{"taxonomy":"category","embeddable":true,"href":"https:\/\/agria.hu\/bdioda\/wp-json\/wp\/v2\/categories?post=14"},{"taxonomy":"post_tag","embeddable":true,"href":"https:\/\/agria.hu\/bdioda\/wp-json\/wp\/v2\/tags?post=14"}],"curies":[{"name":"wp","href":"https:\/\/api.w.org\/{rel}","templated":true}]}}