{"id":118,"date":"2011-02-23T22:39:38","date_gmt":"2011-02-23T22:39:38","guid":{"rendered":"https:\/\/agria.hu\/bdioda\/?p=118"},"modified":"2013-05-05T16:42:38","modified_gmt":"2013-05-05T16:42:38","slug":"kezdodik-az-ovi-mustra","status":"publish","type":"post","link":"https:\/\/agria.hu\/bdioda\/2011\/02\/23\/kezdodik-az-ovi-mustra\/","title":{"rendered":"Kezd\u0151dik az ovi-mustra!"},"content":{"rendered":"<div class=\"fblikebutton_button\" style=\"float: right; margin-left: 10px;\"><iframe src=\"http:\/\/www.facebook.com\/plugins\/like.php?href=https%3A%2F%2Fagria.hu%2Fbdioda%2F2011%2F02%2F23%2Fkezdodik-az-ovi-mustra%2F&amp;layout=standard&amp;show-faces=false&amp;width=450&amp;action=recommend&amp;colorscheme=dark\" scrolling=\"no\" frameborder=\"0\" allowTransparency=\"true\" style=\"border:none; overflow:hidden; width:450px; height:26px\"><\/iframe><\/div>\n<p>\u00a0<\/p>\n<p style=\"text-align: justify\">Holnap oviba megy\u00fcnk! Igaz, csak egy \u00f3r\u00e1csk\u00e1nyi l\u00e1togat\u00e1st tesz\u00fcnk, de erre az alkalomra v\u00e1runk m\u00e1r r\u00e9g\u00f3ta. Kisfiam csak okt\u00f3berben lesz 3 \u00e9ves, de a be\u00edratkoz\u00e1s ideje valamikor tavasszal van, el\u0151tte -azaz pl. holnap- pedig a ny\u00edlt napok.<\/p>\n<p style=\"text-align: justify\">Egy anyuka figyelmezetett, n\u00e9zzek k\u00f6r\u00fcl id\u0151ben, l\u00e1togassunk el az \u00f3vodai ny\u00edlt napokra, hiszen van v\u00e1laszt\u00e9k Egerben b\u0151ven. \u00c9n meg fr\u00e1szolok hetek \u00f3ta, nehogy lemaradjunk az int\u00e9zm\u00e9nyi mustr\u00e1r\u00f3l!\u00a0 Emiatt fizettem el\u0151 a v\u00e1ros egyetlen napilapj\u00e1ra!<br \/>\nA H\u00edrlapot eddig sem tartottam -a sz\u00e1momra- fontos inform\u00e1ci\u00f3k t\u00e1rh\u00e1z\u00e1nak, de most v\u00e9gk\u00e9pp kiakasztott, hogy mi a csud\u00e1\u00e9rt nem f\u00e9rt el egy r\u00f6pk\u00e9ben az a program, hogy 2011.02.24-\u00e9n be lehet kukucsk\u00e1lni a K\u00f6zt\u00e1rsas\u00e1g t\u00e9ri Gyermekkert \u00d3voda Z\u00f6ld Liget Tag\u00f3voda \u00e9let\u00e9be?! Na, j\u00f3, bel\u00e1tom, ez \u00edgy t\u00fal hossz\u00fa&#8230; De akkor mi\u00e9rt nem szerepelt egy lista a ny\u00edlt napokr\u00f3l az EKVI, azaz az Egri K\u00f6zszolg\u00e1ltat\u00e1sok V\u00e1rosi Int\u00e9zm\u00e9nye honlapj\u00e1n (seg\u00edtek, ez a veszeger.hu), vagy hovatov\u00e1bb az eger.hu-n? Egy kis keretesben helyet kaphatott volna az Egri Magazinban is (v\u00e9g\u00fclis t\u00f6k mindegy, az Egri Magazin nem j\u00e1r a v\u00e1ros sz\u00e9l\u00e9n \u00e9l\u0151knek -\u00edgy nekem sem-, netezni pedig csak r\u00f6vid ideig tudok -mivel sebtiben k\u00f6zbel\u00e9pnek a gyerekeim-, inform\u00e1ci\u00f3t csak akkor kapok innen, ha az k\u00f6nnyen el\u00e9rhet\u0151).<\/p>\n<p style=\"text-align: justify\">F\u00e9lre\u00e9rt\u00e9s ne ess\u00e9k, nem a konkr\u00e9t holnapi ny\u00edlt nap miatt h\u00e1borgok, hanem az\u00e9rt, mert a t\u00e9ma nem szerepelt sehol! Ut\u00e1lom az &#8222;ez meg ez VOLT&#8221; mondatokat a rendezv\u00e9nyekr\u0151l sz\u00f3l\u00f3 h\u00edrekben. Nekem az ilyen t\u00e9m\u00e1kn\u00e1l nem az a fontos, hogy mi volt, hanem ami lesz&#8230;<br \/>\n\u00c9s hogy tudtam meg v\u00e9g\u00fcl a holnapi id\u0151pontot? Annyira zaklatott m\u00e1r az inform\u00e1ci\u00f3 hi\u00e1nya, hogy \u00edrtam egy e-mailt az ovinak. Az \u00f3vodavezet\u0151 kedvesen v\u00e1laszolt, meg\u00edrta a be\u00edratkoz\u00e1s \u00e9s a ny\u00edlt napok idej\u00e9t. (Meglepett, mennyire k\u00e9szs\u00e9gesen seg\u00edtett, amit ez\u00faton is k\u00f6sz\u00f6n\u00f6k!) A napokban m\u00e1s ovik fel\u00e9 is megeresztek egy elektronikus levelet. \u00dagy l\u00e1tszik, ha Egerben valaki meg akar tudni valamit, -mint a mes\u00e9ben- j\u00e1rjon ut\u00e1na&#8230;<\/p>\n","protected":false},"excerpt":{"rendered":"<p>\u00a0 Holnap oviba megy\u00fcnk! Igaz, csak egy \u00f3r\u00e1csk\u00e1nyi l\u00e1togat\u00e1st tesz\u00fcnk, de erre az alkalomra v\u00e1runk m\u00e1r r\u00e9g\u00f3ta. Kisfiam csak okt\u00f3berben lesz 3 \u00e9ves, de a be\u00edratkoz\u00e1s ideje valamikor tavasszal van, el\u0151tte -azaz pl. holnap- pedig a ny\u00edlt napok. Egy anyuka &hellip; <a href=\"https:\/\/agria.hu\/bdioda\/2011\/02\/23\/kezdodik-az-ovi-mustra\/\">Egy kattint\u00e1s ide a folytat\u00e1shoz&#8230;. <span class=\"meta-nav\">&rarr;<\/span><\/a><\/p>\n","protected":false},"author":59,"featured_media":0,"comment_status":"open","ping_status":"open","sticky":false,"template":"","format":"standard","meta":{"footnotes":""},"categories":[3,1,16],"tags":[],"class_list":["post-118","post","type-post","status-publish","format-standard","hentry","category-gyerekes-nezopontbol","category-nincs-kategorizalva","category-okoskodos-megmondos"],"_links":{"self":[{"href":"https:\/\/agria.hu\/bdioda\/wp-json\/wp\/v2\/posts\/118","targetHints":{"allow":["GET"]}}],"collection":[{"href":"https:\/\/agria.hu\/bdioda\/wp-json\/wp\/v2\/posts"}],"about":[{"href":"https:\/\/agria.hu\/bdioda\/wp-json\/wp\/v2\/types\/post"}],"author":[{"embeddable":true,"href":"https:\/\/agria.hu\/bdioda\/wp-json\/wp\/v2\/users\/59"}],"replies":[{"embeddable":true,"href":"https:\/\/agria.hu\/bdioda\/wp-json\/wp\/v2\/comments?post=118"}],"version-history":[{"count":11,"href":"https:\/\/agria.hu\/bdioda\/wp-json\/wp\/v2\/posts\/118\/revisions"}],"predecessor-version":[{"id":829,"href":"https:\/\/agria.hu\/bdioda\/wp-json\/wp\/v2\/posts\/118\/revisions\/829"}],"wp:attachment":[{"href":"https:\/\/agria.hu\/bdioda\/wp-json\/wp\/v2\/media?parent=118"}],"wp:term":[{"taxonomy":"category","embeddable":true,"href":"https:\/\/agria.hu\/bdioda\/wp-json\/wp\/v2\/categories?post=118"},{"taxonomy":"post_tag","embeddable":true,"href":"https:\/\/agria.hu\/bdioda\/wp-json\/wp\/v2\/tags?post=118"}],"curies":[{"name":"wp","href":"https:\/\/api.w.org\/{rel}","templated":true}]}}