{"id":109,"date":"2011-02-21T15:31:03","date_gmt":"2011-02-21T15:31:03","guid":{"rendered":"https:\/\/agria.hu\/bdioda\/?p=109"},"modified":"2013-05-05T16:42:45","modified_gmt":"2013-05-05T16:42:45","slug":"vegyel-be-gyogyszert","status":"publish","type":"post","link":"https:\/\/agria.hu\/bdioda\/2011\/02\/21\/vegyel-be-gyogyszert\/","title":{"rendered":"Vegy\u00e9l be gy\u00f3gyszert!"},"content":{"rendered":"<div class=\"fblikebutton_button\" style=\"float: right; margin-left: 10px;\"><iframe src=\"http:\/\/www.facebook.com\/plugins\/like.php?href=https%3A%2F%2Fagria.hu%2Fbdioda%2F2011%2F02%2F21%2Fvegyel-be-gyogyszert%2F&amp;layout=standard&amp;show-faces=false&amp;width=450&amp;action=recommend&amp;colorscheme=dark\" scrolling=\"no\" frameborder=\"0\" allowTransparency=\"true\" style=\"border:none; overflow:hidden; width:450px; height:26px\"><\/iframe><\/div>\n<div><span style=\"font-size: small\">\u00a0<\/span><\/div>\n<div><span style=\"font-size: small\"><\/span><\/div>\n<p><span style=\"font-size: small\"><\/p>\n<p style=\"text-align: justify\">K\u00e9t \u00e9ves kisfiam kedvenc -sz\u00fclei \u00e1ltal kev\u00e9ss\u00e9 t\u00e1mogatott- elfoglalts\u00e1ga m\u00e1sok \u00fctlegel\u00e9se a legk\u00fcl\u00f6nb\u00f6z\u0151bb t\u00e1rgyakkal. Az \u00e1ltala &#8222;megkalap\u00e1csol\u00e1snak&#8221; nevezett tev\u00e9kenys\u00e9get \u00e1ltal\u00e1ban kik\u00f6vetelt bocs\u00e1natk\u00e9r\u00e9s, puszi, ellenkez\u0151 esetben b\u00fcnti k\u00f6veti.<\/p>\n<p style=\"text-align: justify\">A minap a r\u00e1 \u00e9s kishug\u00e1ra vigy\u00e1z\u00f3 Szomsz\u00e9dl\u00e1ny t\u00e9rd\u00e9t p\u00fcf\u00f6lte meg egy j\u00e1t\u00e9kkal.<\/p>\n<p style=\"text-align: justify\">&#8211; Na, Oli, ez f\u00e1j! K\u00e9rlek, ne csin\u00e1ld! &#8211; jajdult fel az \u00e1ldozat, mire a kisfiam megb\u00e1n\u00e1st cs\u00f6ppet sem sz\u00ednlelve megr\u00e1ntotta a v\u00e1ll\u00e1t \u00e9s flegm\u00e1n odav\u00e1gta:<\/p>\n<p style=\"text-align: justify\">&#8211; Vegy\u00e9l be gy\u00f3gyszert!<\/p>\n<p>\u00a0<\/p>\n<p><\/span><\/p>\n","protected":false},"excerpt":{"rendered":"<p>\u00a0 K\u00e9t \u00e9ves kisfiam kedvenc -sz\u00fclei \u00e1ltal kev\u00e9ss\u00e9 t\u00e1mogatott- elfoglalts\u00e1ga m\u00e1sok \u00fctlegel\u00e9se a legk\u00fcl\u00f6nb\u00f6z\u0151bb t\u00e1rgyakkal. Az \u00e1ltala &#8222;megkalap\u00e1csol\u00e1snak&#8221; nevezett tev\u00e9kenys\u00e9get \u00e1ltal\u00e1ban kik\u00f6vetelt bocs\u00e1natk\u00e9r\u00e9s, puszi, ellenkez\u0151 esetben b\u00fcnti k\u00f6veti. A minap a r\u00e1 \u00e9s kishug\u00e1ra vigy\u00e1z\u00f3 Szomsz\u00e9dl\u00e1ny t\u00e9rd\u00e9t p\u00fcf\u00f6lte meg egy &hellip; <a href=\"https:\/\/agria.hu\/bdioda\/2011\/02\/21\/vegyel-be-gyogyszert\/\">Egy kattint\u00e1s ide a folytat\u00e1shoz&#8230;. <span class=\"meta-nav\">&rarr;<\/span><\/a><\/p>\n","protected":false},"author":59,"featured_media":0,"comment_status":"open","ping_status":"open","sticky":false,"template":"","format":"standard","meta":{"footnotes":""},"categories":[4,1,17],"tags":[],"class_list":["post-109","post","type-post","status-publish","format-standard","hentry","category-csaladi-sztori","category-nincs-kategorizalva","category-roppencsek"],"_links":{"self":[{"href":"https:\/\/agria.hu\/bdioda\/wp-json\/wp\/v2\/posts\/109","targetHints":{"allow":["GET"]}}],"collection":[{"href":"https:\/\/agria.hu\/bdioda\/wp-json\/wp\/v2\/posts"}],"about":[{"href":"https:\/\/agria.hu\/bdioda\/wp-json\/wp\/v2\/types\/post"}],"author":[{"embeddable":true,"href":"https:\/\/agria.hu\/bdioda\/wp-json\/wp\/v2\/users\/59"}],"replies":[{"embeddable":true,"href":"https:\/\/agria.hu\/bdioda\/wp-json\/wp\/v2\/comments?post=109"}],"version-history":[{"count":6,"href":"https:\/\/agria.hu\/bdioda\/wp-json\/wp\/v2\/posts\/109\/revisions"}],"predecessor-version":[{"id":117,"href":"https:\/\/agria.hu\/bdioda\/wp-json\/wp\/v2\/posts\/109\/revisions\/117"}],"wp:attachment":[{"href":"https:\/\/agria.hu\/bdioda\/wp-json\/wp\/v2\/media?parent=109"}],"wp:term":[{"taxonomy":"category","embeddable":true,"href":"https:\/\/agria.hu\/bdioda\/wp-json\/wp\/v2\/categories?post=109"},{"taxonomy":"post_tag","embeddable":true,"href":"https:\/\/agria.hu\/bdioda\/wp-json\/wp\/v2\/tags?post=109"}],"curies":[{"name":"wp","href":"https:\/\/api.w.org\/{rel}","templated":true}]}}