{"id":105,"date":"2011-02-21T15:30:05","date_gmt":"2011-02-21T15:30:05","guid":{"rendered":"https:\/\/agria.hu\/bdioda\/?p=105"},"modified":"2011-02-21T15:32:48","modified_gmt":"2011-02-21T15:32:48","slug":"prevent-cd-a-liszterzekeny-anyukak-remenye","status":"publish","type":"post","link":"https:\/\/agria.hu\/bdioda\/2011\/02\/21\/prevent-cd-a-liszterzekeny-anyukak-remenye\/","title":{"rendered":"Prevent Cd, a liszt\u00e9rz\u00e9keny anyuk\u00e1k rem\u00e9nye"},"content":{"rendered":"<div class=\"fblikebutton_button\" style=\"float: right; margin-left: 10px;\"><iframe src=\"http:\/\/www.facebook.com\/plugins\/like.php?href=https%3A%2F%2Fagria.hu%2Fbdioda%2F2011%2F02%2F21%2Fprevent-cd-a-liszterzekeny-anyukak-remenye%2F&amp;layout=standard&amp;show-faces=false&amp;width=450&amp;action=recommend&amp;colorscheme=dark\" scrolling=\"no\" frameborder=\"0\" allowTransparency=\"true\" style=\"border:none; overflow:hidden; width:450px; height:26px\"><\/iframe><\/div>\n<p style=\"text-align: justify\">\nA m\u00e1r kialakult liszt\u00e9rz\u00e9kenys\u00e9g jelenleg nem gy\u00f3gy\u00edthat\u00f3. A kezel\u00e9st a glut\u00e9nt tartalmaz\u00f3 \u00e9lelmiszerek teljes megvon\u00e1sa jelenti. Tiltott a b\u00faza, rozs, \u00e1rpa, mal\u00e1ta is. Nem \u00e9rdemes sorolni, mi minden tartalmaz glut\u00e9nt, mi az ami tilos, t\u00fal hossz\u00fa a lista&#8230;<\/p>\n<p style=\"text-align: justify\">Az Eur\u00f3pai Uni\u00f3 t\u00e1mogat\u00e1s\u00e1val 2007-ben indult egy nemzetk\u00f6zi program PreventCD n\u00e9ven, aminek keret\u00e9ben vesz\u00e9lyeztetett csecsem\u0151kn\u00e9l \u00e9trendi prevenci\u00f3t alkalmaznak. A bab\u00e1k kis mennyis\u00e9gben glut\u00e9nt kapnak, hogy az immunrendszer\u00fck megtanulja elfogadni azt (ezt a m\u00f3dszert m\u00e1s betegs\u00e9gek kezel\u00e9s\u00e9n\u00e9l m\u00e1r sikerrel alkalmazt\u00e1k). 12 orsz\u00e1g csatlakozott a programhoz, melynek hazai koordin\u00e1tora a Heim P\u00e1l K\u00f3rh\u00e1z Coeliakia Centruma.<\/p>\n<p style=\"text-align: justify\">N\u00e9gy h\u00f3naposan vizsg\u00e1lt\u00e1k meg el\u0151sz\u00f6r a kisfiamat a Heim P\u00e1l K\u00f3rh\u00e1zban, v\u00e9rt vettek, kifaggattak \u00e9s kiokos\u00edtottak. A k\u00f6vetkez\u0151 8 h\u00e9tben minden nap egy kis tasaknyi port kellett a t\u00e1pszer\u00e9be keverve megetetnem vele. (Jobb lett volna, ha anyatejes v\u00e9delemben t\u00f6rt\u00e9nik mindez, de sajnos addigra m\u00e1r egy csepp sem volt.) Hogy mi volt a tasakokban, csak \u00e9vek m\u00falva tudjuk meg. A programban r\u00e9szt vev\u0151 4 h\u00f3napos csecsem\u0151ket ugyanis minden orsz\u00e1gban k\u00e9t csoportra osztj\u00e1k (anon\u00edm m\u00f3don), a gyerekek egyik fele kis mennyis\u00e9g\u0171 glut\u00e9nt kap, m\u00edg a t\u00f6bbiek alkotj\u00e1k kontrollcsoportot.<\/p>\n<p style=\"text-align: justify\">A kutat\u00f3k azt m\u00e1r biztosan tudj\u00e1k, hogy a vesz\u00e9lyeztetett bab\u00e1kn\u00e1l\u00a0 jobb bevezetni a glut\u00e9nt 6 h\u00f3napos kort\u00f3l, mint 1 \u00e9ves kor ut\u00e1n. Most a kutat\u00e1s hipot\u00e9zise az, hogy 4 h\u00f3napos kort\u00f3l tal\u00e1n m\u00e9g jobb. Vesz\u00edteni semmi sem tudunk vele, gondoltam, ak\u00e1rmelyik csoportba is ker\u00fclj\u00fcnk. Hat h\u00f3napos kort\u00f3l egy\u00e9bk\u00e9nt is kezd\u0151dik a tervszer\u0171 glut\u00e9n-bevezet\u00e9s.<\/p>\n<p style=\"text-align: justify\">Amikor Kutyika f\u00e9l \u00e9ves lett, \u00fajabb l\u00e1togat\u00e1st tett\u00fcnk a Coeliakia Centrumban, ahol ism\u00e9t v\u00e9rv\u00e9tel \u00e9s \u00e1ltal\u00e1nos \u00e1llapotfelm\u00e9r\u00e9s v\u00e1rt r\u00e1. Megkaptunk az instrukci\u00f3kat is a k\u00f6vetkez\u0151 3 h\u00f3napra. Adott mennyis\u00e9g\u0171 lisztes \u00e9lelmiszert kell bevezetni az \u00e9trendj\u00e9be, s f\u00f6ljegyezni a tapasztalatokat. A 9, 12 \u00e9s 18 h\u00f3napos kontroll is hasonl\u00f3an zajlott, de egy \u00e9ves kor ut\u00e1n m\u00e1r nem volt mennyis\u00e9gi megk\u00f6t\u00e9s a lisztes \u00e9lelmiszereket illet\u0151en.<\/p>\n<p style=\"text-align: justify\">A kisfiam okt\u00f3berben m\u00falt k\u00e9t \u00e9ves. \u00c9letteli, er\u0151s kisgyerek. Egyel\u0151re nyoma sincs a liszt\u00e9rz\u00e9kenys\u00e9gnek (gyorsan le is kopogom).<\/p>\n<p style=\"text-align: justify\">A f\u00f6nt le\u00edrt utat a kisl\u00e1nyommal j\u00e1rjuk \u00fajra. Sz\u00fclet\u00e9se ut\u00e1n nem sokkal, a k\u00f6ld\u00f6kzsin\u00f3rb\u00f3l vett v\u00e9r vizsg\u00e1lata ut\u00e1n, megtudtuk, hogy \u0151 is \u00f6r\u00f6k\u00f6lt t\u0151lem liszt\u00e9rz\u00e9kenys\u00e9gre hajlamos\u00edt\u00f3 g\u00e9neket. Nemr\u00e9g m\u00falt 1 \u00e9ves, t\u00fal van az eddigi vizsg\u00e1latokon, ma m\u00e1r k\u00e9t pof\u00e1ra t\u00f6mi a kenyeret, a kedvence pedig a ropi.<\/p>\n<p style=\"text-align: justify\">Nem tudom, a gyerekeimn\u00e9l volt-e kedvez\u0151 hat\u00e1sa a glut\u00e9n korai bevezet\u00e9s\u00e9nek, de abban rem\u00e9nykedem, ezzel is cs\u00f6kkentett\u00fck az es\u00e9lyt a betegs\u00e9g kialakul\u00e1s\u00e1ra. Megnyugtat, hogy rendszeres id\u0151k\u00f6z\u00f6nk\u00e9nt ellen\u0151rzik a gyermekeim eg\u00e9szs\u00e9g\u00e9t a hozz\u00e1 \u00e9rt\u0151 orvosok, \u00edgy ha m\u00e9gis lesz probl\u00e9m\u00e1juk, nem fordulhat el\u0151, hogy f\u00e9lrediagnosztiz\u00e1lj\u00e1k \u0151ket, ahogyan anno az \u00f6cs\u00e9met (aki szint\u00e9n liszt\u00e9rz\u00e9keny).<\/p>\n<p style=\"text-align: justify\">Kor\u00e1bban f\u00e9lt\u00fcnk, hogy a proced\u00fara (v\u00e9rv\u00e9telek) megviseli a kicsik lelk\u00e9t, de nem \u00edgy t\u00f6rt\u00e9nt. A fiam k\u00e9t\u00e9ves sz\u00fclet\u00e9snapj\u00e1n s\u00edr\u00e1s n\u00e9lk\u00fcl tartotta a t\u0171 al\u00e1 a kez\u00e9t&#8230;<\/p>\n<p><!--more--><\/p>\n<p><a href=\"http:\/\/www.preventceliacdisease.com\/index.php?option=com_frontpage&amp;Itemid=1\">http:\/\/www.preventceliacdisease.com\/index.php?option=com_frontpage&amp;Itemid=1<\/a><\/p>\n","protected":false},"excerpt":{"rendered":"<p>A m\u00e1r kialakult liszt\u00e9rz\u00e9kenys\u00e9g jelenleg nem gy\u00f3gy\u00edthat\u00f3. A kezel\u00e9st a glut\u00e9nt tartalmaz\u00f3 \u00e9lelmiszerek teljes megvon\u00e1sa jelenti. Tiltott a b\u00faza, rozs, \u00e1rpa, mal\u00e1ta is. Nem \u00e9rdemes sorolni, mi minden tartalmaz glut\u00e9nt, mi az ami tilos, t\u00fal hossz\u00fa a lista&#8230; Az Eur\u00f3pai &hellip; <a href=\"https:\/\/agria.hu\/bdioda\/2011\/02\/21\/prevent-cd-a-liszterzekeny-anyukak-remenye\/\">Egy kattint\u00e1s ide a folytat\u00e1shoz&#8230;. <span class=\"meta-nav\">&rarr;<\/span><\/a><\/p>\n","protected":false},"author":59,"featured_media":0,"comment_status":"open","ping_status":"open","sticky":false,"template":"","format":"standard","meta":{"footnotes":""},"categories":[5,1],"tags":[],"class_list":["post-105","post","type-post","status-publish","format-standard","hentry","category-liszterzekeny-vagyok-de-nem-ez-hataroz-meg","category-nincs-kategorizalva"],"_links":{"self":[{"href":"https:\/\/agria.hu\/bdioda\/wp-json\/wp\/v2\/posts\/105","targetHints":{"allow":["GET"]}}],"collection":[{"href":"https:\/\/agria.hu\/bdioda\/wp-json\/wp\/v2\/posts"}],"about":[{"href":"https:\/\/agria.hu\/bdioda\/wp-json\/wp\/v2\/types\/post"}],"author":[{"embeddable":true,"href":"https:\/\/agria.hu\/bdioda\/wp-json\/wp\/v2\/users\/59"}],"replies":[{"embeddable":true,"href":"https:\/\/agria.hu\/bdioda\/wp-json\/wp\/v2\/comments?post=105"}],"version-history":[{"count":4,"href":"https:\/\/agria.hu\/bdioda\/wp-json\/wp\/v2\/posts\/105\/revisions"}],"predecessor-version":[{"id":114,"href":"https:\/\/agria.hu\/bdioda\/wp-json\/wp\/v2\/posts\/105\/revisions\/114"}],"wp:attachment":[{"href":"https:\/\/agria.hu\/bdioda\/wp-json\/wp\/v2\/media?parent=105"}],"wp:term":[{"taxonomy":"category","embeddable":true,"href":"https:\/\/agria.hu\/bdioda\/wp-json\/wp\/v2\/categories?post=105"},{"taxonomy":"post_tag","embeddable":true,"href":"https:\/\/agria.hu\/bdioda\/wp-json\/wp\/v2\/tags?post=105"}],"curies":[{"name":"wp","href":"https:\/\/api.w.org\/{rel}","templated":true}]}}